{"id":86203,"date":"2025-03-14T13:24:55","date_gmt":"2025-03-14T17:24:55","guid":{"rendered":"https:\/\/infoelnuevonorte.com\/?p=86203"},"modified":"2025-03-14T13:24:55","modified_gmt":"2025-03-14T17:24:55","slug":"siete-largometrajes-latinoamericanos-compiten-en-malaga-con-rd-como-pais-invitado","status":"publish","type":"post","link":"https:\/\/infoelnuevonorte.com\/?p=86203","title":{"rendered":"Siete largometrajes latinoamericanos compiten en M\u00e1laga, con RD como pa\u00eds invitado"},"content":{"rendered":"\n<p><a href=\"https:\/\/deultimominuto.net\/entretenimiento\/cine-y-series\/\"><\/a><\/p>\n\n\n<div class=\"td_block_wrap tdb_single_content tdi_222 td-pb-border-top td_block_template_1 td-post-content tagdiv-type\" data-td-block-uid=\"tdi_222\">\n<div class=\"tdb-block-inner td-fix-index\">\n<p style=\"text-align: justify;\"><strong>M\u00e1laga.-<\/strong>\u00a0Quince largometrajes espa\u00f1oles y siete latinoamericanos competir\u00e1n en la secci\u00f3n oficial del Festival de Cine en Espa\u00f1ol de M\u00e1laga, que comienza este viernes con la Rep\u00fablica Dominicana como pa\u00eds invitado de honor de esta vig\u00e9sima edici\u00f3n.<\/p>\n<p style=\"text-align: justify;\">La actriz argentina Mercedes Mor\u00e1n preside el jurado, formado por la actriz chilena Daniela Vega y la directora del Festival de Guadalajara (M\u00e9xico), Estrella Araiza, entre otros componentes.<\/p>\n<p style=\"text-align: justify;\">Entre las pel\u00edculas a concurso figuran \u2018Culpa cero\u2019, de Valeria Bertuccelli y Mora Elizalde (Argentina-Espa\u00f1a); \u2018El diablo en el camino\u2019, de Carlos Armella (M\u00e9xico-Francia); \u2018El ladr\u00f3n de perros\u2019, de Vinko Tomi\u010di\u0107 Salinas (Bolivia-Chile-M\u00e9xico-Francia-Italia); y \u2018Violentas mariposas\u2019, de Adolfo D\u00e1vila (M\u00e9xico).<\/p>\n<p style=\"text-align: justify;\">Tambi\u00e9n se proyectar\u00e1n \u2018Una quinta portuguesa\u2019, de Avelina Prat (Espa\u00f1a-Portugal); \u2018La tierra negra\u2019, de Alberto Morais (Espa\u00f1a-Panam\u00e1); \u2018Lo que queda de ti\u2019, de Gala Gracia (Espa\u00f1a-Portugal-Italia), y \u2018Los tortuga\u2019, de Bel\u00e9n Funes (Espa\u00f1a-Chile).<\/p>\n<p style=\"text-align: justify;\">Adem\u00e1s, \u2018Nunca fui a Disney\u2019, de Matilde Tute Vissani (Argentina); \u2018Perros\u2019, de Gerardo Minutti (Uruguay-Argentina); \u2018Ruido\u2019, de Ingride Santos (Espa\u00f1a-M\u00e9xico), y \u2018Sugar Island\u2019, de Johann\u00e9 G\u00f3mez Terrero (Rep\u00fablica Dominicana-Espa\u00f1a).<\/p>\n<p style=\"text-align: justify;\">El actor argentino Guillermo Francella recibir\u00e1 el Premio Retrospectiva, y su compatriota Alejandro Agresti, uno honor\u00edfico.<\/p>\n<p style=\"text-align: justify;\">La secci\u00f3n gastron\u00f3mica del festival, que combina pel\u00edculas con degustaciones de los productos y especialidades que aparecen en ellas, contar\u00e1 con doce documentales -siete largometrajes y cinco cortometrajes- procedentes de Espa\u00f1a, M\u00e9xico, Argentina, Francia y Portugal.<\/p>\n<\/div>\n<\/div>\n<div class=\"td_block_wrap tdb_single_tags tdi_223 td-pb-border-top td_block_template_1\" style=\"text-align: justify;\" data-td-block-uid=\"tdi_223\">\u00a0<\/div>","protected":false},"excerpt":{"rendered":"<p>M\u00e1laga.-\u00a0Quince largometrajes espa\u00f1oles y siete latinoamericanos competir\u00e1n en la secci\u00f3n oficial del Festival de Cine en Espa\u00f1ol de M\u00e1laga, que comienza este viernes con la Rep\u00fablica Dominicana como pa\u00eds invitado de honor de esta vig\u00e9sima edici\u00f3n. La actriz argentina Mercedes Mor\u00e1n preside el jurado, formado por la actriz chilena Daniela Vega y la directora del [&hellip;]<\/p>\n","protected":false},"author":2,"featured_media":0,"comment_status":"closed","ping_status":"open","sticky":false,"template":"","format":"standard","meta":{"footnotes":""},"categories":[71,11],"tags":[],"yoast_head":"<!-- This site is optimized with the Yoast SEO plugin v24.5 - https:\/\/yoast.com\/wordpress\/plugins\/seo\/ -->\n<title>Siete largometrajes latinoamericanos compiten en M\u00e1laga, con RD como pa\u00eds invitado | El Nuevo Norte<\/title>\n<meta name=\"robots\" content=\"index, follow, max-snippet:-1, max-image-preview:large, max-video-preview:-1\" \/>\n<link rel=\"canonical\" href=\"https:\/\/infoelnuevonorte.com\/?p=86203\" \/>\n<meta property=\"og:locale\" content=\"es_ES\" \/>\n<meta property=\"og:type\" content=\"article\" \/>\n<meta property=\"og:title\" content=\"Siete largometrajes latinoamericanos compiten en M\u00e1laga, con RD como pa\u00eds invitado | El Nuevo Norte\" \/>\n<meta property=\"og:description\" content=\"M\u00e1laga.-\u00a0Quince largometrajes espa\u00f1oles y siete latinoamericanos competir\u00e1n en la secci\u00f3n oficial del Festival de Cine en Espa\u00f1ol de M\u00e1laga, que comienza este viernes con la Rep\u00fablica Dominicana como pa\u00eds invitado de honor de esta vig\u00e9sima edici\u00f3n. La actriz argentina Mercedes Mor\u00e1n preside el jurado, formado por la actriz chilena Daniela Vega y la directora del [&hellip;]\" \/>\n<meta property=\"og:url\" content=\"https:\/\/infoelnuevonorte.com\/?p=86203\" \/>\n<meta property=\"og:site_name\" content=\"El Nuevo Norte\" \/>\n<meta property=\"article:publisher\" content=\"https:\/\/www.facebook.com\/infoenn\" \/>\n<meta property=\"article:published_time\" content=\"2025-03-14T17:24:55+00:00\" \/>\n<meta property=\"og:image\" content=\"https:\/\/infoelnuevonorte.com\/wp-content\/uploads\/2025\/07\/logo_2025_con_eslogan-sin-fondo.png\" \/>\n\t<meta property=\"og:image:width\" content=\"651\" \/>\n\t<meta property=\"og:image:height\" content=\"383\" \/>\n\t<meta property=\"og:image:type\" content=\"image\/png\" \/>\n<meta name=\"author\" content=\"T. R.\" \/>\n<meta name=\"twitter:card\" content=\"summary_large_image\" \/>\n<meta name=\"twitter:creator\" content=\"@Elnuevo_norte\" \/>\n<meta name=\"twitter:site\" content=\"@Elnuevo_norte\" \/>\n<meta name=\"twitter:label1\" content=\"Written by\" \/>\n\t<meta name=\"twitter:data1\" content=\"T. R.\" \/>\n\t<meta name=\"twitter:label2\" content=\"Est. reading time\" \/>\n\t<meta name=\"twitter:data2\" content=\"1 minuto\" \/>\n<script type=\"application\/ld+json\" class=\"yoast-schema-graph\">{\"@context\":\"https:\/\/schema.org\",\"@graph\":[{\"@type\":\"Article\",\"@id\":\"https:\/\/infoelnuevonorte.com\/?p=86203#article\",\"isPartOf\":{\"@id\":\"https:\/\/infoelnuevonorte.com\/?p=86203\"},\"author\":{\"name\":\"T. R.\",\"@id\":\"https:\/\/infoelnuevonorte.com\/#\/schema\/person\/3accb35eb55f55e96c492b52d085a403\"},\"headline\":\"Siete largometrajes latinoamericanos compiten en M\u00e1laga, con RD como pa\u00eds invitado\",\"datePublished\":\"2025-03-14T17:24:55+00:00\",\"mainEntityOfPage\":{\"@id\":\"https:\/\/infoelnuevonorte.com\/?p=86203\"},\"wordCount\":272,\"publisher\":{\"@id\":\"https:\/\/infoelnuevonorte.com\/#organization\"},\"articleSection\":[\"Cine\",\"Entretenimiento\"],\"inLanguage\":\"es-DO\"},{\"@type\":\"WebPage\",\"@id\":\"https:\/\/infoelnuevonorte.com\/?p=86203\",\"url\":\"https:\/\/infoelnuevonorte.com\/?p=86203\",\"name\":\"Siete largometrajes latinoamericanos compiten en M\u00e1laga, con RD como pa\u00eds invitado | El Nuevo Norte\",\"isPartOf\":{\"@id\":\"https:\/\/infoelnuevonorte.com\/#website\"},\"datePublished\":\"2025-03-14T17:24:55+00:00\",\"breadcrumb\":{\"@id\":\"https:\/\/infoelnuevonorte.com\/?p=86203#breadcrumb\"},\"inLanguage\":\"es-DO\",\"potentialAction\":[{\"@type\":\"ReadAction\",\"target\":[\"https:\/\/infoelnuevonorte.com\/?p=86203\"]}]},{\"@type\":\"BreadcrumbList\",\"@id\":\"https:\/\/infoelnuevonorte.com\/?p=86203#breadcrumb\",\"itemListElement\":[{\"@type\":\"ListItem\",\"position\":1,\"name\":\"Home\",\"item\":\"https:\/\/infoelnuevonorte.com\/\"},{\"@type\":\"ListItem\",\"position\":2,\"name\":\"Siete largometrajes latinoamericanos compiten en M\u00e1laga, con RD como pa\u00eds invitado\"}]},{\"@type\":\"WebSite\",\"@id\":\"https:\/\/infoelnuevonorte.com\/#website\",\"url\":\"https:\/\/infoelnuevonorte.com\/\",\"name\":\"InfoEnn\",\"description\":\"Tu Voz, tu Verdad, tu Diario!!!\",\"publisher\":{\"@id\":\"https:\/\/infoelnuevonorte.com\/#organization\"},\"alternateName\":\"El Nuevo Norte\",\"potentialAction\":[{\"@type\":\"SearchAction\",\"target\":{\"@type\":\"EntryPoint\",\"urlTemplate\":\"https:\/\/infoelnuevonorte.com\/?s={search_term_string}\"},\"query-input\":{\"@type\":\"PropertyValueSpecification\",\"valueRequired\":true,\"valueName\":\"search_term_string\"}}],\"inLanguage\":\"es-DO\"},{\"@type\":\"Organization\",\"@id\":\"https:\/\/infoelnuevonorte.com\/#organization\",\"name\":\"Info El Nuevo Norte\",\"alternateName\":\"El Nuevo Norte\",\"url\":\"https:\/\/infoelnuevonorte.com\/\",\"logo\":{\"@type\":\"ImageObject\",\"inLanguage\":\"es-DO\",\"@id\":\"https:\/\/infoelnuevonorte.com\/#\/schema\/logo\/image\/\",\"url\":\"https:\/\/infoelnuevonorte.com\/wp-content\/uploads\/2026\/02\/Logo-Info-enn-3d-20ani.jpeg\",\"contentUrl\":\"https:\/\/infoelnuevonorte.com\/wp-content\/uploads\/2026\/02\/Logo-Info-enn-3d-20ani.jpeg\",\"width\":2046,\"height\":736,\"caption\":\"Info El Nuevo Norte\"},\"image\":{\"@id\":\"https:\/\/infoelnuevonorte.com\/#\/schema\/logo\/image\/\"},\"sameAs\":[\"https:\/\/www.facebook.com\/infoenn\",\"https:\/\/x.com\/Elnuevo_norte\",\"https:\/\/www.instagram.com\/infoenn\",\"https:\/\/www.facebook.com\/ENNRD\"]},{\"@type\":\"Person\",\"@id\":\"https:\/\/infoelnuevonorte.com\/#\/schema\/person\/3accb35eb55f55e96c492b52d085a403\",\"name\":\"T. R.\",\"image\":{\"@type\":\"ImageObject\",\"inLanguage\":\"es-DO\",\"@id\":\"https:\/\/infoelnuevonorte.com\/#\/schema\/person\/image\/\",\"url\":\"https:\/\/secure.gravatar.com\/avatar\/40543a038bda97abdb765b1662e9677d?s=96&d=robohash&r=g\",\"contentUrl\":\"https:\/\/secure.gravatar.com\/avatar\/40543a038bda97abdb765b1662e9677d?s=96&d=robohash&r=g\",\"caption\":\"T. R.\"},\"url\":\"https:\/\/infoelnuevonorte.com\/?author=2\"}]}<\/script>\n<!-- \/ Yoast SEO plugin. -->","yoast_head_json":{"title":"Siete largometrajes latinoamericanos compiten en M\u00e1laga, con RD como pa\u00eds invitado | El Nuevo Norte","robots":{"index":"index","follow":"follow","max-snippet":"max-snippet:-1","max-image-preview":"max-image-preview:large","max-video-preview":"max-video-preview:-1"},"canonical":"https:\/\/infoelnuevonorte.com\/?p=86203","og_locale":"es_ES","og_type":"article","og_title":"Siete largometrajes latinoamericanos compiten en M\u00e1laga, con RD como pa\u00eds invitado | El Nuevo Norte","og_description":"M\u00e1laga.-\u00a0Quince largometrajes espa\u00f1oles y siete latinoamericanos competir\u00e1n en la secci\u00f3n oficial del Festival de Cine en Espa\u00f1ol de M\u00e1laga, que comienza este viernes con la Rep\u00fablica Dominicana como pa\u00eds invitado de honor de esta vig\u00e9sima edici\u00f3n. La actriz argentina Mercedes Mor\u00e1n preside el jurado, formado por la actriz chilena Daniela Vega y la directora del [&hellip;]","og_url":"https:\/\/infoelnuevonorte.com\/?p=86203","og_site_name":"El Nuevo Norte","article_publisher":"https:\/\/www.facebook.com\/infoenn","article_published_time":"2025-03-14T17:24:55+00:00","og_image":[{"width":651,"height":383,"url":"https:\/\/infoelnuevonorte.com\/wp-content\/uploads\/2025\/07\/logo_2025_con_eslogan-sin-fondo.png","type":"image\/png"}],"author":"T. R.","twitter_card":"summary_large_image","twitter_creator":"@Elnuevo_norte","twitter_site":"@Elnuevo_norte","twitter_misc":{"Written by":"T. R.","Est. reading time":"1 minuto"},"schema":{"@context":"https:\/\/schema.org","@graph":[{"@type":"Article","@id":"https:\/\/infoelnuevonorte.com\/?p=86203#article","isPartOf":{"@id":"https:\/\/infoelnuevonorte.com\/?p=86203"},"author":{"name":"T. R.","@id":"https:\/\/infoelnuevonorte.com\/#\/schema\/person\/3accb35eb55f55e96c492b52d085a403"},"headline":"Siete largometrajes latinoamericanos compiten en M\u00e1laga, con RD como pa\u00eds invitado","datePublished":"2025-03-14T17:24:55+00:00","mainEntityOfPage":{"@id":"https:\/\/infoelnuevonorte.com\/?p=86203"},"wordCount":272,"publisher":{"@id":"https:\/\/infoelnuevonorte.com\/#organization"},"articleSection":["Cine","Entretenimiento"],"inLanguage":"es-DO"},{"@type":"WebPage","@id":"https:\/\/infoelnuevonorte.com\/?p=86203","url":"https:\/\/infoelnuevonorte.com\/?p=86203","name":"Siete largometrajes latinoamericanos compiten en M\u00e1laga, con RD como pa\u00eds invitado | El Nuevo Norte","isPartOf":{"@id":"https:\/\/infoelnuevonorte.com\/#website"},"datePublished":"2025-03-14T17:24:55+00:00","breadcrumb":{"@id":"https:\/\/infoelnuevonorte.com\/?p=86203#breadcrumb"},"inLanguage":"es-DO","potentialAction":[{"@type":"ReadAction","target":["https:\/\/infoelnuevonorte.com\/?p=86203"]}]},{"@type":"BreadcrumbList","@id":"https:\/\/infoelnuevonorte.com\/?p=86203#breadcrumb","itemListElement":[{"@type":"ListItem","position":1,"name":"Home","item":"https:\/\/infoelnuevonorte.com\/"},{"@type":"ListItem","position":2,"name":"Siete largometrajes latinoamericanos compiten en M\u00e1laga, con RD como pa\u00eds invitado"}]},{"@type":"WebSite","@id":"https:\/\/infoelnuevonorte.com\/#website","url":"https:\/\/infoelnuevonorte.com\/","name":"InfoEnn","description":"Tu Voz, tu Verdad, tu Diario!!!","publisher":{"@id":"https:\/\/infoelnuevonorte.com\/#organization"},"alternateName":"El Nuevo Norte","potentialAction":[{"@type":"SearchAction","target":{"@type":"EntryPoint","urlTemplate":"https:\/\/infoelnuevonorte.com\/?s={search_term_string}"},"query-input":{"@type":"PropertyValueSpecification","valueRequired":true,"valueName":"search_term_string"}}],"inLanguage":"es-DO"},{"@type":"Organization","@id":"https:\/\/infoelnuevonorte.com\/#organization","name":"Info El Nuevo Norte","alternateName":"El Nuevo Norte","url":"https:\/\/infoelnuevonorte.com\/","logo":{"@type":"ImageObject","inLanguage":"es-DO","@id":"https:\/\/infoelnuevonorte.com\/#\/schema\/logo\/image\/","url":"https:\/\/infoelnuevonorte.com\/wp-content\/uploads\/2026\/02\/Logo-Info-enn-3d-20ani.jpeg","contentUrl":"https:\/\/infoelnuevonorte.com\/wp-content\/uploads\/2026\/02\/Logo-Info-enn-3d-20ani.jpeg","width":2046,"height":736,"caption":"Info El Nuevo Norte"},"image":{"@id":"https:\/\/infoelnuevonorte.com\/#\/schema\/logo\/image\/"},"sameAs":["https:\/\/www.facebook.com\/infoenn","https:\/\/x.com\/Elnuevo_norte","https:\/\/www.instagram.com\/infoenn","https:\/\/www.facebook.com\/ENNRD"]},{"@type":"Person","@id":"https:\/\/infoelnuevonorte.com\/#\/schema\/person\/3accb35eb55f55e96c492b52d085a403","name":"T. R.","image":{"@type":"ImageObject","inLanguage":"es-DO","@id":"https:\/\/infoelnuevonorte.com\/#\/schema\/person\/image\/","url":"https:\/\/secure.gravatar.com\/avatar\/40543a038bda97abdb765b1662e9677d?s=96&d=robohash&r=g","contentUrl":"https:\/\/secure.gravatar.com\/avatar\/40543a038bda97abdb765b1662e9677d?s=96&d=robohash&r=g","caption":"T. R."},"url":"https:\/\/infoelnuevonorte.com\/?author=2"}]}},"_links":{"self":[{"href":"https:\/\/infoelnuevonorte.com\/index.php?rest_route=\/wp\/v2\/posts\/86203"}],"collection":[{"href":"https:\/\/infoelnuevonorte.com\/index.php?rest_route=\/wp\/v2\/posts"}],"about":[{"href":"https:\/\/infoelnuevonorte.com\/index.php?rest_route=\/wp\/v2\/types\/post"}],"author":[{"embeddable":true,"href":"https:\/\/infoelnuevonorte.com\/index.php?rest_route=\/wp\/v2\/users\/2"}],"replies":[{"embeddable":true,"href":"https:\/\/infoelnuevonorte.com\/index.php?rest_route=%2Fwp%2Fv2%2Fcomments&post=86203"}],"version-history":[{"count":1,"href":"https:\/\/infoelnuevonorte.com\/index.php?rest_route=\/wp\/v2\/posts\/86203\/revisions"}],"predecessor-version":[{"id":86205,"href":"https:\/\/infoelnuevonorte.com\/index.php?rest_route=\/wp\/v2\/posts\/86203\/revisions\/86205"}],"wp:attachment":[{"href":"https:\/\/infoelnuevonorte.com\/index.php?rest_route=%2Fwp%2Fv2%2Fmedia&parent=86203"}],"wp:term":[{"taxonomy":"category","embeddable":true,"href":"https:\/\/infoelnuevonorte.com\/index.php?rest_route=%2Fwp%2Fv2%2Fcategories&post=86203"},{"taxonomy":"post_tag","embeddable":true,"href":"https:\/\/infoelnuevonorte.com\/index.php?rest_route=%2Fwp%2Fv2%2Ftags&post=86203"}],"curies":[{"name":"wp","href":"https:\/\/api.w.org\/{rel}","templated":true}]}}