{"id":87357,"date":"2025-03-19T21:44:14","date_gmt":"2025-03-20T01:44:14","guid":{"rendered":"https:\/\/infoelnuevonorte.com\/?p=87357"},"modified":"2025-03-19T21:44:16","modified_gmt":"2025-03-20T01:44:16","slug":"vicepresidenta-y-ministro-de-educacion-dejan-iniciado-en-puerto-plata-novedoso-programa-transporte-escolar-trae","status":"publish","type":"post","link":"https:\/\/infoelnuevonorte.com\/?p=87357","title":{"rendered":"Vicepresidenta y ministro de Educaci\u00f3n dejan iniciado en Puerto Plata novedoso programa Transporte Escolar TRAE"},"content":{"rendered":"<!--[if lt IE 9]><script>document.createElement('audio');<\/script><![endif]-->\n<audio class=\"wp-audio-shortcode\" id=\"audio-87357-1\" preload=\"none\" style=\"width: 100%;\" controls=\"controls\"><source type=\"audio\/mpeg\" src=\"https:\/\/infoelnuevonorte.com\/wp-content\/uploads\/2025\/03\/ttsmaker-vip-file-2025-3-19-21-38-16-1.mp3?_=1\" \/><a href=\"https:\/\/infoelnuevonorte.com\/wp-content\/uploads\/2025\/03\/ttsmaker-vip-file-2025-3-19-21-38-16-1.mp3\">https:\/\/infoelnuevonorte.com\/wp-content\/uploads\/2025\/03\/ttsmaker-vip-file-2025-3-19-21-38-16-1.mp3<\/a><\/audio>\n<p style=\"text-align: justify;\"><strong>PUERTO PLATA<\/strong>.- La vicepresidenta de la Rep\u00fablica, Raquel Pe\u00f1a, en compa\u00f1\u00eda del ministro de Educaci\u00f3n, Luis Miguel de Camps Garc\u00eda, entre otras autoridades, dej\u00f3 en servicio en esta provincia atl\u00e1ntica el Sistema Nacional de Transporte Estudiantil (TRAE).<\/p>\n<p style=\"text-align: justify;\">En un acto efectuado la tarde del mi\u00e9rcoles, se explic\u00f3 que el novedoso programa TRAE llega a Puerto Plata con 70 modernos autobuses para beneficiar a 129,600 estudiantes de los todos los municipios que conforma esta jurisdicci\u00f3n, donde ya se han establecido 46 rutas o corredores escolares y 476 paradas de ascenso y descenso.<img loading=\"lazy\" decoding=\"async\" class=\"aligncenter size-full wp-image-87361\" src=\"https:\/\/infoelnuevonorte.com\/wp-content\/uploads\/2025\/03\/WhatsApp-Image-2025-03-19-at-7.01.44-PM2.jpeg\" alt=\"\" width=\"1600\" height=\"1200\" \/><\/p>\n<p style=\"text-align: justify;\">Las unidades vehiculares que dar\u00e1n cobertura de transporte escolar en la provincia Puerto Plata \u201cson nuevecitas de paquete del a\u00f1o 2025\u201d de las cuales hay varias que son el\u00e9ctricas, lo cual permitir\u00e1 al Estado un ahorro por consumo de combustible, est\u00e1n dotadas de aire acondicionado, GPS, c\u00e1maras de 360 grados y cinturones de seguridad.<\/p>\n<p style=\"text-align: justify;\">Los confortables veh\u00edculos para el transporte escolar poseen se\u00f1ales de PARE plegables, sistema contra incendios, pero, adem\u00e1s, est\u00e1n conectados a un modern\u00edsimo centro de control o Plataforma Tecnol\u00f3gica, capaz de seguir y detectar en tiempo real todo lo que ocurre dentro y fuera del autob\u00fas, que han generado 170 nuevos empleos directos de choferes, auxiliares, supervisores y lavadores.<\/p>\n<p style=\"text-align: justify;\">Asimismo, se resalta que todo el personal humano que labora en el TRAE en Puerto Plata, previamente fue evaluado con pruebas psicom\u00e9tricas y antidopajes, en el caso de los choferes debieron aprobar un curso de formaci\u00f3n sobre la Ley 63-17 de Seguridad Vial, manejo defensivo, Relaciones Humanas, Primeros Auxilios y Derechos Humanos.<img loading=\"lazy\" decoding=\"async\" class=\"aligncenter size-full wp-image-87360\" src=\"https:\/\/infoelnuevonorte.com\/wp-content\/uploads\/2025\/03\/WhatsApp-Image-2025-03-19-at-7.01.45-PM.jpeg\" alt=\"\" width=\"1600\" height=\"1200\" \/><\/p>\n<p style=\"text-align: justify;\"><strong>Dato por resaltar<\/strong><\/p>\n<p style=\"text-align: justify;\">Se destaca que, entre los 70 autobuses para el servicio de Transporte Escolar tra\u00eddos a Puerto Plata, se incluy\u00f3 una unidad especial dotada con una rampa de acceso para sillas de ruedas que estar\u00e1 disponible para ser utilizado por ni\u00f1os y ni\u00f1as estudiantes con discapacidad.<\/p>\n<p><strong>Ceremonia<\/strong><\/p>\n<p style=\"text-align: justify;\">La apertura de acto oficial para la puesta en marcha en \u201cLa Novia del Atl\u00e1ntico\u201d del Sistema Nacional de Transporte Estudiantil (TRAE), inici\u00f3 con las notas del Himno Nacional, la invocaci\u00f3n a Dios fue realizada por el sacerdote Tony Bonilla, seguido del discurso explicativo del director del TRAE, On\u00e9ximo Gonz\u00e1lez y de las palabras de agradecimiento de la estudiante Jatnna Cabrera Suero, del Liceo Eduardo Brito.<\/p>\n<p style=\"text-align: justify;\"><strong>Personalidades<\/strong><\/p>\n<p style=\"text-align: justify;\">All\u00ed estuvieron presentes la gobernadora provincial de Puerto Plata, Claritza Rochett Peralta de Senior, la senadora por esta provincia, Ginette Bournigal de Jim\u00e9nez, el director de la Regional 11 de Educaci\u00f3n, Luis Jos\u00e9 S\u00e1nchez Baldwin, el alcalde de San Felipe de Puerto Plata, Roquelito Garc\u00eda, los directores de los 7 distritos escolares, adem\u00e1s de alcaldes municipal y directores de juntas distritales de toda la provincia.<\/p>\n","protected":false},"excerpt":{"rendered":"<p>PUERTO PLATA.- La vicepresidenta de la Rep\u00fablica, Raquel Pe\u00f1a, en compa\u00f1\u00eda del ministro de Educaci\u00f3n, Luis Miguel de Camps Garc\u00eda, entre otras autoridades, dej\u00f3 en servicio en esta provincia atl\u00e1ntica el Sistema Nacional de Transporte Estudiantil (TRAE). En un acto efectuado la tarde del mi\u00e9rcoles, se explic\u00f3 que el novedoso programa TRAE llega a Puerto [&hellip;]<\/p>\n","protected":false},"author":1,"featured_media":0,"comment_status":"closed","ping_status":"open","sticky":false,"template":"","format":"standard","meta":{"footnotes":""},"categories":[5],"tags":[],"yoast_head":"<!-- This site is optimized with the Yoast SEO plugin v24.5 - https:\/\/yoast.com\/wordpress\/plugins\/seo\/ -->\n<title>Vicepresidenta y ministro de Educaci\u00f3n dejan iniciado en Puerto Plata novedoso programa Transporte Escolar TRAE | El Nuevo Norte<\/title>\n<meta name=\"robots\" content=\"index, follow, max-snippet:-1, max-image-preview:large, max-video-preview:-1\" \/>\n<link rel=\"canonical\" href=\"https:\/\/infoelnuevonorte.com\/?p=87357\" \/>\n<meta property=\"og:locale\" content=\"es_ES\" \/>\n<meta property=\"og:type\" content=\"article\" \/>\n<meta property=\"og:title\" content=\"Vicepresidenta y ministro de Educaci\u00f3n dejan iniciado en Puerto Plata novedoso programa Transporte Escolar TRAE | El Nuevo Norte\" \/>\n<meta property=\"og:description\" content=\"PUERTO PLATA.- La vicepresidenta de la Rep\u00fablica, Raquel Pe\u00f1a, en compa\u00f1\u00eda del ministro de Educaci\u00f3n, Luis Miguel de Camps Garc\u00eda, entre otras autoridades, dej\u00f3 en servicio en esta provincia atl\u00e1ntica el Sistema Nacional de Transporte Estudiantil (TRAE). En un acto efectuado la tarde del mi\u00e9rcoles, se explic\u00f3 que el novedoso programa TRAE llega a Puerto [&hellip;]\" \/>\n<meta property=\"og:url\" content=\"https:\/\/infoelnuevonorte.com\/?p=87357\" \/>\n<meta property=\"og:site_name\" content=\"El Nuevo Norte\" \/>\n<meta property=\"article:publisher\" content=\"https:\/\/www.facebook.com\/infoenn\" \/>\n<meta property=\"article:published_time\" content=\"2025-03-20T01:44:14+00:00\" \/>\n<meta property=\"article:modified_time\" content=\"2025-03-20T01:44:16+00:00\" \/>\n<meta property=\"og:image\" content=\"https:\/\/infoelnuevonorte.com\/wp-content\/uploads\/2025\/03\/WhatsApp-Image-2025-03-19-at-7.01.44-PM1.jpeg\" \/>\n\t<meta property=\"og:image:width\" content=\"1600\" \/>\n\t<meta property=\"og:image:height\" content=\"1200\" \/>\n\t<meta property=\"og:image:type\" content=\"image\/jpeg\" \/>\n<meta name=\"author\" content=\"InfoEnn\" \/>\n<meta name=\"twitter:card\" content=\"summary_large_image\" \/>\n<meta name=\"twitter:creator\" content=\"@Elnuevo_norte\" \/>\n<meta name=\"twitter:site\" content=\"@Elnuevo_norte\" \/>\n<meta name=\"twitter:label1\" content=\"Written by\" \/>\n\t<meta name=\"twitter:data1\" content=\"InfoEnn\" \/>\n\t<meta name=\"twitter:label2\" content=\"Est. reading time\" \/>\n\t<meta name=\"twitter:data2\" content=\"3 minutos\" \/>\n<script type=\"application\/ld+json\" class=\"yoast-schema-graph\">{\"@context\":\"https:\/\/schema.org\",\"@graph\":[{\"@type\":\"Article\",\"@id\":\"https:\/\/infoelnuevonorte.com\/?p=87357#article\",\"isPartOf\":{\"@id\":\"https:\/\/infoelnuevonorte.com\/?p=87357\"},\"author\":{\"name\":\"InfoEnn\",\"@id\":\"https:\/\/infoelnuevonorte.com\/#\/schema\/person\/fd4f6d90afe41260818b4ea94ad8ab84\"},\"headline\":\"Vicepresidenta y ministro de Educaci\u00f3n dejan iniciado en Puerto Plata novedoso programa Transporte Escolar TRAE\",\"datePublished\":\"2025-03-20T01:44:14+00:00\",\"dateModified\":\"2025-03-20T01:44:16+00:00\",\"mainEntityOfPage\":{\"@id\":\"https:\/\/infoelnuevonorte.com\/?p=87357\"},\"wordCount\":493,\"publisher\":{\"@id\":\"https:\/\/infoelnuevonorte.com\/#organization\"},\"image\":{\"@id\":\"https:\/\/infoelnuevonorte.com\/?p=87357#primaryimage\"},\"thumbnailUrl\":\"https:\/\/infoelnuevonorte.com\/wp-content\/uploads\/2025\/03\/WhatsApp-Image-2025-03-19-at-7.01.44-PM2.jpeg\",\"articleSection\":[\"Del Norte\"],\"inLanguage\":\"es-DO\"},{\"@type\":\"WebPage\",\"@id\":\"https:\/\/infoelnuevonorte.com\/?p=87357\",\"url\":\"https:\/\/infoelnuevonorte.com\/?p=87357\",\"name\":\"Vicepresidenta y ministro de Educaci\u00f3n dejan iniciado en Puerto Plata novedoso programa Transporte Escolar TRAE | El Nuevo Norte\",\"isPartOf\":{\"@id\":\"https:\/\/infoelnuevonorte.com\/#website\"},\"primaryImageOfPage\":{\"@id\":\"https:\/\/infoelnuevonorte.com\/?p=87357#primaryimage\"},\"image\":{\"@id\":\"https:\/\/infoelnuevonorte.com\/?p=87357#primaryimage\"},\"thumbnailUrl\":\"https:\/\/infoelnuevonorte.com\/wp-content\/uploads\/2025\/03\/WhatsApp-Image-2025-03-19-at-7.01.44-PM2.jpeg\",\"datePublished\":\"2025-03-20T01:44:14+00:00\",\"dateModified\":\"2025-03-20T01:44:16+00:00\",\"breadcrumb\":{\"@id\":\"https:\/\/infoelnuevonorte.com\/?p=87357#breadcrumb\"},\"inLanguage\":\"es-DO\",\"potentialAction\":[{\"@type\":\"ReadAction\",\"target\":[\"https:\/\/infoelnuevonorte.com\/?p=87357\"]}]},{\"@type\":\"ImageObject\",\"inLanguage\":\"es-DO\",\"@id\":\"https:\/\/infoelnuevonorte.com\/?p=87357#primaryimage\",\"url\":\"\",\"contentUrl\":\"\"},{\"@type\":\"BreadcrumbList\",\"@id\":\"https:\/\/infoelnuevonorte.com\/?p=87357#breadcrumb\",\"itemListElement\":[{\"@type\":\"ListItem\",\"position\":1,\"name\":\"Home\",\"item\":\"https:\/\/infoelnuevonorte.com\/\"},{\"@type\":\"ListItem\",\"position\":2,\"name\":\"Vicepresidenta y ministro de Educaci\u00f3n dejan iniciado en Puerto Plata novedoso programa Transporte Escolar TRAE\"}]},{\"@type\":\"WebSite\",\"@id\":\"https:\/\/infoelnuevonorte.com\/#website\",\"url\":\"https:\/\/infoelnuevonorte.com\/\",\"name\":\"InfoEnn\",\"description\":\"Tu Voz, tu Verdad, tu Diario!!!\",\"publisher\":{\"@id\":\"https:\/\/infoelnuevonorte.com\/#organization\"},\"alternateName\":\"El Nuevo Norte\",\"potentialAction\":[{\"@type\":\"SearchAction\",\"target\":{\"@type\":\"EntryPoint\",\"urlTemplate\":\"https:\/\/infoelnuevonorte.com\/?s={search_term_string}\"},\"query-input\":{\"@type\":\"PropertyValueSpecification\",\"valueRequired\":true,\"valueName\":\"search_term_string\"}}],\"inLanguage\":\"es-DO\"},{\"@type\":\"Organization\",\"@id\":\"https:\/\/infoelnuevonorte.com\/#organization\",\"name\":\"Info El Nuevo Norte\",\"alternateName\":\"El Nuevo Norte\",\"url\":\"https:\/\/infoelnuevonorte.com\/\",\"logo\":{\"@type\":\"ImageObject\",\"inLanguage\":\"es-DO\",\"@id\":\"https:\/\/infoelnuevonorte.com\/#\/schema\/logo\/image\/\",\"url\":\"https:\/\/infoelnuevonorte.com\/wp-content\/uploads\/2026\/02\/Logo-Info-enn-3d-20ani.jpeg\",\"contentUrl\":\"https:\/\/infoelnuevonorte.com\/wp-content\/uploads\/2026\/02\/Logo-Info-enn-3d-20ani.jpeg\",\"width\":2046,\"height\":736,\"caption\":\"Info El Nuevo Norte\"},\"image\":{\"@id\":\"https:\/\/infoelnuevonorte.com\/#\/schema\/logo\/image\/\"},\"sameAs\":[\"https:\/\/www.facebook.com\/infoenn\",\"https:\/\/x.com\/Elnuevo_norte\",\"https:\/\/www.instagram.com\/infoenn\",\"https:\/\/www.facebook.com\/ENNRD\"]},{\"@type\":\"Person\",\"@id\":\"https:\/\/infoelnuevonorte.com\/#\/schema\/person\/fd4f6d90afe41260818b4ea94ad8ab84\",\"name\":\"InfoEnn\",\"image\":{\"@type\":\"ImageObject\",\"inLanguage\":\"es-DO\",\"@id\":\"https:\/\/infoelnuevonorte.com\/#\/schema\/person\/image\/\",\"url\":\"https:\/\/secure.gravatar.com\/avatar\/d4d760a41a48ba9db0a82bfb63bb0783?s=96&d=robohash&r=g\",\"contentUrl\":\"https:\/\/secure.gravatar.com\/avatar\/d4d760a41a48ba9db0a82bfb63bb0783?s=96&d=robohash&r=g\",\"caption\":\"InfoEnn\"},\"sameAs\":[\"https:\/\/infoelnuevonorte.com\"],\"url\":\"https:\/\/infoelnuevonorte.com\/?author=1\"}]}<\/script>\n<!-- \/ Yoast SEO plugin. -->","yoast_head_json":{"title":"Vicepresidenta y ministro de Educaci\u00f3n dejan iniciado en Puerto Plata novedoso programa Transporte Escolar TRAE | El Nuevo Norte","robots":{"index":"index","follow":"follow","max-snippet":"max-snippet:-1","max-image-preview":"max-image-preview:large","max-video-preview":"max-video-preview:-1"},"canonical":"https:\/\/infoelnuevonorte.com\/?p=87357","og_locale":"es_ES","og_type":"article","og_title":"Vicepresidenta y ministro de Educaci\u00f3n dejan iniciado en Puerto Plata novedoso programa Transporte Escolar TRAE | El Nuevo Norte","og_description":"PUERTO PLATA.- La vicepresidenta de la Rep\u00fablica, Raquel Pe\u00f1a, en compa\u00f1\u00eda del ministro de Educaci\u00f3n, Luis Miguel de Camps Garc\u00eda, entre otras autoridades, dej\u00f3 en servicio en esta provincia atl\u00e1ntica el Sistema Nacional de Transporte Estudiantil (TRAE). En un acto efectuado la tarde del mi\u00e9rcoles, se explic\u00f3 que el novedoso programa TRAE llega a Puerto [&hellip;]","og_url":"https:\/\/infoelnuevonorte.com\/?p=87357","og_site_name":"El Nuevo Norte","article_publisher":"https:\/\/www.facebook.com\/infoenn","article_published_time":"2025-03-20T01:44:14+00:00","article_modified_time":"2025-03-20T01:44:16+00:00","og_image":[{"width":1600,"height":1200,"url":"https:\/\/infoelnuevonorte.com\/wp-content\/uploads\/2025\/03\/WhatsApp-Image-2025-03-19-at-7.01.44-PM1.jpeg","type":"image\/jpeg"}],"author":"InfoEnn","twitter_card":"summary_large_image","twitter_creator":"@Elnuevo_norte","twitter_site":"@Elnuevo_norte","twitter_misc":{"Written by":"InfoEnn","Est. reading time":"3 minutos"},"schema":{"@context":"https:\/\/schema.org","@graph":[{"@type":"Article","@id":"https:\/\/infoelnuevonorte.com\/?p=87357#article","isPartOf":{"@id":"https:\/\/infoelnuevonorte.com\/?p=87357"},"author":{"name":"InfoEnn","@id":"https:\/\/infoelnuevonorte.com\/#\/schema\/person\/fd4f6d90afe41260818b4ea94ad8ab84"},"headline":"Vicepresidenta y ministro de Educaci\u00f3n dejan iniciado en Puerto Plata novedoso programa Transporte Escolar TRAE","datePublished":"2025-03-20T01:44:14+00:00","dateModified":"2025-03-20T01:44:16+00:00","mainEntityOfPage":{"@id":"https:\/\/infoelnuevonorte.com\/?p=87357"},"wordCount":493,"publisher":{"@id":"https:\/\/infoelnuevonorte.com\/#organization"},"image":{"@id":"https:\/\/infoelnuevonorte.com\/?p=87357#primaryimage"},"thumbnailUrl":"https:\/\/infoelnuevonorte.com\/wp-content\/uploads\/2025\/03\/WhatsApp-Image-2025-03-19-at-7.01.44-PM2.jpeg","articleSection":["Del Norte"],"inLanguage":"es-DO"},{"@type":"WebPage","@id":"https:\/\/infoelnuevonorte.com\/?p=87357","url":"https:\/\/infoelnuevonorte.com\/?p=87357","name":"Vicepresidenta y ministro de Educaci\u00f3n dejan iniciado en Puerto Plata novedoso programa Transporte Escolar TRAE | El Nuevo Norte","isPartOf":{"@id":"https:\/\/infoelnuevonorte.com\/#website"},"primaryImageOfPage":{"@id":"https:\/\/infoelnuevonorte.com\/?p=87357#primaryimage"},"image":{"@id":"https:\/\/infoelnuevonorte.com\/?p=87357#primaryimage"},"thumbnailUrl":"https:\/\/infoelnuevonorte.com\/wp-content\/uploads\/2025\/03\/WhatsApp-Image-2025-03-19-at-7.01.44-PM2.jpeg","datePublished":"2025-03-20T01:44:14+00:00","dateModified":"2025-03-20T01:44:16+00:00","breadcrumb":{"@id":"https:\/\/infoelnuevonorte.com\/?p=87357#breadcrumb"},"inLanguage":"es-DO","potentialAction":[{"@type":"ReadAction","target":["https:\/\/infoelnuevonorte.com\/?p=87357"]}]},{"@type":"ImageObject","inLanguage":"es-DO","@id":"https:\/\/infoelnuevonorte.com\/?p=87357#primaryimage","url":"","contentUrl":""},{"@type":"BreadcrumbList","@id":"https:\/\/infoelnuevonorte.com\/?p=87357#breadcrumb","itemListElement":[{"@type":"ListItem","position":1,"name":"Home","item":"https:\/\/infoelnuevonorte.com\/"},{"@type":"ListItem","position":2,"name":"Vicepresidenta y ministro de Educaci\u00f3n dejan iniciado en Puerto Plata novedoso programa Transporte Escolar TRAE"}]},{"@type":"WebSite","@id":"https:\/\/infoelnuevonorte.com\/#website","url":"https:\/\/infoelnuevonorte.com\/","name":"InfoEnn","description":"Tu Voz, tu Verdad, tu Diario!!!","publisher":{"@id":"https:\/\/infoelnuevonorte.com\/#organization"},"alternateName":"El Nuevo Norte","potentialAction":[{"@type":"SearchAction","target":{"@type":"EntryPoint","urlTemplate":"https:\/\/infoelnuevonorte.com\/?s={search_term_string}"},"query-input":{"@type":"PropertyValueSpecification","valueRequired":true,"valueName":"search_term_string"}}],"inLanguage":"es-DO"},{"@type":"Organization","@id":"https:\/\/infoelnuevonorte.com\/#organization","name":"Info El Nuevo Norte","alternateName":"El Nuevo Norte","url":"https:\/\/infoelnuevonorte.com\/","logo":{"@type":"ImageObject","inLanguage":"es-DO","@id":"https:\/\/infoelnuevonorte.com\/#\/schema\/logo\/image\/","url":"https:\/\/infoelnuevonorte.com\/wp-content\/uploads\/2026\/02\/Logo-Info-enn-3d-20ani.jpeg","contentUrl":"https:\/\/infoelnuevonorte.com\/wp-content\/uploads\/2026\/02\/Logo-Info-enn-3d-20ani.jpeg","width":2046,"height":736,"caption":"Info El Nuevo Norte"},"image":{"@id":"https:\/\/infoelnuevonorte.com\/#\/schema\/logo\/image\/"},"sameAs":["https:\/\/www.facebook.com\/infoenn","https:\/\/x.com\/Elnuevo_norte","https:\/\/www.instagram.com\/infoenn","https:\/\/www.facebook.com\/ENNRD"]},{"@type":"Person","@id":"https:\/\/infoelnuevonorte.com\/#\/schema\/person\/fd4f6d90afe41260818b4ea94ad8ab84","name":"InfoEnn","image":{"@type":"ImageObject","inLanguage":"es-DO","@id":"https:\/\/infoelnuevonorte.com\/#\/schema\/person\/image\/","url":"https:\/\/secure.gravatar.com\/avatar\/d4d760a41a48ba9db0a82bfb63bb0783?s=96&d=robohash&r=g","contentUrl":"https:\/\/secure.gravatar.com\/avatar\/d4d760a41a48ba9db0a82bfb63bb0783?s=96&d=robohash&r=g","caption":"InfoEnn"},"sameAs":["https:\/\/infoelnuevonorte.com"],"url":"https:\/\/infoelnuevonorte.com\/?author=1"}]}},"_links":{"self":[{"href":"https:\/\/infoelnuevonorte.com\/index.php?rest_route=\/wp\/v2\/posts\/87357"}],"collection":[{"href":"https:\/\/infoelnuevonorte.com\/index.php?rest_route=\/wp\/v2\/posts"}],"about":[{"href":"https:\/\/infoelnuevonorte.com\/index.php?rest_route=\/wp\/v2\/types\/post"}],"author":[{"embeddable":true,"href":"https:\/\/infoelnuevonorte.com\/index.php?rest_route=\/wp\/v2\/users\/1"}],"replies":[{"embeddable":true,"href":"https:\/\/infoelnuevonorte.com\/index.php?rest_route=%2Fwp%2Fv2%2Fcomments&post=87357"}],"version-history":[{"count":1,"href":"https:\/\/infoelnuevonorte.com\/index.php?rest_route=\/wp\/v2\/posts\/87357\/revisions"}],"predecessor-version":[{"id":87364,"href":"https:\/\/infoelnuevonorte.com\/index.php?rest_route=\/wp\/v2\/posts\/87357\/revisions\/87364"}],"wp:attachment":[{"href":"https:\/\/infoelnuevonorte.com\/index.php?rest_route=%2Fwp%2Fv2%2Fmedia&parent=87357"}],"wp:term":[{"taxonomy":"category","embeddable":true,"href":"https:\/\/infoelnuevonorte.com\/index.php?rest_route=%2Fwp%2Fv2%2Fcategories&post=87357"},{"taxonomy":"post_tag","embeddable":true,"href":"https:\/\/infoelnuevonorte.com\/index.php?rest_route=%2Fwp%2Fv2%2Ftags&post=87357"}],"curies":[{"name":"wp","href":"https:\/\/api.w.org\/{rel}","templated":true}]}}