{"id":87479,"date":"2025-03-20T11:35:47","date_gmt":"2025-03-20T15:35:47","guid":{"rendered":"https:\/\/infoelnuevonorte.com\/?p=87479"},"modified":"2025-03-20T11:35:49","modified_gmt":"2025-03-20T15:35:49","slug":"confirman-brote-de-fiebre-porcina-africana-en-el-pino-dajabon","status":"publish","type":"post","link":"https:\/\/infoelnuevonorte.com\/?p=87479","title":{"rendered":"Confirman brote de fiebre porcina africana en El Pino, Dajab\u00f3n"},"content":{"rendered":"<!--[if lt IE 9]><script>document.createElement('audio');<\/script><![endif]-->\n<audio class=\"wp-audio-shortcode\" id=\"audio-87479-1\" preload=\"none\" style=\"width: 100%;\" controls=\"controls\"><source type=\"audio\/mpeg\" src=\"https:\/\/infoelnuevonorte.com\/wp-content\/uploads\/2025\/03\/ttsmaker-vip-file-2025-3-20-11-33-2.mp3?_=1\" \/><a href=\"https:\/\/infoelnuevonorte.com\/wp-content\/uploads\/2025\/03\/ttsmaker-vip-file-2025-3-20-11-33-2.mp3\">https:\/\/infoelnuevonorte.com\/wp-content\/uploads\/2025\/03\/ttsmaker-vip-file-2025-3-20-11-33-2.mp3<\/a><\/audio>\n<p style=\"text-align: justify;\" data-pm-slice=\"1 1 []\">El <strong>m\u00e9dico veterinario Edward Paulino<\/strong>, de la <strong>Direcci\u00f3n Regional Noroeste del Ministerio de Agricultura<\/strong>, confirm\u00f3 un <strong>rebrote de fiebre porcina africana (FPA)<\/strong> en la comunidad de <strong>El Pino, Dajab\u00f3n<\/strong>, una zona que ya hab\u00eda sido afectada anteriormente por esta enfermedad letal para los cerdos.<\/p>\n<p style=\"text-align: justify;\">\u201cHa resurgido otra vez esta enfermedad porque en ese lugar hab\u00eda un foco activo\u201d, declar\u00f3 Paulino, quien adem\u00e1s inform\u00f3 que el gobierno est\u00e1 distribuyendo <strong>desinfectantes a los ganaderos<\/strong> para que limpien las pocilgas y ayuden a contener la propagaci\u00f3n del virus.<\/p>\n<h2 style=\"text-align: justify;\">Acciones oficiales y advertencia a criadores<\/h2>\n<p style=\"text-align: justify;\">El veterinario destac\u00f3 que ya cuentan con la <strong>autorizaci\u00f3n presidencial para enfrentar la peste porcina africana<\/strong> directamente, y exhort\u00f3 a los criadores a colaborar con las autoridades: \u201cLos productores deben acercarse a nosotros si quieren repoblar, porque <strong>no se pagar\u00e1 dos veces por un cerdo<\/strong> a quienes ya fueron indemnizados\u201d, advirti\u00f3 Paulino.<\/p>\n<p style=\"text-align: justify;\">\u201cEl Estado no asumir\u00e1 nuevas indemnizaciones en zonas donde se advirti\u00f3 que no se pod\u00edan criar cerdos\u201d, enfatiz\u00f3, explicando adem\u00e1s que el <strong>virus puede sobrevivir m\u00e1s de mil d\u00edas en la carne de cerdo<\/strong>, lo que complica su erradicaci\u00f3n.<\/p>\n<h2 style=\"text-align: justify;\">Ganaderos afectados exigen ayuda<\/h2>\n<p style=\"text-align: justify;\">Los <strong>criadores locales reportan p\u00e9rdidas millonarias<\/strong> debido a la mortandad de cerdos. <strong>Delbi de Jes\u00fas Rosario<\/strong> afirm\u00f3 haber perdido <strong>unos 38 animales<\/strong>, lo que representa m\u00e1s de <strong>300 mil pesos<\/strong>. \u201cEllos se ponen tristes, dejan de comer, los inyectamos y no reaccionan, vomitan sangre y mueren\u201d, narr\u00f3.<\/p>\n<p style=\"text-align: justify;\">Otro productor, <strong>Yillo P\u00e9rez<\/strong>, manifest\u00f3 que no ha podido dormir por la preocupaci\u00f3n y que sus <strong>p\u00e9rdidas ascienden a 200 mil pesos<\/strong>. Ambos demandaron asistencia urgente de las autoridades.<\/p>\n<p style=\"text-align: justify;\">El <strong>ing. Juan Ernesto Fern\u00e1ndez<\/strong>, encargado provincial de Agricultura en Dajab\u00f3n, afirm\u00f3 estar <strong>preocupado por la situaci\u00f3n<\/strong> y envi\u00f3 un m\u00e9dico veterinario a la zona para levantar informaci\u00f3n precisa sobre el impacto.<\/p>\n<h2 style=\"text-align: justify;\">Historial de la FPA en el pa\u00eds<\/h2>\n<p style=\"text-align: justify;\">La FPA afect\u00f3 la producci\u00f3n porcina nacional en <strong>2021<\/strong>, generando medidas sanitarias severas. Su <strong>primer brote en Rep\u00fablica Dominicana se registr\u00f3 en 1978<\/strong>, obligando al gobierno a sacrificar <strong>1.4 millones de cerdos<\/strong> para evitar su propagaci\u00f3n a otros pa\u00edses.<\/p>\n<p style=\"text-align: justify;\">La <strong>fiebre porcina africana es altamente contagiosa y letal para los cerdos<\/strong>, pero <strong>no afecta a los humanos<\/strong>. Su presencia en el pa\u00eds marc\u00f3 la primera detecci\u00f3n en el continente americano, situaci\u00f3n que sigue amenazando la econom\u00eda de peque\u00f1os y medianos productores porcinos.<\/p>\n\n\n<figure class=\"wp-block-video\"><video controls src=\"https:\/\/infoelnuevonorte.com\/wp-content\/uploads\/2025\/03\/fiebre-porcima.mp4\"><\/video><\/figure>\n","protected":false},"excerpt":{"rendered":"<p>El m\u00e9dico veterinario Edward Paulino, de la Direcci\u00f3n Regional Noroeste del Ministerio de Agricultura, confirm\u00f3 un rebrote de fiebre porcina africana (FPA) en la comunidad de El Pino, Dajab\u00f3n, una zona que ya hab\u00eda sido afectada anteriormente por esta enfermedad letal para los cerdos. \u201cHa resurgido otra vez esta enfermedad porque en ese lugar hab\u00eda [&hellip;]<\/p>\n","protected":false},"author":1,"featured_media":0,"comment_status":"closed","ping_status":"open","sticky":false,"template":"","format":"standard","meta":{"footnotes":""},"categories":[8,18],"tags":[],"yoast_head":"<!-- This site is optimized with the Yoast SEO plugin v24.5 - https:\/\/yoast.com\/wordpress\/plugins\/seo\/ -->\n<title>Confirman brote de fiebre porcina africana en El Pino, Dajab\u00f3n | El Nuevo Norte<\/title>\n<meta name=\"robots\" content=\"index, follow, max-snippet:-1, max-image-preview:large, max-video-preview:-1\" \/>\n<link rel=\"canonical\" href=\"https:\/\/infoelnuevonorte.com\/?p=87479\" \/>\n<meta property=\"og:locale\" content=\"es_ES\" \/>\n<meta property=\"og:type\" content=\"article\" \/>\n<meta property=\"og:title\" content=\"Confirman brote de fiebre porcina africana en El Pino, Dajab\u00f3n | El Nuevo Norte\" \/>\n<meta property=\"og:description\" content=\"El m\u00e9dico veterinario Edward Paulino, de la Direcci\u00f3n Regional Noroeste del Ministerio de Agricultura, confirm\u00f3 un rebrote de fiebre porcina africana (FPA) en la comunidad de El Pino, Dajab\u00f3n, una zona que ya hab\u00eda sido afectada anteriormente por esta enfermedad letal para los cerdos. \u201cHa resurgido otra vez esta enfermedad porque en ese lugar hab\u00eda [&hellip;]\" \/>\n<meta property=\"og:url\" content=\"https:\/\/infoelnuevonorte.com\/?p=87479\" \/>\n<meta property=\"og:site_name\" content=\"El Nuevo Norte\" \/>\n<meta property=\"article:publisher\" content=\"https:\/\/www.facebook.com\/infoenn\" \/>\n<meta property=\"article:published_time\" content=\"2025-03-20T15:35:47+00:00\" \/>\n<meta property=\"article:modified_time\" content=\"2025-03-20T15:35:49+00:00\" \/>\n<meta property=\"og:image\" content=\"https:\/\/infoelnuevonorte.com\/wp-content\/uploads\/2025\/03\/Cerditos.png\" \/>\n\t<meta property=\"og:image:width\" content=\"521\" \/>\n\t<meta property=\"og:image:height\" content=\"321\" \/>\n\t<meta property=\"og:image:type\" content=\"image\/png\" \/>\n<meta name=\"author\" content=\"InfoEnn\" \/>\n<meta name=\"twitter:card\" content=\"summary_large_image\" \/>\n<meta name=\"twitter:creator\" content=\"@Elnuevo_norte\" \/>\n<meta name=\"twitter:site\" content=\"@Elnuevo_norte\" \/>\n<meta name=\"twitter:label1\" content=\"Written by\" \/>\n\t<meta name=\"twitter:data1\" content=\"InfoEnn\" \/>\n\t<meta name=\"twitter:label2\" content=\"Est. reading time\" \/>\n\t<meta name=\"twitter:data2\" content=\"2 minutos\" \/>\n<script type=\"application\/ld+json\" class=\"yoast-schema-graph\">{\"@context\":\"https:\/\/schema.org\",\"@graph\":[{\"@type\":\"Article\",\"@id\":\"https:\/\/infoelnuevonorte.com\/?p=87479#article\",\"isPartOf\":{\"@id\":\"https:\/\/infoelnuevonorte.com\/?p=87479\"},\"author\":{\"name\":\"InfoEnn\",\"@id\":\"https:\/\/infoelnuevonorte.com\/#\/schema\/person\/fd4f6d90afe41260818b4ea94ad8ab84\"},\"headline\":\"Confirman brote de fiebre porcina africana en El Pino, Dajab\u00f3n\",\"datePublished\":\"2025-03-20T15:35:47+00:00\",\"dateModified\":\"2025-03-20T15:35:49+00:00\",\"mainEntityOfPage\":{\"@id\":\"https:\/\/infoelnuevonorte.com\/?p=87479\"},\"wordCount\":437,\"publisher\":{\"@id\":\"https:\/\/infoelnuevonorte.com\/#organization\"},\"articleSection\":[\"Nacionales\",\"Video\"],\"inLanguage\":\"es-DO\"},{\"@type\":\"WebPage\",\"@id\":\"https:\/\/infoelnuevonorte.com\/?p=87479\",\"url\":\"https:\/\/infoelnuevonorte.com\/?p=87479\",\"name\":\"Confirman brote de fiebre porcina africana en El Pino, Dajab\u00f3n | El Nuevo Norte\",\"isPartOf\":{\"@id\":\"https:\/\/infoelnuevonorte.com\/#website\"},\"datePublished\":\"2025-03-20T15:35:47+00:00\",\"dateModified\":\"2025-03-20T15:35:49+00:00\",\"breadcrumb\":{\"@id\":\"https:\/\/infoelnuevonorte.com\/?p=87479#breadcrumb\"},\"inLanguage\":\"es-DO\",\"potentialAction\":[{\"@type\":\"ReadAction\",\"target\":[\"https:\/\/infoelnuevonorte.com\/?p=87479\"]}]},{\"@type\":\"BreadcrumbList\",\"@id\":\"https:\/\/infoelnuevonorte.com\/?p=87479#breadcrumb\",\"itemListElement\":[{\"@type\":\"ListItem\",\"position\":1,\"name\":\"Home\",\"item\":\"https:\/\/infoelnuevonorte.com\/\"},{\"@type\":\"ListItem\",\"position\":2,\"name\":\"Confirman brote de fiebre porcina africana en El Pino, Dajab\u00f3n\"}]},{\"@type\":\"WebSite\",\"@id\":\"https:\/\/infoelnuevonorte.com\/#website\",\"url\":\"https:\/\/infoelnuevonorte.com\/\",\"name\":\"InfoEnn\",\"description\":\"Tu Voz, tu Verdad, tu Diario!!!\",\"publisher\":{\"@id\":\"https:\/\/infoelnuevonorte.com\/#organization\"},\"alternateName\":\"El Nuevo Norte\",\"potentialAction\":[{\"@type\":\"SearchAction\",\"target\":{\"@type\":\"EntryPoint\",\"urlTemplate\":\"https:\/\/infoelnuevonorte.com\/?s={search_term_string}\"},\"query-input\":{\"@type\":\"PropertyValueSpecification\",\"valueRequired\":true,\"valueName\":\"search_term_string\"}}],\"inLanguage\":\"es-DO\"},{\"@type\":\"Organization\",\"@id\":\"https:\/\/infoelnuevonorte.com\/#organization\",\"name\":\"Info El Nuevo Norte\",\"alternateName\":\"El Nuevo Norte\",\"url\":\"https:\/\/infoelnuevonorte.com\/\",\"logo\":{\"@type\":\"ImageObject\",\"inLanguage\":\"es-DO\",\"@id\":\"https:\/\/infoelnuevonorte.com\/#\/schema\/logo\/image\/\",\"url\":\"https:\/\/infoelnuevonorte.com\/wp-content\/uploads\/2026\/02\/Logo-Info-enn-3d-20ani.jpeg\",\"contentUrl\":\"https:\/\/infoelnuevonorte.com\/wp-content\/uploads\/2026\/02\/Logo-Info-enn-3d-20ani.jpeg\",\"width\":2046,\"height\":736,\"caption\":\"Info El Nuevo Norte\"},\"image\":{\"@id\":\"https:\/\/infoelnuevonorte.com\/#\/schema\/logo\/image\/\"},\"sameAs\":[\"https:\/\/www.facebook.com\/infoenn\",\"https:\/\/x.com\/Elnuevo_norte\",\"https:\/\/www.instagram.com\/infoenn\",\"https:\/\/www.facebook.com\/ENNRD\"]},{\"@type\":\"Person\",\"@id\":\"https:\/\/infoelnuevonorte.com\/#\/schema\/person\/fd4f6d90afe41260818b4ea94ad8ab84\",\"name\":\"InfoEnn\",\"image\":{\"@type\":\"ImageObject\",\"inLanguage\":\"es-DO\",\"@id\":\"https:\/\/infoelnuevonorte.com\/#\/schema\/person\/image\/\",\"url\":\"https:\/\/secure.gravatar.com\/avatar\/d4d760a41a48ba9db0a82bfb63bb0783?s=96&d=robohash&r=g\",\"contentUrl\":\"https:\/\/secure.gravatar.com\/avatar\/d4d760a41a48ba9db0a82bfb63bb0783?s=96&d=robohash&r=g\",\"caption\":\"InfoEnn\"},\"sameAs\":[\"https:\/\/infoelnuevonorte.com\"],\"url\":\"https:\/\/infoelnuevonorte.com\/?author=1\"}]}<\/script>\n<!-- \/ Yoast SEO plugin. -->","yoast_head_json":{"title":"Confirman brote de fiebre porcina africana en El Pino, Dajab\u00f3n | El Nuevo Norte","robots":{"index":"index","follow":"follow","max-snippet":"max-snippet:-1","max-image-preview":"max-image-preview:large","max-video-preview":"max-video-preview:-1"},"canonical":"https:\/\/infoelnuevonorte.com\/?p=87479","og_locale":"es_ES","og_type":"article","og_title":"Confirman brote de fiebre porcina africana en El Pino, Dajab\u00f3n | El Nuevo Norte","og_description":"El m\u00e9dico veterinario Edward Paulino, de la Direcci\u00f3n Regional Noroeste del Ministerio de Agricultura, confirm\u00f3 un rebrote de fiebre porcina africana (FPA) en la comunidad de El Pino, Dajab\u00f3n, una zona que ya hab\u00eda sido afectada anteriormente por esta enfermedad letal para los cerdos. \u201cHa resurgido otra vez esta enfermedad porque en ese lugar hab\u00eda [&hellip;]","og_url":"https:\/\/infoelnuevonorte.com\/?p=87479","og_site_name":"El Nuevo Norte","article_publisher":"https:\/\/www.facebook.com\/infoenn","article_published_time":"2025-03-20T15:35:47+00:00","article_modified_time":"2025-03-20T15:35:49+00:00","og_image":[{"width":521,"height":321,"url":"https:\/\/infoelnuevonorte.com\/wp-content\/uploads\/2025\/03\/Cerditos.png","type":"image\/png"}],"author":"InfoEnn","twitter_card":"summary_large_image","twitter_creator":"@Elnuevo_norte","twitter_site":"@Elnuevo_norte","twitter_misc":{"Written by":"InfoEnn","Est. reading time":"2 minutos"},"schema":{"@context":"https:\/\/schema.org","@graph":[{"@type":"Article","@id":"https:\/\/infoelnuevonorte.com\/?p=87479#article","isPartOf":{"@id":"https:\/\/infoelnuevonorte.com\/?p=87479"},"author":{"name":"InfoEnn","@id":"https:\/\/infoelnuevonorte.com\/#\/schema\/person\/fd4f6d90afe41260818b4ea94ad8ab84"},"headline":"Confirman brote de fiebre porcina africana en El Pino, Dajab\u00f3n","datePublished":"2025-03-20T15:35:47+00:00","dateModified":"2025-03-20T15:35:49+00:00","mainEntityOfPage":{"@id":"https:\/\/infoelnuevonorte.com\/?p=87479"},"wordCount":437,"publisher":{"@id":"https:\/\/infoelnuevonorte.com\/#organization"},"articleSection":["Nacionales","Video"],"inLanguage":"es-DO"},{"@type":"WebPage","@id":"https:\/\/infoelnuevonorte.com\/?p=87479","url":"https:\/\/infoelnuevonorte.com\/?p=87479","name":"Confirman brote de fiebre porcina africana en El Pino, Dajab\u00f3n | El Nuevo Norte","isPartOf":{"@id":"https:\/\/infoelnuevonorte.com\/#website"},"datePublished":"2025-03-20T15:35:47+00:00","dateModified":"2025-03-20T15:35:49+00:00","breadcrumb":{"@id":"https:\/\/infoelnuevonorte.com\/?p=87479#breadcrumb"},"inLanguage":"es-DO","potentialAction":[{"@type":"ReadAction","target":["https:\/\/infoelnuevonorte.com\/?p=87479"]}]},{"@type":"BreadcrumbList","@id":"https:\/\/infoelnuevonorte.com\/?p=87479#breadcrumb","itemListElement":[{"@type":"ListItem","position":1,"name":"Home","item":"https:\/\/infoelnuevonorte.com\/"},{"@type":"ListItem","position":2,"name":"Confirman brote de fiebre porcina africana en El Pino, Dajab\u00f3n"}]},{"@type":"WebSite","@id":"https:\/\/infoelnuevonorte.com\/#website","url":"https:\/\/infoelnuevonorte.com\/","name":"InfoEnn","description":"Tu Voz, tu Verdad, tu Diario!!!","publisher":{"@id":"https:\/\/infoelnuevonorte.com\/#organization"},"alternateName":"El Nuevo Norte","potentialAction":[{"@type":"SearchAction","target":{"@type":"EntryPoint","urlTemplate":"https:\/\/infoelnuevonorte.com\/?s={search_term_string}"},"query-input":{"@type":"PropertyValueSpecification","valueRequired":true,"valueName":"search_term_string"}}],"inLanguage":"es-DO"},{"@type":"Organization","@id":"https:\/\/infoelnuevonorte.com\/#organization","name":"Info El Nuevo Norte","alternateName":"El Nuevo Norte","url":"https:\/\/infoelnuevonorte.com\/","logo":{"@type":"ImageObject","inLanguage":"es-DO","@id":"https:\/\/infoelnuevonorte.com\/#\/schema\/logo\/image\/","url":"https:\/\/infoelnuevonorte.com\/wp-content\/uploads\/2026\/02\/Logo-Info-enn-3d-20ani.jpeg","contentUrl":"https:\/\/infoelnuevonorte.com\/wp-content\/uploads\/2026\/02\/Logo-Info-enn-3d-20ani.jpeg","width":2046,"height":736,"caption":"Info El Nuevo Norte"},"image":{"@id":"https:\/\/infoelnuevonorte.com\/#\/schema\/logo\/image\/"},"sameAs":["https:\/\/www.facebook.com\/infoenn","https:\/\/x.com\/Elnuevo_norte","https:\/\/www.instagram.com\/infoenn","https:\/\/www.facebook.com\/ENNRD"]},{"@type":"Person","@id":"https:\/\/infoelnuevonorte.com\/#\/schema\/person\/fd4f6d90afe41260818b4ea94ad8ab84","name":"InfoEnn","image":{"@type":"ImageObject","inLanguage":"es-DO","@id":"https:\/\/infoelnuevonorte.com\/#\/schema\/person\/image\/","url":"https:\/\/secure.gravatar.com\/avatar\/d4d760a41a48ba9db0a82bfb63bb0783?s=96&d=robohash&r=g","contentUrl":"https:\/\/secure.gravatar.com\/avatar\/d4d760a41a48ba9db0a82bfb63bb0783?s=96&d=robohash&r=g","caption":"InfoEnn"},"sameAs":["https:\/\/infoelnuevonorte.com"],"url":"https:\/\/infoelnuevonorte.com\/?author=1"}]}},"_links":{"self":[{"href":"https:\/\/infoelnuevonorte.com\/index.php?rest_route=\/wp\/v2\/posts\/87479"}],"collection":[{"href":"https:\/\/infoelnuevonorte.com\/index.php?rest_route=\/wp\/v2\/posts"}],"about":[{"href":"https:\/\/infoelnuevonorte.com\/index.php?rest_route=\/wp\/v2\/types\/post"}],"author":[{"embeddable":true,"href":"https:\/\/infoelnuevonorte.com\/index.php?rest_route=\/wp\/v2\/users\/1"}],"replies":[{"embeddable":true,"href":"https:\/\/infoelnuevonorte.com\/index.php?rest_route=%2Fwp%2Fv2%2Fcomments&post=87479"}],"version-history":[{"count":1,"href":"https:\/\/infoelnuevonorte.com\/index.php?rest_route=\/wp\/v2\/posts\/87479\/revisions"}],"predecessor-version":[{"id":87483,"href":"https:\/\/infoelnuevonorte.com\/index.php?rest_route=\/wp\/v2\/posts\/87479\/revisions\/87483"}],"wp:attachment":[{"href":"https:\/\/infoelnuevonorte.com\/index.php?rest_route=%2Fwp%2Fv2%2Fmedia&parent=87479"}],"wp:term":[{"taxonomy":"category","embeddable":true,"href":"https:\/\/infoelnuevonorte.com\/index.php?rest_route=%2Fwp%2Fv2%2Fcategories&post=87479"},{"taxonomy":"post_tag","embeddable":true,"href":"https:\/\/infoelnuevonorte.com\/index.php?rest_route=%2Fwp%2Fv2%2Ftags&post=87479"}],"curies":[{"name":"wp","href":"https:\/\/api.w.org\/{rel}","templated":true}]}}