{"id":87629,"date":"2025-03-20T18:19:08","date_gmt":"2025-03-20T22:19:08","guid":{"rendered":"https:\/\/infoelnuevonorte.com\/?p=87629"},"modified":"2025-03-20T18:19:09","modified_gmt":"2025-03-20T22:19:09","slug":"cultura-anuncia-cierre-de-calles-desde-este-sabado-por-desfile-nacional-de-carnaval-2025","status":"publish","type":"post","link":"https:\/\/infoelnuevonorte.com\/?p=87629","title":{"rendered":"Cultura anuncia cierre de calles desde este s\u00e1bado por Desfile Nacional de Carnaval 2025"},"content":{"rendered":"\n<p><\/p>\n\n\n<!--[if lt IE 9]><script>document.createElement('audio');<\/script><![endif]-->\n<audio class=\"wp-audio-shortcode\" id=\"audio-87629-1\" preload=\"none\" style=\"width: 100%;\" controls=\"controls\"><source type=\"audio\/mpeg\" src=\"https:\/\/infoelnuevonorte.com\/wp-content\/uploads\/2025\/03\/ttsmaker-vip-file-2025-3-20-18-18-36.mp3?_=1\" \/><a href=\"https:\/\/infoelnuevonorte.com\/wp-content\/uploads\/2025\/03\/ttsmaker-vip-file-2025-3-20-18-18-36.mp3\">https:\/\/infoelnuevonorte.com\/wp-content\/uploads\/2025\/03\/ttsmaker-vip-file-2025-3-20-18-18-36.mp3<\/a><\/audio>\n<p style=\"text-align: justify;\">El\u00a0<strong>Ministerio<\/strong>\u00a0de\u00a0<strong>Cultura<\/strong>\u00a0(Minc) inform\u00f3 que a partir de este s\u00e1bado 21, a las 12:00 de la noche, la\u00a0<strong>circulaci\u00f3n<\/strong>\u00a0<strong>vehicular<\/strong>\u00a0estar\u00e1 restringida en la avenida George Washington, en el tramo comprendido entre la calle Estrelleta y la avenida M\u00e1ximo G\u00f3mez, con motivo de la celebraci\u00f3n, el pr\u00f3ximo domingo, del\u00a0<strong>Desfile Nacional de Carnaval<\/strong>\u00a02025.<\/p>\n<p style=\"text-align: justify;\">De igual manera, esta\u00a0<strong>restricci\u00f3n<\/strong>\u00a0ser\u00e1 ampliada desde las 12:00 de la medianoche del domingo 23 hasta el lunes 24 de marzo a las 5:00 de la ma\u00f1ana, desde el puente flotante, en la avenida<strong>\u00a0Francisco<\/strong>\u00a0Alberto Caama\u00f1o, hasta la avenida Abraham Lincoln.<\/p>\n<p style=\"text-align: justify;\">Estas disposiciones han sido consensuadas con la Direcci\u00f3n de\u00a0<strong>Tr\u00e1nsito<\/strong>\u00a0y\u00a0<strong>Movilidad<\/strong>\u00a0Urbana de la Alcald\u00eda del Distrito Nacional y la subdirecci\u00f3n de la general de seguridad de\u00a0<strong>Tr\u00e1nsito<\/strong> y Transporte Terrestre (Digesett).<\/p>\n<h2 style=\"text-align: justify;\">Recomendaciones<\/h2>\n<p style=\"text-align: justify;\">El Minc recomienda a la ciudadan\u00eda el uso de\u00a0<strong>rutas<\/strong>\u00a0<strong>alternativas<\/strong>, como las avenidas Bol\u00edvar, Independencia, M\u00e9xico, Benito Gonz\u00e1lez, Mella y Correa y Cidr\u00f3n, para facilitar la movilidad durante la celebraci\u00f3n de esta fiesta popular de la cultura dominicana.<\/p>\n<p style=\"text-align: justify;\">Esta medida responde al prop\u00f3sito de agilizar el\u00a0<strong>tr\u00e1nsito<\/strong>, tomando en cuenta el alto flujo\u00a0<strong>vehicular<\/strong>\u00a0en la avenida George Washington y en las v\u00edas internas de la Ciudad Colonial.<\/p>\n<h2 style=\"text-align: justify;\">Dedicatoria<\/h2>\n<ul class=\"list-text\">\n<li style=\"text-align: justify;\">Dedicado este a\u00f1o a la\u00a0<strong>provincia<\/strong>\u00a0de\u00a0<strong>San Crist\u00f3bal<\/strong>, el\u00a0<strong>Desfile Nacional de Carnaval<\/strong>\u00a0comenzar\u00e1 a las 2:00 de la tarde y reunir\u00e1 a las mejores\u00a0<strong>comparsas<\/strong>\u00a0de todo el territorio nacional.<\/li>\n<li style=\"text-align: justify;\">En la presente edici\u00f3n, los reyes de la celebraci\u00f3n son el\u00a0<strong>artista<\/strong>\u00a0y\u00a0<strong>dise\u00f1ador<\/strong>\u00a0Luis Rivas y la comunicadora Jatnna Tav\u00e1rez, elegidos por sus destacadas trayectorias en los<strong>\u00a0\u00e1mbitos\u00a0<\/strong>del arte y el entretenimiento, as\u00ed como por su reconocimiento tanto a nivel nacional como internacional.<\/li>\n<li style=\"text-align: justify;\">Para obtener m\u00e1s informaci\u00f3n sobre el\u00a0<strong>Desfile Nacional de Carnaval 2025<\/strong>, los interesados pueden visitar las\u00a0<strong>redes<\/strong>\u00a0<strong>sociales<\/strong>\u00a0del MINC (@miculturard) y la p\u00e1gina web\u00a0https:\/\/www.cultura.gob.do.<\/li>\n<\/ul>","protected":false},"excerpt":{"rendered":"<p>El\u00a0Ministerio\u00a0de\u00a0Cultura\u00a0(Minc) inform\u00f3 que a partir de este s\u00e1bado 21, a las 12:00 de la noche, la\u00a0circulaci\u00f3n\u00a0vehicular\u00a0estar\u00e1 restringida en la avenida George Washington, en el tramo comprendido entre la calle Estrelleta y la avenida M\u00e1ximo G\u00f3mez, con motivo de la celebraci\u00f3n, el pr\u00f3ximo domingo, del\u00a0Desfile Nacional de Carnaval\u00a02025. De igual manera, esta\u00a0restricci\u00f3n\u00a0ser\u00e1 ampliada desde las 12:00 [&hellip;]<\/p>\n","protected":false},"author":2,"featured_media":0,"comment_status":"closed","ping_status":"open","sticky":false,"template":"","format":"standard","meta":{"footnotes":""},"categories":[17],"tags":[],"yoast_head":"<!-- This site is optimized with the Yoast SEO plugin v24.5 - https:\/\/yoast.com\/wordpress\/plugins\/seo\/ -->\n<title>Cultura anuncia cierre de calles desde este s\u00e1bado por Desfile Nacional de Carnaval 2025 | El Nuevo Norte<\/title>\n<meta name=\"robots\" content=\"index, follow, max-snippet:-1, max-image-preview:large, max-video-preview:-1\" \/>\n<link rel=\"canonical\" href=\"https:\/\/infoelnuevonorte.com\/?p=87629\" \/>\n<meta property=\"og:locale\" content=\"es_ES\" \/>\n<meta property=\"og:type\" content=\"article\" \/>\n<meta property=\"og:title\" content=\"Cultura anuncia cierre de calles desde este s\u00e1bado por Desfile Nacional de Carnaval 2025 | El Nuevo Norte\" \/>\n<meta property=\"og:description\" content=\"El\u00a0Ministerio\u00a0de\u00a0Cultura\u00a0(Minc) inform\u00f3 que a partir de este s\u00e1bado 21, a las 12:00 de la noche, la\u00a0circulaci\u00f3n\u00a0vehicular\u00a0estar\u00e1 restringida en la avenida George Washington, en el tramo comprendido entre la calle Estrelleta y la avenida M\u00e1ximo G\u00f3mez, con motivo de la celebraci\u00f3n, el pr\u00f3ximo domingo, del\u00a0Desfile Nacional de Carnaval\u00a02025. De igual manera, esta\u00a0restricci\u00f3n\u00a0ser\u00e1 ampliada desde las 12:00 [&hellip;]\" \/>\n<meta property=\"og:url\" content=\"https:\/\/infoelnuevonorte.com\/?p=87629\" \/>\n<meta property=\"og:site_name\" content=\"El Nuevo Norte\" \/>\n<meta property=\"article:publisher\" content=\"https:\/\/www.facebook.com\/infoenn\" \/>\n<meta property=\"article:published_time\" content=\"2025-03-20T22:19:08+00:00\" \/>\n<meta property=\"article:modified_time\" content=\"2025-03-20T22:19:09+00:00\" \/>\n<meta property=\"og:image\" content=\"https:\/\/infoelnuevonorte.com\/wp-content\/uploads\/2025\/03\/05032023-carnaval-de-santo-domingo-2023-kevin-rivas73-f41983b2-focus-0-0-896-504.png\" \/>\n\t<meta property=\"og:image:width\" content=\"896\" \/>\n\t<meta property=\"og:image:height\" content=\"504\" \/>\n\t<meta property=\"og:image:type\" content=\"image\/png\" \/>\n<meta name=\"author\" content=\"T. R.\" \/>\n<meta name=\"twitter:card\" content=\"summary_large_image\" \/>\n<meta name=\"twitter:creator\" content=\"@Elnuevo_norte\" \/>\n<meta name=\"twitter:site\" content=\"@Elnuevo_norte\" \/>\n<meta name=\"twitter:label1\" content=\"Written by\" \/>\n\t<meta name=\"twitter:data1\" content=\"T. R.\" \/>\n\t<meta name=\"twitter:label2\" content=\"Est. reading time\" \/>\n\t<meta name=\"twitter:data2\" content=\"2 minutos\" \/>\n<script type=\"application\/ld+json\" class=\"yoast-schema-graph\">{\"@context\":\"https:\/\/schema.org\",\"@graph\":[{\"@type\":\"Article\",\"@id\":\"https:\/\/infoelnuevonorte.com\/?p=87629#article\",\"isPartOf\":{\"@id\":\"https:\/\/infoelnuevonorte.com\/?p=87629\"},\"author\":{\"name\":\"T. R.\",\"@id\":\"https:\/\/infoelnuevonorte.com\/#\/schema\/person\/3accb35eb55f55e96c492b52d085a403\"},\"headline\":\"Cultura anuncia cierre de calles desde este s\u00e1bado por Desfile Nacional de Carnaval 2025\",\"datePublished\":\"2025-03-20T22:19:08+00:00\",\"dateModified\":\"2025-03-20T22:19:09+00:00\",\"mainEntityOfPage\":{\"@id\":\"https:\/\/infoelnuevonorte.com\/?p=87629\"},\"wordCount\":362,\"publisher\":{\"@id\":\"https:\/\/infoelnuevonorte.com\/#organization\"},\"articleSection\":[\"Cultura\"],\"inLanguage\":\"es-DO\"},{\"@type\":\"WebPage\",\"@id\":\"https:\/\/infoelnuevonorte.com\/?p=87629\",\"url\":\"https:\/\/infoelnuevonorte.com\/?p=87629\",\"name\":\"Cultura anuncia cierre de calles desde este s\u00e1bado por Desfile Nacional de Carnaval 2025 | El Nuevo Norte\",\"isPartOf\":{\"@id\":\"https:\/\/infoelnuevonorte.com\/#website\"},\"datePublished\":\"2025-03-20T22:19:08+00:00\",\"dateModified\":\"2025-03-20T22:19:09+00:00\",\"breadcrumb\":{\"@id\":\"https:\/\/infoelnuevonorte.com\/?p=87629#breadcrumb\"},\"inLanguage\":\"es-DO\",\"potentialAction\":[{\"@type\":\"ReadAction\",\"target\":[\"https:\/\/infoelnuevonorte.com\/?p=87629\"]}]},{\"@type\":\"BreadcrumbList\",\"@id\":\"https:\/\/infoelnuevonorte.com\/?p=87629#breadcrumb\",\"itemListElement\":[{\"@type\":\"ListItem\",\"position\":1,\"name\":\"Home\",\"item\":\"https:\/\/infoelnuevonorte.com\/\"},{\"@type\":\"ListItem\",\"position\":2,\"name\":\"Cultura anuncia cierre de calles desde este s\u00e1bado por Desfile Nacional de Carnaval 2025\"}]},{\"@type\":\"WebSite\",\"@id\":\"https:\/\/infoelnuevonorte.com\/#website\",\"url\":\"https:\/\/infoelnuevonorte.com\/\",\"name\":\"InfoEnn\",\"description\":\"Tu Voz, tu Verdad, tu Diario!!!\",\"publisher\":{\"@id\":\"https:\/\/infoelnuevonorte.com\/#organization\"},\"alternateName\":\"El Nuevo Norte\",\"potentialAction\":[{\"@type\":\"SearchAction\",\"target\":{\"@type\":\"EntryPoint\",\"urlTemplate\":\"https:\/\/infoelnuevonorte.com\/?s={search_term_string}\"},\"query-input\":{\"@type\":\"PropertyValueSpecification\",\"valueRequired\":true,\"valueName\":\"search_term_string\"}}],\"inLanguage\":\"es-DO\"},{\"@type\":\"Organization\",\"@id\":\"https:\/\/infoelnuevonorte.com\/#organization\",\"name\":\"Info El Nuevo Norte\",\"alternateName\":\"El Nuevo Norte\",\"url\":\"https:\/\/infoelnuevonorte.com\/\",\"logo\":{\"@type\":\"ImageObject\",\"inLanguage\":\"es-DO\",\"@id\":\"https:\/\/infoelnuevonorte.com\/#\/schema\/logo\/image\/\",\"url\":\"https:\/\/infoelnuevonorte.com\/wp-content\/uploads\/2026\/02\/Logo-Info-enn-3d-20ani.jpeg\",\"contentUrl\":\"https:\/\/infoelnuevonorte.com\/wp-content\/uploads\/2026\/02\/Logo-Info-enn-3d-20ani.jpeg\",\"width\":2046,\"height\":736,\"caption\":\"Info El Nuevo Norte\"},\"image\":{\"@id\":\"https:\/\/infoelnuevonorte.com\/#\/schema\/logo\/image\/\"},\"sameAs\":[\"https:\/\/www.facebook.com\/infoenn\",\"https:\/\/x.com\/Elnuevo_norte\",\"https:\/\/www.instagram.com\/infoenn\",\"https:\/\/www.facebook.com\/ENNRD\"]},{\"@type\":\"Person\",\"@id\":\"https:\/\/infoelnuevonorte.com\/#\/schema\/person\/3accb35eb55f55e96c492b52d085a403\",\"name\":\"T. R.\",\"image\":{\"@type\":\"ImageObject\",\"inLanguage\":\"es-DO\",\"@id\":\"https:\/\/infoelnuevonorte.com\/#\/schema\/person\/image\/\",\"url\":\"https:\/\/secure.gravatar.com\/avatar\/40543a038bda97abdb765b1662e9677d?s=96&d=robohash&r=g\",\"contentUrl\":\"https:\/\/secure.gravatar.com\/avatar\/40543a038bda97abdb765b1662e9677d?s=96&d=robohash&r=g\",\"caption\":\"T. R.\"},\"url\":\"https:\/\/infoelnuevonorte.com\/?author=2\"}]}<\/script>\n<!-- \/ Yoast SEO plugin. -->","yoast_head_json":{"title":"Cultura anuncia cierre de calles desde este s\u00e1bado por Desfile Nacional de Carnaval 2025 | El Nuevo Norte","robots":{"index":"index","follow":"follow","max-snippet":"max-snippet:-1","max-image-preview":"max-image-preview:large","max-video-preview":"max-video-preview:-1"},"canonical":"https:\/\/infoelnuevonorte.com\/?p=87629","og_locale":"es_ES","og_type":"article","og_title":"Cultura anuncia cierre de calles desde este s\u00e1bado por Desfile Nacional de Carnaval 2025 | El Nuevo Norte","og_description":"El\u00a0Ministerio\u00a0de\u00a0Cultura\u00a0(Minc) inform\u00f3 que a partir de este s\u00e1bado 21, a las 12:00 de la noche, la\u00a0circulaci\u00f3n\u00a0vehicular\u00a0estar\u00e1 restringida en la avenida George Washington, en el tramo comprendido entre la calle Estrelleta y la avenida M\u00e1ximo G\u00f3mez, con motivo de la celebraci\u00f3n, el pr\u00f3ximo domingo, del\u00a0Desfile Nacional de Carnaval\u00a02025. De igual manera, esta\u00a0restricci\u00f3n\u00a0ser\u00e1 ampliada desde las 12:00 [&hellip;]","og_url":"https:\/\/infoelnuevonorte.com\/?p=87629","og_site_name":"El Nuevo Norte","article_publisher":"https:\/\/www.facebook.com\/infoenn","article_published_time":"2025-03-20T22:19:08+00:00","article_modified_time":"2025-03-20T22:19:09+00:00","og_image":[{"width":896,"height":504,"url":"https:\/\/infoelnuevonorte.com\/wp-content\/uploads\/2025\/03\/05032023-carnaval-de-santo-domingo-2023-kevin-rivas73-f41983b2-focus-0-0-896-504.png","type":"image\/png"}],"author":"T. R.","twitter_card":"summary_large_image","twitter_creator":"@Elnuevo_norte","twitter_site":"@Elnuevo_norte","twitter_misc":{"Written by":"T. R.","Est. reading time":"2 minutos"},"schema":{"@context":"https:\/\/schema.org","@graph":[{"@type":"Article","@id":"https:\/\/infoelnuevonorte.com\/?p=87629#article","isPartOf":{"@id":"https:\/\/infoelnuevonorte.com\/?p=87629"},"author":{"name":"T. R.","@id":"https:\/\/infoelnuevonorte.com\/#\/schema\/person\/3accb35eb55f55e96c492b52d085a403"},"headline":"Cultura anuncia cierre de calles desde este s\u00e1bado por Desfile Nacional de Carnaval 2025","datePublished":"2025-03-20T22:19:08+00:00","dateModified":"2025-03-20T22:19:09+00:00","mainEntityOfPage":{"@id":"https:\/\/infoelnuevonorte.com\/?p=87629"},"wordCount":362,"publisher":{"@id":"https:\/\/infoelnuevonorte.com\/#organization"},"articleSection":["Cultura"],"inLanguage":"es-DO"},{"@type":"WebPage","@id":"https:\/\/infoelnuevonorte.com\/?p=87629","url":"https:\/\/infoelnuevonorte.com\/?p=87629","name":"Cultura anuncia cierre de calles desde este s\u00e1bado por Desfile Nacional de Carnaval 2025 | El Nuevo Norte","isPartOf":{"@id":"https:\/\/infoelnuevonorte.com\/#website"},"datePublished":"2025-03-20T22:19:08+00:00","dateModified":"2025-03-20T22:19:09+00:00","breadcrumb":{"@id":"https:\/\/infoelnuevonorte.com\/?p=87629#breadcrumb"},"inLanguage":"es-DO","potentialAction":[{"@type":"ReadAction","target":["https:\/\/infoelnuevonorte.com\/?p=87629"]}]},{"@type":"BreadcrumbList","@id":"https:\/\/infoelnuevonorte.com\/?p=87629#breadcrumb","itemListElement":[{"@type":"ListItem","position":1,"name":"Home","item":"https:\/\/infoelnuevonorte.com\/"},{"@type":"ListItem","position":2,"name":"Cultura anuncia cierre de calles desde este s\u00e1bado por Desfile Nacional de Carnaval 2025"}]},{"@type":"WebSite","@id":"https:\/\/infoelnuevonorte.com\/#website","url":"https:\/\/infoelnuevonorte.com\/","name":"InfoEnn","description":"Tu Voz, tu Verdad, tu Diario!!!","publisher":{"@id":"https:\/\/infoelnuevonorte.com\/#organization"},"alternateName":"El Nuevo Norte","potentialAction":[{"@type":"SearchAction","target":{"@type":"EntryPoint","urlTemplate":"https:\/\/infoelnuevonorte.com\/?s={search_term_string}"},"query-input":{"@type":"PropertyValueSpecification","valueRequired":true,"valueName":"search_term_string"}}],"inLanguage":"es-DO"},{"@type":"Organization","@id":"https:\/\/infoelnuevonorte.com\/#organization","name":"Info El Nuevo Norte","alternateName":"El Nuevo Norte","url":"https:\/\/infoelnuevonorte.com\/","logo":{"@type":"ImageObject","inLanguage":"es-DO","@id":"https:\/\/infoelnuevonorte.com\/#\/schema\/logo\/image\/","url":"https:\/\/infoelnuevonorte.com\/wp-content\/uploads\/2026\/02\/Logo-Info-enn-3d-20ani.jpeg","contentUrl":"https:\/\/infoelnuevonorte.com\/wp-content\/uploads\/2026\/02\/Logo-Info-enn-3d-20ani.jpeg","width":2046,"height":736,"caption":"Info El Nuevo Norte"},"image":{"@id":"https:\/\/infoelnuevonorte.com\/#\/schema\/logo\/image\/"},"sameAs":["https:\/\/www.facebook.com\/infoenn","https:\/\/x.com\/Elnuevo_norte","https:\/\/www.instagram.com\/infoenn","https:\/\/www.facebook.com\/ENNRD"]},{"@type":"Person","@id":"https:\/\/infoelnuevonorte.com\/#\/schema\/person\/3accb35eb55f55e96c492b52d085a403","name":"T. R.","image":{"@type":"ImageObject","inLanguage":"es-DO","@id":"https:\/\/infoelnuevonorte.com\/#\/schema\/person\/image\/","url":"https:\/\/secure.gravatar.com\/avatar\/40543a038bda97abdb765b1662e9677d?s=96&d=robohash&r=g","contentUrl":"https:\/\/secure.gravatar.com\/avatar\/40543a038bda97abdb765b1662e9677d?s=96&d=robohash&r=g","caption":"T. R."},"url":"https:\/\/infoelnuevonorte.com\/?author=2"}]}},"_links":{"self":[{"href":"https:\/\/infoelnuevonorte.com\/index.php?rest_route=\/wp\/v2\/posts\/87629"}],"collection":[{"href":"https:\/\/infoelnuevonorte.com\/index.php?rest_route=\/wp\/v2\/posts"}],"about":[{"href":"https:\/\/infoelnuevonorte.com\/index.php?rest_route=\/wp\/v2\/types\/post"}],"author":[{"embeddable":true,"href":"https:\/\/infoelnuevonorte.com\/index.php?rest_route=\/wp\/v2\/users\/2"}],"replies":[{"embeddable":true,"href":"https:\/\/infoelnuevonorte.com\/index.php?rest_route=%2Fwp%2Fv2%2Fcomments&post=87629"}],"version-history":[{"count":1,"href":"https:\/\/infoelnuevonorte.com\/index.php?rest_route=\/wp\/v2\/posts\/87629\/revisions"}],"predecessor-version":[{"id":87632,"href":"https:\/\/infoelnuevonorte.com\/index.php?rest_route=\/wp\/v2\/posts\/87629\/revisions\/87632"}],"wp:attachment":[{"href":"https:\/\/infoelnuevonorte.com\/index.php?rest_route=%2Fwp%2Fv2%2Fmedia&parent=87629"}],"wp:term":[{"taxonomy":"category","embeddable":true,"href":"https:\/\/infoelnuevonorte.com\/index.php?rest_route=%2Fwp%2Fv2%2Fcategories&post=87629"},{"taxonomy":"post_tag","embeddable":true,"href":"https:\/\/infoelnuevonorte.com\/index.php?rest_route=%2Fwp%2Fv2%2Ftags&post=87629"}],"curies":[{"name":"wp","href":"https:\/\/api.w.org\/{rel}","templated":true}]}}