{"id":88527,"date":"2025-03-25T10:39:16","date_gmt":"2025-03-25T14:39:16","guid":{"rendered":"https:\/\/infoelnuevonorte.com\/?p=88527"},"modified":"2025-03-25T10:39:17","modified_gmt":"2025-03-25T14:39:17","slug":"familiares-denuncian-presunto-abuso-en-carcel-de-la-vega-tras-muerte-de-recluso","status":"publish","type":"post","link":"https:\/\/infoelnuevonorte.com\/?p=88527","title":{"rendered":"Familiares denuncian presunto abuso en c\u00e1rcel de La Vega tras muerte de recluso"},"content":{"rendered":"<div id=\"nota-texto\" class=\"nota-detalle-p\">\n<!--[if lt IE 9]><script>document.createElement('audio');<\/script><![endif]-->\n<audio class=\"wp-audio-shortcode\" id=\"audio-88527-1\" preload=\"none\" style=\"width: 100%;\" controls=\"controls\"><source type=\"audio\/mpeg\" src=\"https:\/\/infoelnuevonorte.com\/wp-content\/uploads\/2025\/03\/ttsmaker-vip-file-2025-3-25-10-38-30.mp3?_=1\" \/><a href=\"https:\/\/infoelnuevonorte.com\/wp-content\/uploads\/2025\/03\/ttsmaker-vip-file-2025-3-25-10-38-30.mp3\">https:\/\/infoelnuevonorte.com\/wp-content\/uploads\/2025\/03\/ttsmaker-vip-file-2025-3-25-10-38-30.mp3<\/a><\/audio>\n<p style=\"text-align: justify;\"><strong>Villa Bison\u00f3, Navarrete<\/strong>.- Familiares de Jos\u00e9 Yovanny Torres, conocido como \"El Marciano\", denuncian presuntos abusos en el Centro de Correcci\u00f3n y Rehabilitaci\u00f3n (CCR) de La Vega, tras su fallecimiento ocurrido este lunes.<\/p>\n<p style=\"text-align: justify;\">Torres, quien era ampliamente reconocido en la comunidad por su labor en el cuerpo de bomberos y en el ayuntamiento de Villa Bison\u00f3, estaba en prisi\u00f3n preventiva desde julio de 2023, a la espera de su juicio de fondo programado para el 21 de abril de este a\u00f1o.<\/p>\n<p style=\"text-align: justify;\">De acuerdo con la denuncia, hace pocos d\u00edas el recluso se encontraba en buen estado de salud y en comunicaci\u00f3n con sus allegados. Sin embargo, recientemente las autoridades penitenciarias informaron que sufri\u00f3 una ca\u00edda en el ba\u00f1o, lo que le provoc\u00f3 graves lesiones. <strong>Al visitarlo en la c\u00e1rcel, sus familiares encontraron a Torres en una silla de ruedas, con visibles golpes en la cabeza, la frente y la nariz, sin poder hablar, ver ni caminar.<\/strong><\/p>\n<p style=\"text-align: justify;\">Ante la gravedad de la situaci\u00f3n, <strong>sus familiares aseguran que las lesiones no corresponden a una simple ca\u00edda y exigen una investigaci\u00f3n profunda <\/strong>sobre las circunstancias de su muerte.<\/p>\n<p style=\"text-align: justify;\">\"Queremos que se haga justicia y que se investigue al director del centro penitenciario y a todos los polic\u00edas que trabajan en el CCR de La Vega\".<\/p>\n<p style=\"text-align: justify;\">Asimismo, han solicitado que se realice una autopsia para esclarecer la causa del fallecimiento y determinar si hubo alg\u00fan tipo de agresi\u00f3n o negligencia por parte de las autoridades del penal.<\/p>\n<p style=\"text-align: justify;\">Hasta el momento, las autoridades no han emitido una declaraci\u00f3n oficial sobre el caso.<\/p>\n<\/div>\n","protected":false},"excerpt":{"rendered":"<p>Villa Bison\u00f3, Navarrete.- Familiares de Jos\u00e9 Yovanny Torres, conocido como \"El Marciano\", denuncian presuntos abusos en el Centro de Correcci\u00f3n y Rehabilitaci\u00f3n (CCR) de La Vega, tras su fallecimiento ocurrido este lunes. Torres, quien era ampliamente reconocido en la comunidad por su labor en el cuerpo de bomberos y en el ayuntamiento de Villa Bison\u00f3, [&hellip;]<\/p>\n","protected":false},"author":1,"featured_media":0,"comment_status":"closed","ping_status":"open","sticky":false,"template":"","format":"standard","meta":{"footnotes":""},"categories":[5],"tags":[],"yoast_head":"<!-- This site is optimized with the Yoast SEO plugin v24.5 - https:\/\/yoast.com\/wordpress\/plugins\/seo\/ -->\n<title>Familiares denuncian presunto abuso en c\u00e1rcel de La Vega tras muerte de recluso | El Nuevo Norte<\/title>\n<meta name=\"robots\" content=\"index, follow, max-snippet:-1, max-image-preview:large, max-video-preview:-1\" \/>\n<link rel=\"canonical\" href=\"https:\/\/infoelnuevonorte.com\/?p=88527\" \/>\n<meta property=\"og:locale\" content=\"es_ES\" \/>\n<meta property=\"og:type\" content=\"article\" \/>\n<meta property=\"og:title\" content=\"Familiares denuncian presunto abuso en c\u00e1rcel de La Vega tras muerte de recluso | El Nuevo Norte\" \/>\n<meta property=\"og:description\" content=\"Villa Bison\u00f3, Navarrete.- Familiares de Jos\u00e9 Yovanny Torres, conocido como &quot;El Marciano&quot;, denuncian presuntos abusos en el Centro de Correcci\u00f3n y Rehabilitaci\u00f3n (CCR) de La Vega, tras su fallecimiento ocurrido este lunes. Torres, quien era ampliamente reconocido en la comunidad por su labor en el cuerpo de bomberos y en el ayuntamiento de Villa Bison\u00f3, [&hellip;]\" \/>\n<meta property=\"og:url\" content=\"https:\/\/infoelnuevonorte.com\/?p=88527\" \/>\n<meta property=\"og:site_name\" content=\"El Nuevo Norte\" \/>\n<meta property=\"article:publisher\" content=\"https:\/\/www.facebook.com\/infoenn\" \/>\n<meta property=\"article:published_time\" content=\"2025-03-25T14:39:16+00:00\" \/>\n<meta property=\"article:modified_time\" content=\"2025-03-25T14:39:17+00:00\" \/>\n<meta property=\"og:image\" content=\"https:\/\/infoelnuevonorte.com\/wp-content\/uploads\/2025\/03\/el-pinito.webp\" \/>\n\t<meta property=\"og:image:width\" content=\"895\" \/>\n\t<meta property=\"og:image:height\" content=\"573\" \/>\n\t<meta property=\"og:image:type\" content=\"image\/webp\" \/>\n<meta name=\"author\" content=\"InfoEnn\" \/>\n<meta name=\"twitter:card\" content=\"summary_large_image\" \/>\n<meta name=\"twitter:creator\" content=\"@Elnuevo_norte\" \/>\n<meta name=\"twitter:site\" content=\"@Elnuevo_norte\" \/>\n<meta name=\"twitter:label1\" content=\"Written by\" \/>\n\t<meta name=\"twitter:data1\" content=\"InfoEnn\" \/>\n\t<meta name=\"twitter:label2\" content=\"Est. reading time\" \/>\n\t<meta name=\"twitter:data2\" content=\"2 minutos\" \/>\n<script type=\"application\/ld+json\" class=\"yoast-schema-graph\">{\"@context\":\"https:\/\/schema.org\",\"@graph\":[{\"@type\":\"Article\",\"@id\":\"https:\/\/infoelnuevonorte.com\/?p=88527#article\",\"isPartOf\":{\"@id\":\"https:\/\/infoelnuevonorte.com\/?p=88527\"},\"author\":{\"name\":\"InfoEnn\",\"@id\":\"https:\/\/infoelnuevonorte.com\/#\/schema\/person\/fd4f6d90afe41260818b4ea94ad8ab84\"},\"headline\":\"Familiares denuncian presunto abuso en c\u00e1rcel de La Vega tras muerte de recluso\",\"datePublished\":\"2025-03-25T14:39:16+00:00\",\"dateModified\":\"2025-03-25T14:39:17+00:00\",\"mainEntityOfPage\":{\"@id\":\"https:\/\/infoelnuevonorte.com\/?p=88527\"},\"wordCount\":300,\"publisher\":{\"@id\":\"https:\/\/infoelnuevonorte.com\/#organization\"},\"articleSection\":[\"Del Norte\"],\"inLanguage\":\"es-DO\"},{\"@type\":\"WebPage\",\"@id\":\"https:\/\/infoelnuevonorte.com\/?p=88527\",\"url\":\"https:\/\/infoelnuevonorte.com\/?p=88527\",\"name\":\"Familiares denuncian presunto abuso en c\u00e1rcel de La Vega tras muerte de recluso | El Nuevo Norte\",\"isPartOf\":{\"@id\":\"https:\/\/infoelnuevonorte.com\/#website\"},\"datePublished\":\"2025-03-25T14:39:16+00:00\",\"dateModified\":\"2025-03-25T14:39:17+00:00\",\"breadcrumb\":{\"@id\":\"https:\/\/infoelnuevonorte.com\/?p=88527#breadcrumb\"},\"inLanguage\":\"es-DO\",\"potentialAction\":[{\"@type\":\"ReadAction\",\"target\":[\"https:\/\/infoelnuevonorte.com\/?p=88527\"]}]},{\"@type\":\"BreadcrumbList\",\"@id\":\"https:\/\/infoelnuevonorte.com\/?p=88527#breadcrumb\",\"itemListElement\":[{\"@type\":\"ListItem\",\"position\":1,\"name\":\"Home\",\"item\":\"https:\/\/infoelnuevonorte.com\/\"},{\"@type\":\"ListItem\",\"position\":2,\"name\":\"Familiares denuncian presunto abuso en c\u00e1rcel de La Vega tras muerte de recluso\"}]},{\"@type\":\"WebSite\",\"@id\":\"https:\/\/infoelnuevonorte.com\/#website\",\"url\":\"https:\/\/infoelnuevonorte.com\/\",\"name\":\"InfoEnn\",\"description\":\"Tu Voz, tu Verdad, tu Diario!!!\",\"publisher\":{\"@id\":\"https:\/\/infoelnuevonorte.com\/#organization\"},\"alternateName\":\"El Nuevo Norte\",\"potentialAction\":[{\"@type\":\"SearchAction\",\"target\":{\"@type\":\"EntryPoint\",\"urlTemplate\":\"https:\/\/infoelnuevonorte.com\/?s={search_term_string}\"},\"query-input\":{\"@type\":\"PropertyValueSpecification\",\"valueRequired\":true,\"valueName\":\"search_term_string\"}}],\"inLanguage\":\"es-DO\"},{\"@type\":\"Organization\",\"@id\":\"https:\/\/infoelnuevonorte.com\/#organization\",\"name\":\"Info El Nuevo Norte\",\"alternateName\":\"El Nuevo Norte\",\"url\":\"https:\/\/infoelnuevonorte.com\/\",\"logo\":{\"@type\":\"ImageObject\",\"inLanguage\":\"es-DO\",\"@id\":\"https:\/\/infoelnuevonorte.com\/#\/schema\/logo\/image\/\",\"url\":\"https:\/\/infoelnuevonorte.com\/wp-content\/uploads\/2026\/02\/Logo-Info-enn-3d-20ani.jpeg\",\"contentUrl\":\"https:\/\/infoelnuevonorte.com\/wp-content\/uploads\/2026\/02\/Logo-Info-enn-3d-20ani.jpeg\",\"width\":2046,\"height\":736,\"caption\":\"Info El Nuevo Norte\"},\"image\":{\"@id\":\"https:\/\/infoelnuevonorte.com\/#\/schema\/logo\/image\/\"},\"sameAs\":[\"https:\/\/www.facebook.com\/infoenn\",\"https:\/\/x.com\/Elnuevo_norte\",\"https:\/\/www.instagram.com\/infoenn\",\"https:\/\/www.facebook.com\/ENNRD\"]},{\"@type\":\"Person\",\"@id\":\"https:\/\/infoelnuevonorte.com\/#\/schema\/person\/fd4f6d90afe41260818b4ea94ad8ab84\",\"name\":\"InfoEnn\",\"image\":{\"@type\":\"ImageObject\",\"inLanguage\":\"es-DO\",\"@id\":\"https:\/\/infoelnuevonorte.com\/#\/schema\/person\/image\/\",\"url\":\"https:\/\/secure.gravatar.com\/avatar\/d4d760a41a48ba9db0a82bfb63bb0783?s=96&d=robohash&r=g\",\"contentUrl\":\"https:\/\/secure.gravatar.com\/avatar\/d4d760a41a48ba9db0a82bfb63bb0783?s=96&d=robohash&r=g\",\"caption\":\"InfoEnn\"},\"sameAs\":[\"https:\/\/infoelnuevonorte.com\"],\"url\":\"https:\/\/infoelnuevonorte.com\/?author=1\"}]}<\/script>\n<!-- \/ Yoast SEO plugin. -->","yoast_head_json":{"title":"Familiares denuncian presunto abuso en c\u00e1rcel de La Vega tras muerte de recluso | El Nuevo Norte","robots":{"index":"index","follow":"follow","max-snippet":"max-snippet:-1","max-image-preview":"max-image-preview:large","max-video-preview":"max-video-preview:-1"},"canonical":"https:\/\/infoelnuevonorte.com\/?p=88527","og_locale":"es_ES","og_type":"article","og_title":"Familiares denuncian presunto abuso en c\u00e1rcel de La Vega tras muerte de recluso | El Nuevo Norte","og_description":"Villa Bison\u00f3, Navarrete.- Familiares de Jos\u00e9 Yovanny Torres, conocido como \"El Marciano\", denuncian presuntos abusos en el Centro de Correcci\u00f3n y Rehabilitaci\u00f3n (CCR) de La Vega, tras su fallecimiento ocurrido este lunes. Torres, quien era ampliamente reconocido en la comunidad por su labor en el cuerpo de bomberos y en el ayuntamiento de Villa Bison\u00f3, [&hellip;]","og_url":"https:\/\/infoelnuevonorte.com\/?p=88527","og_site_name":"El Nuevo Norte","article_publisher":"https:\/\/www.facebook.com\/infoenn","article_published_time":"2025-03-25T14:39:16+00:00","article_modified_time":"2025-03-25T14:39:17+00:00","og_image":[{"width":895,"height":573,"url":"https:\/\/infoelnuevonorte.com\/wp-content\/uploads\/2025\/03\/el-pinito.webp","type":"image\/webp"}],"author":"InfoEnn","twitter_card":"summary_large_image","twitter_creator":"@Elnuevo_norte","twitter_site":"@Elnuevo_norte","twitter_misc":{"Written by":"InfoEnn","Est. reading time":"2 minutos"},"schema":{"@context":"https:\/\/schema.org","@graph":[{"@type":"Article","@id":"https:\/\/infoelnuevonorte.com\/?p=88527#article","isPartOf":{"@id":"https:\/\/infoelnuevonorte.com\/?p=88527"},"author":{"name":"InfoEnn","@id":"https:\/\/infoelnuevonorte.com\/#\/schema\/person\/fd4f6d90afe41260818b4ea94ad8ab84"},"headline":"Familiares denuncian presunto abuso en c\u00e1rcel de La Vega tras muerte de recluso","datePublished":"2025-03-25T14:39:16+00:00","dateModified":"2025-03-25T14:39:17+00:00","mainEntityOfPage":{"@id":"https:\/\/infoelnuevonorte.com\/?p=88527"},"wordCount":300,"publisher":{"@id":"https:\/\/infoelnuevonorte.com\/#organization"},"articleSection":["Del Norte"],"inLanguage":"es-DO"},{"@type":"WebPage","@id":"https:\/\/infoelnuevonorte.com\/?p=88527","url":"https:\/\/infoelnuevonorte.com\/?p=88527","name":"Familiares denuncian presunto abuso en c\u00e1rcel de La Vega tras muerte de recluso | El Nuevo Norte","isPartOf":{"@id":"https:\/\/infoelnuevonorte.com\/#website"},"datePublished":"2025-03-25T14:39:16+00:00","dateModified":"2025-03-25T14:39:17+00:00","breadcrumb":{"@id":"https:\/\/infoelnuevonorte.com\/?p=88527#breadcrumb"},"inLanguage":"es-DO","potentialAction":[{"@type":"ReadAction","target":["https:\/\/infoelnuevonorte.com\/?p=88527"]}]},{"@type":"BreadcrumbList","@id":"https:\/\/infoelnuevonorte.com\/?p=88527#breadcrumb","itemListElement":[{"@type":"ListItem","position":1,"name":"Home","item":"https:\/\/infoelnuevonorte.com\/"},{"@type":"ListItem","position":2,"name":"Familiares denuncian presunto abuso en c\u00e1rcel de La Vega tras muerte de recluso"}]},{"@type":"WebSite","@id":"https:\/\/infoelnuevonorte.com\/#website","url":"https:\/\/infoelnuevonorte.com\/","name":"InfoEnn","description":"Tu Voz, tu Verdad, tu Diario!!!","publisher":{"@id":"https:\/\/infoelnuevonorte.com\/#organization"},"alternateName":"El Nuevo Norte","potentialAction":[{"@type":"SearchAction","target":{"@type":"EntryPoint","urlTemplate":"https:\/\/infoelnuevonorte.com\/?s={search_term_string}"},"query-input":{"@type":"PropertyValueSpecification","valueRequired":true,"valueName":"search_term_string"}}],"inLanguage":"es-DO"},{"@type":"Organization","@id":"https:\/\/infoelnuevonorte.com\/#organization","name":"Info El Nuevo Norte","alternateName":"El Nuevo Norte","url":"https:\/\/infoelnuevonorte.com\/","logo":{"@type":"ImageObject","inLanguage":"es-DO","@id":"https:\/\/infoelnuevonorte.com\/#\/schema\/logo\/image\/","url":"https:\/\/infoelnuevonorte.com\/wp-content\/uploads\/2026\/02\/Logo-Info-enn-3d-20ani.jpeg","contentUrl":"https:\/\/infoelnuevonorte.com\/wp-content\/uploads\/2026\/02\/Logo-Info-enn-3d-20ani.jpeg","width":2046,"height":736,"caption":"Info El Nuevo Norte"},"image":{"@id":"https:\/\/infoelnuevonorte.com\/#\/schema\/logo\/image\/"},"sameAs":["https:\/\/www.facebook.com\/infoenn","https:\/\/x.com\/Elnuevo_norte","https:\/\/www.instagram.com\/infoenn","https:\/\/www.facebook.com\/ENNRD"]},{"@type":"Person","@id":"https:\/\/infoelnuevonorte.com\/#\/schema\/person\/fd4f6d90afe41260818b4ea94ad8ab84","name":"InfoEnn","image":{"@type":"ImageObject","inLanguage":"es-DO","@id":"https:\/\/infoelnuevonorte.com\/#\/schema\/person\/image\/","url":"https:\/\/secure.gravatar.com\/avatar\/d4d760a41a48ba9db0a82bfb63bb0783?s=96&d=robohash&r=g","contentUrl":"https:\/\/secure.gravatar.com\/avatar\/d4d760a41a48ba9db0a82bfb63bb0783?s=96&d=robohash&r=g","caption":"InfoEnn"},"sameAs":["https:\/\/infoelnuevonorte.com"],"url":"https:\/\/infoelnuevonorte.com\/?author=1"}]}},"_links":{"self":[{"href":"https:\/\/infoelnuevonorte.com\/index.php?rest_route=\/wp\/v2\/posts\/88527"}],"collection":[{"href":"https:\/\/infoelnuevonorte.com\/index.php?rest_route=\/wp\/v2\/posts"}],"about":[{"href":"https:\/\/infoelnuevonorte.com\/index.php?rest_route=\/wp\/v2\/types\/post"}],"author":[{"embeddable":true,"href":"https:\/\/infoelnuevonorte.com\/index.php?rest_route=\/wp\/v2\/users\/1"}],"replies":[{"embeddable":true,"href":"https:\/\/infoelnuevonorte.com\/index.php?rest_route=%2Fwp%2Fv2%2Fcomments&post=88527"}],"version-history":[{"count":1,"href":"https:\/\/infoelnuevonorte.com\/index.php?rest_route=\/wp\/v2\/posts\/88527\/revisions"}],"predecessor-version":[{"id":88530,"href":"https:\/\/infoelnuevonorte.com\/index.php?rest_route=\/wp\/v2\/posts\/88527\/revisions\/88530"}],"wp:attachment":[{"href":"https:\/\/infoelnuevonorte.com\/index.php?rest_route=%2Fwp%2Fv2%2Fmedia&parent=88527"}],"wp:term":[{"taxonomy":"category","embeddable":true,"href":"https:\/\/infoelnuevonorte.com\/index.php?rest_route=%2Fwp%2Fv2%2Fcategories&post=88527"},{"taxonomy":"post_tag","embeddable":true,"href":"https:\/\/infoelnuevonorte.com\/index.php?rest_route=%2Fwp%2Fv2%2Ftags&post=88527"}],"curies":[{"name":"wp","href":"https:\/\/api.w.org\/{rel}","templated":true}]}}