{"id":88534,"date":"2025-03-25T10:52:11","date_gmt":"2025-03-25T14:52:11","guid":{"rendered":"https:\/\/infoelnuevonorte.com\/?p=88534"},"modified":"2025-03-25T10:52:12","modified_gmt":"2025-03-25T14:52:12","slug":"lider-de-antigua-orden-rd-alerta-sobre-amenazas-por-la-marcha-patriotica-en-friusa","status":"publish","type":"post","link":"https:\/\/infoelnuevonorte.com\/?p=88534","title":{"rendered":"L\u00edder de Antigua Orden RD alerta sobre amenazas por la marcha patri\u00f3tica en Friusa"},"content":{"rendered":"<div id=\"nota-texto\" class=\"nota-detalle-p\">\n<!--[if lt IE 9]><script>document.createElement('audio');<\/script><![endif]-->\n<audio class=\"wp-audio-shortcode\" id=\"audio-88534-1\" preload=\"none\" style=\"width: 100%;\" controls=\"controls\"><source type=\"audio\/mpeg\" src=\"https:\/\/infoelnuevonorte.com\/wp-content\/uploads\/2025\/03\/ttsmaker-vip-file-2025-3-25-10-51-1.mp3?_=1\" \/><a href=\"https:\/\/infoelnuevonorte.com\/wp-content\/uploads\/2025\/03\/ttsmaker-vip-file-2025-3-25-10-51-1.mp3\">https:\/\/infoelnuevonorte.com\/wp-content\/uploads\/2025\/03\/ttsmaker-vip-file-2025-3-25-10-51-1.mp3<\/a><\/audio>\n<p style=\"text-align: justify;\">El l\u00edder de la Antigua Orden RD, \u00c1ngelo V\u00e1squez, denunci\u00f3 este lunes que ha recibido\u00a0amenazas por parte de grupos haitianos, en particular de transportistas, en relaci\u00f3n a la marcha programada hacia Friusa el pr\u00f3ximo domingo 30 de marzo.<\/p>\n<p style=\"text-align: justify;\">Seg\u00fan V\u00e1squez, la manifestaci\u00f3n impacta directamente a los transportistas haitianos que residen en el pa\u00eds, as\u00ed como a los negocios ilegales que estos operan en Friusa, que es territorio dominicano.<\/p>\n<p style=\"text-align: justify;\">\u00abAlguien tiene que hacer algo para que las cosas cambien\u00bb, afirm\u00f3 el l\u00edder de la Antigua Orden RD, al recalcar que este es un momento crucial para la \u00abreconquista del pa\u00eds\u00bb.<\/p>\n<\/div>\n","protected":false},"excerpt":{"rendered":"<p>El l\u00edder de la Antigua Orden RD, \u00c1ngelo V\u00e1squez, denunci\u00f3 este lunes que ha recibido\u00a0amenazas por parte de grupos haitianos, en particular de transportistas, en relaci\u00f3n a la marcha programada hacia Friusa el pr\u00f3ximo domingo 30 de marzo. Seg\u00fan V\u00e1squez, la manifestaci\u00f3n impacta directamente a los transportistas haitianos que residen en el pa\u00eds, as\u00ed como [&hellip;]<\/p>\n","protected":false},"author":1,"featured_media":0,"comment_status":"closed","ping_status":"open","sticky":false,"template":"","format":"standard","meta":{"footnotes":""},"categories":[8],"tags":[],"yoast_head":"<!-- This site is optimized with the Yoast SEO plugin v24.5 - https:\/\/yoast.com\/wordpress\/plugins\/seo\/ -->\n<title>L\u00edder de Antigua Orden RD alerta sobre amenazas por la marcha patri\u00f3tica en Friusa | El Nuevo Norte<\/title>\n<meta name=\"robots\" content=\"index, follow, max-snippet:-1, max-image-preview:large, max-video-preview:-1\" \/>\n<link rel=\"canonical\" href=\"https:\/\/infoelnuevonorte.com\/?p=88534\" \/>\n<meta property=\"og:locale\" content=\"es_ES\" \/>\n<meta property=\"og:type\" content=\"article\" \/>\n<meta property=\"og:title\" content=\"L\u00edder de Antigua Orden RD alerta sobre amenazas por la marcha patri\u00f3tica en Friusa | El Nuevo Norte\" \/>\n<meta property=\"og:description\" content=\"El l\u00edder de la Antigua Orden RD, \u00c1ngelo V\u00e1squez, denunci\u00f3 este lunes que ha recibido\u00a0amenazas por parte de grupos haitianos, en particular de transportistas, en relaci\u00f3n a la marcha programada hacia Friusa el pr\u00f3ximo domingo 30 de marzo. Seg\u00fan V\u00e1squez, la manifestaci\u00f3n impacta directamente a los transportistas haitianos que residen en el pa\u00eds, as\u00ed como [&hellip;]\" \/>\n<meta property=\"og:url\" content=\"https:\/\/infoelnuevonorte.com\/?p=88534\" \/>\n<meta property=\"og:site_name\" content=\"El Nuevo Norte\" \/>\n<meta property=\"article:publisher\" content=\"https:\/\/www.facebook.com\/infoenn\" \/>\n<meta property=\"article:published_time\" content=\"2025-03-25T14:52:11+00:00\" \/>\n<meta property=\"article:modified_time\" content=\"2025-03-25T14:52:12+00:00\" \/>\n<meta property=\"og:image\" content=\"https:\/\/infoelnuevonorte.com\/wp-content\/uploads\/2025\/03\/antigua-orden-angelo.jpeg\" \/>\n\t<meta property=\"og:image:width\" content=\"643\" \/>\n\t<meta property=\"og:image:height\" content=\"486\" \/>\n\t<meta property=\"og:image:type\" content=\"image\/jpeg\" \/>\n<meta name=\"author\" content=\"InfoEnn\" \/>\n<meta name=\"twitter:card\" content=\"summary_large_image\" \/>\n<meta name=\"twitter:creator\" content=\"@Elnuevo_norte\" \/>\n<meta name=\"twitter:site\" content=\"@Elnuevo_norte\" \/>\n<meta name=\"twitter:label1\" content=\"Written by\" \/>\n\t<meta name=\"twitter:data1\" content=\"InfoEnn\" \/>\n\t<meta name=\"twitter:label2\" content=\"Est. reading time\" \/>\n\t<meta name=\"twitter:data2\" content=\"1 minuto\" \/>\n<script type=\"application\/ld+json\" class=\"yoast-schema-graph\">{\"@context\":\"https:\/\/schema.org\",\"@graph\":[{\"@type\":\"Article\",\"@id\":\"https:\/\/infoelnuevonorte.com\/?p=88534#article\",\"isPartOf\":{\"@id\":\"https:\/\/infoelnuevonorte.com\/?p=88534\"},\"author\":{\"name\":\"InfoEnn\",\"@id\":\"https:\/\/infoelnuevonorte.com\/#\/schema\/person\/fd4f6d90afe41260818b4ea94ad8ab84\"},\"headline\":\"L\u00edder de Antigua Orden RD alerta sobre amenazas por la marcha patri\u00f3tica en Friusa\",\"datePublished\":\"2025-03-25T14:52:11+00:00\",\"dateModified\":\"2025-03-25T14:52:12+00:00\",\"mainEntityOfPage\":{\"@id\":\"https:\/\/infoelnuevonorte.com\/?p=88534\"},\"wordCount\":140,\"publisher\":{\"@id\":\"https:\/\/infoelnuevonorte.com\/#organization\"},\"articleSection\":[\"Nacionales\"],\"inLanguage\":\"es-DO\"},{\"@type\":\"WebPage\",\"@id\":\"https:\/\/infoelnuevonorte.com\/?p=88534\",\"url\":\"https:\/\/infoelnuevonorte.com\/?p=88534\",\"name\":\"L\u00edder de Antigua Orden RD alerta sobre amenazas por la marcha patri\u00f3tica en Friusa | El Nuevo Norte\",\"isPartOf\":{\"@id\":\"https:\/\/infoelnuevonorte.com\/#website\"},\"datePublished\":\"2025-03-25T14:52:11+00:00\",\"dateModified\":\"2025-03-25T14:52:12+00:00\",\"breadcrumb\":{\"@id\":\"https:\/\/infoelnuevonorte.com\/?p=88534#breadcrumb\"},\"inLanguage\":\"es-DO\",\"potentialAction\":[{\"@type\":\"ReadAction\",\"target\":[\"https:\/\/infoelnuevonorte.com\/?p=88534\"]}]},{\"@type\":\"BreadcrumbList\",\"@id\":\"https:\/\/infoelnuevonorte.com\/?p=88534#breadcrumb\",\"itemListElement\":[{\"@type\":\"ListItem\",\"position\":1,\"name\":\"Home\",\"item\":\"https:\/\/infoelnuevonorte.com\/\"},{\"@type\":\"ListItem\",\"position\":2,\"name\":\"L\u00edder de Antigua Orden RD alerta sobre amenazas por la marcha patri\u00f3tica en Friusa\"}]},{\"@type\":\"WebSite\",\"@id\":\"https:\/\/infoelnuevonorte.com\/#website\",\"url\":\"https:\/\/infoelnuevonorte.com\/\",\"name\":\"InfoEnn\",\"description\":\"Tu Voz, tu Verdad, tu Diario!!!\",\"publisher\":{\"@id\":\"https:\/\/infoelnuevonorte.com\/#organization\"},\"alternateName\":\"El Nuevo Norte\",\"potentialAction\":[{\"@type\":\"SearchAction\",\"target\":{\"@type\":\"EntryPoint\",\"urlTemplate\":\"https:\/\/infoelnuevonorte.com\/?s={search_term_string}\"},\"query-input\":{\"@type\":\"PropertyValueSpecification\",\"valueRequired\":true,\"valueName\":\"search_term_string\"}}],\"inLanguage\":\"es-DO\"},{\"@type\":\"Organization\",\"@id\":\"https:\/\/infoelnuevonorte.com\/#organization\",\"name\":\"Info El Nuevo Norte\",\"alternateName\":\"El Nuevo Norte\",\"url\":\"https:\/\/infoelnuevonorte.com\/\",\"logo\":{\"@type\":\"ImageObject\",\"inLanguage\":\"es-DO\",\"@id\":\"https:\/\/infoelnuevonorte.com\/#\/schema\/logo\/image\/\",\"url\":\"https:\/\/infoelnuevonorte.com\/wp-content\/uploads\/2026\/02\/Logo-Info-enn-3d-20ani.jpeg\",\"contentUrl\":\"https:\/\/infoelnuevonorte.com\/wp-content\/uploads\/2026\/02\/Logo-Info-enn-3d-20ani.jpeg\",\"width\":2046,\"height\":736,\"caption\":\"Info El Nuevo Norte\"},\"image\":{\"@id\":\"https:\/\/infoelnuevonorte.com\/#\/schema\/logo\/image\/\"},\"sameAs\":[\"https:\/\/www.facebook.com\/infoenn\",\"https:\/\/x.com\/Elnuevo_norte\",\"https:\/\/www.instagram.com\/infoenn\",\"https:\/\/www.facebook.com\/ENNRD\"]},{\"@type\":\"Person\",\"@id\":\"https:\/\/infoelnuevonorte.com\/#\/schema\/person\/fd4f6d90afe41260818b4ea94ad8ab84\",\"name\":\"InfoEnn\",\"image\":{\"@type\":\"ImageObject\",\"inLanguage\":\"es-DO\",\"@id\":\"https:\/\/infoelnuevonorte.com\/#\/schema\/person\/image\/\",\"url\":\"https:\/\/secure.gravatar.com\/avatar\/d4d760a41a48ba9db0a82bfb63bb0783?s=96&d=robohash&r=g\",\"contentUrl\":\"https:\/\/secure.gravatar.com\/avatar\/d4d760a41a48ba9db0a82bfb63bb0783?s=96&d=robohash&r=g\",\"caption\":\"InfoEnn\"},\"sameAs\":[\"https:\/\/infoelnuevonorte.com\"],\"url\":\"https:\/\/infoelnuevonorte.com\/?author=1\"}]}<\/script>\n<!-- \/ Yoast SEO plugin. -->","yoast_head_json":{"title":"L\u00edder de Antigua Orden RD alerta sobre amenazas por la marcha patri\u00f3tica en Friusa | El Nuevo Norte","robots":{"index":"index","follow":"follow","max-snippet":"max-snippet:-1","max-image-preview":"max-image-preview:large","max-video-preview":"max-video-preview:-1"},"canonical":"https:\/\/infoelnuevonorte.com\/?p=88534","og_locale":"es_ES","og_type":"article","og_title":"L\u00edder de Antigua Orden RD alerta sobre amenazas por la marcha patri\u00f3tica en Friusa | El Nuevo Norte","og_description":"El l\u00edder de la Antigua Orden RD, \u00c1ngelo V\u00e1squez, denunci\u00f3 este lunes que ha recibido\u00a0amenazas por parte de grupos haitianos, en particular de transportistas, en relaci\u00f3n a la marcha programada hacia Friusa el pr\u00f3ximo domingo 30 de marzo. Seg\u00fan V\u00e1squez, la manifestaci\u00f3n impacta directamente a los transportistas haitianos que residen en el pa\u00eds, as\u00ed como [&hellip;]","og_url":"https:\/\/infoelnuevonorte.com\/?p=88534","og_site_name":"El Nuevo Norte","article_publisher":"https:\/\/www.facebook.com\/infoenn","article_published_time":"2025-03-25T14:52:11+00:00","article_modified_time":"2025-03-25T14:52:12+00:00","og_image":[{"width":643,"height":486,"url":"https:\/\/infoelnuevonorte.com\/wp-content\/uploads\/2025\/03\/antigua-orden-angelo.jpeg","type":"image\/jpeg"}],"author":"InfoEnn","twitter_card":"summary_large_image","twitter_creator":"@Elnuevo_norte","twitter_site":"@Elnuevo_norte","twitter_misc":{"Written by":"InfoEnn","Est. reading time":"1 minuto"},"schema":{"@context":"https:\/\/schema.org","@graph":[{"@type":"Article","@id":"https:\/\/infoelnuevonorte.com\/?p=88534#article","isPartOf":{"@id":"https:\/\/infoelnuevonorte.com\/?p=88534"},"author":{"name":"InfoEnn","@id":"https:\/\/infoelnuevonorte.com\/#\/schema\/person\/fd4f6d90afe41260818b4ea94ad8ab84"},"headline":"L\u00edder de Antigua Orden RD alerta sobre amenazas por la marcha patri\u00f3tica en Friusa","datePublished":"2025-03-25T14:52:11+00:00","dateModified":"2025-03-25T14:52:12+00:00","mainEntityOfPage":{"@id":"https:\/\/infoelnuevonorte.com\/?p=88534"},"wordCount":140,"publisher":{"@id":"https:\/\/infoelnuevonorte.com\/#organization"},"articleSection":["Nacionales"],"inLanguage":"es-DO"},{"@type":"WebPage","@id":"https:\/\/infoelnuevonorte.com\/?p=88534","url":"https:\/\/infoelnuevonorte.com\/?p=88534","name":"L\u00edder de Antigua Orden RD alerta sobre amenazas por la marcha patri\u00f3tica en Friusa | El Nuevo Norte","isPartOf":{"@id":"https:\/\/infoelnuevonorte.com\/#website"},"datePublished":"2025-03-25T14:52:11+00:00","dateModified":"2025-03-25T14:52:12+00:00","breadcrumb":{"@id":"https:\/\/infoelnuevonorte.com\/?p=88534#breadcrumb"},"inLanguage":"es-DO","potentialAction":[{"@type":"ReadAction","target":["https:\/\/infoelnuevonorte.com\/?p=88534"]}]},{"@type":"BreadcrumbList","@id":"https:\/\/infoelnuevonorte.com\/?p=88534#breadcrumb","itemListElement":[{"@type":"ListItem","position":1,"name":"Home","item":"https:\/\/infoelnuevonorte.com\/"},{"@type":"ListItem","position":2,"name":"L\u00edder de Antigua Orden RD alerta sobre amenazas por la marcha patri\u00f3tica en Friusa"}]},{"@type":"WebSite","@id":"https:\/\/infoelnuevonorte.com\/#website","url":"https:\/\/infoelnuevonorte.com\/","name":"InfoEnn","description":"Tu Voz, tu Verdad, tu Diario!!!","publisher":{"@id":"https:\/\/infoelnuevonorte.com\/#organization"},"alternateName":"El Nuevo Norte","potentialAction":[{"@type":"SearchAction","target":{"@type":"EntryPoint","urlTemplate":"https:\/\/infoelnuevonorte.com\/?s={search_term_string}"},"query-input":{"@type":"PropertyValueSpecification","valueRequired":true,"valueName":"search_term_string"}}],"inLanguage":"es-DO"},{"@type":"Organization","@id":"https:\/\/infoelnuevonorte.com\/#organization","name":"Info El Nuevo Norte","alternateName":"El Nuevo Norte","url":"https:\/\/infoelnuevonorte.com\/","logo":{"@type":"ImageObject","inLanguage":"es-DO","@id":"https:\/\/infoelnuevonorte.com\/#\/schema\/logo\/image\/","url":"https:\/\/infoelnuevonorte.com\/wp-content\/uploads\/2026\/02\/Logo-Info-enn-3d-20ani.jpeg","contentUrl":"https:\/\/infoelnuevonorte.com\/wp-content\/uploads\/2026\/02\/Logo-Info-enn-3d-20ani.jpeg","width":2046,"height":736,"caption":"Info El Nuevo Norte"},"image":{"@id":"https:\/\/infoelnuevonorte.com\/#\/schema\/logo\/image\/"},"sameAs":["https:\/\/www.facebook.com\/infoenn","https:\/\/x.com\/Elnuevo_norte","https:\/\/www.instagram.com\/infoenn","https:\/\/www.facebook.com\/ENNRD"]},{"@type":"Person","@id":"https:\/\/infoelnuevonorte.com\/#\/schema\/person\/fd4f6d90afe41260818b4ea94ad8ab84","name":"InfoEnn","image":{"@type":"ImageObject","inLanguage":"es-DO","@id":"https:\/\/infoelnuevonorte.com\/#\/schema\/person\/image\/","url":"https:\/\/secure.gravatar.com\/avatar\/d4d760a41a48ba9db0a82bfb63bb0783?s=96&d=robohash&r=g","contentUrl":"https:\/\/secure.gravatar.com\/avatar\/d4d760a41a48ba9db0a82bfb63bb0783?s=96&d=robohash&r=g","caption":"InfoEnn"},"sameAs":["https:\/\/infoelnuevonorte.com"],"url":"https:\/\/infoelnuevonorte.com\/?author=1"}]}},"_links":{"self":[{"href":"https:\/\/infoelnuevonorte.com\/index.php?rest_route=\/wp\/v2\/posts\/88534"}],"collection":[{"href":"https:\/\/infoelnuevonorte.com\/index.php?rest_route=\/wp\/v2\/posts"}],"about":[{"href":"https:\/\/infoelnuevonorte.com\/index.php?rest_route=\/wp\/v2\/types\/post"}],"author":[{"embeddable":true,"href":"https:\/\/infoelnuevonorte.com\/index.php?rest_route=\/wp\/v2\/users\/1"}],"replies":[{"embeddable":true,"href":"https:\/\/infoelnuevonorte.com\/index.php?rest_route=%2Fwp%2Fv2%2Fcomments&post=88534"}],"version-history":[{"count":1,"href":"https:\/\/infoelnuevonorte.com\/index.php?rest_route=\/wp\/v2\/posts\/88534\/revisions"}],"predecessor-version":[{"id":88537,"href":"https:\/\/infoelnuevonorte.com\/index.php?rest_route=\/wp\/v2\/posts\/88534\/revisions\/88537"}],"wp:attachment":[{"href":"https:\/\/infoelnuevonorte.com\/index.php?rest_route=%2Fwp%2Fv2%2Fmedia&parent=88534"}],"wp:term":[{"taxonomy":"category","embeddable":true,"href":"https:\/\/infoelnuevonorte.com\/index.php?rest_route=%2Fwp%2Fv2%2Fcategories&post=88534"},{"taxonomy":"post_tag","embeddable":true,"href":"https:\/\/infoelnuevonorte.com\/index.php?rest_route=%2Fwp%2Fv2%2Ftags&post=88534"}],"curies":[{"name":"wp","href":"https:\/\/api.w.org\/{rel}","templated":true}]}}