{"id":8889,"date":"2024-01-12T11:05:52","date_gmt":"2024-01-12T15:05:52","guid":{"rendered":"https:\/\/infoelnuevonorte.com\/?p=8889"},"modified":"2024-01-12T11:05:55","modified_gmt":"2024-01-12T15:05:55","slug":"liberan-dos-de-los-178-funcionarios-retenidos-en-motines-en-carceles-de-ecuador","status":"publish","type":"post","link":"https:\/\/infoelnuevonorte.com\/?p=8889","title":{"rendered":"Liberan dos de los 178 funcionarios retenidos en motines en c\u00e1rceles de Ecuador"},"content":{"rendered":"<div class=\"tdb-block-inner td-fix-index\">\n<p style=\"text-align: justify;\">Quito.- El <strong>Servicio Nacional de Atenci\u00f3n Integral (SNAI) <\/strong>a Personas Privadas de Libertad, la unidad penitenciaria de <strong>Ecuador<\/strong>, inform\u00f3 este jueves que, gracias a la intervenci\u00f3n de la Iglesia, dos agentes de prisiones fueron liberados de la c\u00e1rcel de la provincia costera de Esmeraldas, fronteriza con Colombia.<\/p>\n<p style=\"text-align: justify;\">El SNAI precis\u00f3 que fue liberada una empleada administrativa y un guardia de la prisi\u00f3n, quienes fueron puestos a \u00abbuen recaudo\u00bb.<\/p>\n<p style=\"text-align: justify;\">\u00abDe acuerdo al reporte de miembros de las <strong>Fuerzas Armadas <\/strong>y miembros de la iglesia se logr\u00f3 la liberaci\u00f3n de dos personas retenidas en el CPL (Centro de Privaci\u00f3n de Libertad) Esmeraldas N\u00b02\u2033, indic\u00f3 el SNAI.<\/p>\n<p style=\"text-align: justify;\">Horas antes, el SNAI hab\u00eda informado que el n\u00famero de funcionarios de prisiones retenidos en los motines suscitados simult\u00e1neamente en siete c\u00e1rceles del pa\u00eds se hab\u00eda incrementado este jueves a 178, tras ampliarse la crisis de prisiones en las ciudades de Machala, capital de la provincia de El Oro (fronteriza con Per\u00fa) y la de Esmeraldas.<\/p>\n<p style=\"text-align: justify;\">Con esas dos aumentaron a siete las prisiones con crisis de retenci\u00f3n de personal penitenciario por parte de grupos de reclusos.<\/p>\n<div id=\"deult-1035580496\" class=\"deult-entre-noticias\" style=\"text-align: justify;\">\n<div id=\"deult-1350478414\" class=\"deult-target\" data-advadstrackid=\"124255\" data-advadstrackbid=\"1\"><a class=\"adv-link\" href=\"https:\/\/www.godominicanrepublic.com\/es\/blog\/turismo-interno\/\" target=\"_blank\" rel=\"noopener\"><img loading=\"lazy\" decoding=\"async\" class=\"entered lazyloaded\" src=\"https:\/\/cdn.deultimominuto.net\/wp-content\/uploads\/2022\/09\/728x90-01.jpg\" sizes=\"(max-width: 728px) 100vw, 728px\" srcset=\"https:\/\/cdn.deultimominuto.net\/wp-content\/uploads\/2022\/09\/728x90-01.jpg 728w, https:\/\/cdn.deultimominuto.net\/wp-content\/uploads\/2022\/09\/728x90-01-392x48.jpg 392w, https:\/\/cdn.deultimominuto.net\/wp-content\/uploads\/2022\/09\/728x90-01-96x12.jpg 96w, https:\/\/cdn.deultimominuto.net\/wp-content\/uploads\/2022\/09\/728x90-01-192x24.jpg 192w, https:\/\/cdn.deultimominuto.net\/wp-content\/uploads\/2022\/09\/728x90-01-150x19.jpg 150w, https:\/\/cdn.deultimominuto.net\/wp-content\/uploads\/2022\/09\/728x90-01-300x37.jpg 300w, https:\/\/cdn.deultimominuto.net\/wp-content\/uploads\/2022\/09\/728x90-01-696x86.jpg 696w\" alt=\"Cada Rincon Banner turismo\" width=\"728\" height=\"90\" data-lazy-srcset=\"https:\/\/cdn.deultimominuto.net\/wp-content\/uploads\/2022\/09\/728x90-01.jpg 728w, https:\/\/cdn.deultimominuto.net\/wp-content\/uploads\/2022\/09\/728x90-01-392x48.jpg 392w, https:\/\/cdn.deultimominuto.net\/wp-content\/uploads\/2022\/09\/728x90-01-96x12.jpg 96w, https:\/\/cdn.deultimominuto.net\/wp-content\/uploads\/2022\/09\/728x90-01-192x24.jpg 192w, https:\/\/cdn.deultimominuto.net\/wp-content\/uploads\/2022\/09\/728x90-01-150x19.jpg 150w, https:\/\/cdn.deultimominuto.net\/wp-content\/uploads\/2022\/09\/728x90-01-300x37.jpg 300w, https:\/\/cdn.deultimominuto.net\/wp-content\/uploads\/2022\/09\/728x90-01-696x86.jpg 696w\" data-lazy-sizes=\"(max-width: 728px) 100vw, 728px\" data-lazy-src=\"https:\/\/cdn.deultimominuto.net\/wp-content\/uploads\/2022\/09\/728x90-01.jpg\" data-ll-status=\"loaded\" \/><\/a><\/div>\n<\/div>\n<p style=\"text-align: justify;\">El SNAI hab\u00eda indicado que en el caso de la c\u00e1rcel de Esmeraldas un grupo de presos hab\u00eda disparado contra personal de las Fuerzas Armadas que se encontraba en el exterior de la <strong>c\u00e1rcel<\/strong>.<\/p>\n<p style=\"text-align: justify;\">Esta serie de motines forman parte de una escalada de violencia protagonizada esta semana por las bandas del crimen organizado en Ecuador, que tambi\u00e9n incluyeron secuestros y atentados contra polic\u00edas, veh\u00edculos incendiados, explosiones y hasta un asalto de encapuchados armados a un canal de televisi\u00f3n en la ciudad de <strong>Guayaquil<\/strong>.<\/p>\n<p style=\"text-align: justify;\">Los hechos se suscitan cuando el <strong>Gobierno del presidente Daniel Noboa <\/strong>se dispon\u00eda a poner en marcha un plan para recuperar el control de las c\u00e1rceles, muchas de ellas dominadas al interior por grupos de delincuencia organizada.<\/p>\n<p style=\"text-align: justify;\">Esta violencia tambi\u00e9n se ha trasladado a las calles hasta hacer de Ecuador uno de los pa\u00edses m\u00e1s violentos del mundo con 45 homicidios intencionales por cada 100.000 habitantes en 2023.<\/p>\n<p style=\"text-align: justify;\">Tras los episodios de esta semana, el <strong>Gobierno <\/strong>ecuatoriano declar\u00f3 una situaci\u00f3n de \u00abconflicto armado interno\u00bb y clasific\u00f3 a varias de las bandas como grupos terroristas y objetivos militares.<\/p>\n<\/div>\n","protected":false},"excerpt":{"rendered":"<p>Quito.- El Servicio Nacional de Atenci\u00f3n Integral (SNAI) a Personas Privadas de Libertad, la unidad penitenciaria de Ecuador, inform\u00f3 este jueves que, gracias a la intervenci\u00f3n de la Iglesia, dos agentes de prisiones fueron liberados de la c\u00e1rcel de la provincia costera de Esmeraldas, fronteriza con Colombia. El SNAI precis\u00f3 que fue liberada una empleada [&hellip;]<\/p>\n","protected":false},"author":1,"featured_media":0,"comment_status":"closed","ping_status":"open","sticky":false,"template":"","format":"standard","meta":{"footnotes":""},"categories":[2,9],"tags":[],"yoast_head":"<!-- This site is optimized with the Yoast SEO plugin v24.5 - https:\/\/yoast.com\/wordpress\/plugins\/seo\/ -->\n<title>Liberan dos de los 178 funcionarios retenidos en motines en c\u00e1rceles de Ecuador | El Nuevo Norte<\/title>\n<meta name=\"robots\" content=\"index, follow, max-snippet:-1, max-image-preview:large, max-video-preview:-1\" \/>\n<link rel=\"canonical\" href=\"https:\/\/infoelnuevonorte.com\/?p=8889\" \/>\n<meta property=\"og:locale\" content=\"es_ES\" \/>\n<meta property=\"og:type\" content=\"article\" \/>\n<meta property=\"og:title\" content=\"Liberan dos de los 178 funcionarios retenidos en motines en c\u00e1rceles de Ecuador | El Nuevo Norte\" \/>\n<meta property=\"og:description\" content=\"Quito.- El Servicio Nacional de Atenci\u00f3n Integral (SNAI) a Personas Privadas de Libertad, la unidad penitenciaria de Ecuador, inform\u00f3 este jueves que, gracias a la intervenci\u00f3n de la Iglesia, dos agentes de prisiones fueron liberados de la c\u00e1rcel de la provincia costera de Esmeraldas, fronteriza con Colombia. El SNAI precis\u00f3 que fue liberada una empleada [&hellip;]\" \/>\n<meta property=\"og:url\" content=\"https:\/\/infoelnuevonorte.com\/?p=8889\" \/>\n<meta property=\"og:site_name\" content=\"El Nuevo Norte\" \/>\n<meta property=\"article:publisher\" content=\"https:\/\/www.facebook.com\/infoenn\" \/>\n<meta property=\"article:published_time\" content=\"2024-01-12T15:05:52+00:00\" \/>\n<meta property=\"article:modified_time\" content=\"2024-01-12T15:05:55+00:00\" \/>\n<meta property=\"og:image\" content=\"https:\/\/infoelnuevonorte.com\/wp-content\/uploads\/2024\/01\/Liberan-dos-de-los-178-funcionarios-retenidos-en-motines-jpg.webp\" \/>\n\t<meta property=\"og:image:width\" content=\"1030\" \/>\n\t<meta property=\"og:image:height\" content=\"680\" \/>\n\t<meta property=\"og:image:type\" content=\"image\/jpeg\" \/>\n<meta name=\"author\" content=\"InfoEnn\" \/>\n<meta name=\"twitter:card\" content=\"summary_large_image\" \/>\n<meta name=\"twitter:creator\" content=\"@Elnuevo_norte\" \/>\n<meta name=\"twitter:site\" content=\"@Elnuevo_norte\" \/>\n<meta name=\"twitter:label1\" content=\"Written by\" \/>\n\t<meta name=\"twitter:data1\" content=\"InfoEnn\" \/>\n\t<meta name=\"twitter:label2\" content=\"Est. reading time\" \/>\n\t<meta name=\"twitter:data2\" content=\"3 minutos\" \/>\n<script type=\"application\/ld+json\" class=\"yoast-schema-graph\">{\"@context\":\"https:\/\/schema.org\",\"@graph\":[{\"@type\":\"Article\",\"@id\":\"https:\/\/infoelnuevonorte.com\/?p=8889#article\",\"isPartOf\":{\"@id\":\"https:\/\/infoelnuevonorte.com\/?p=8889\"},\"author\":{\"name\":\"InfoEnn\",\"@id\":\"https:\/\/infoelnuevonorte.com\/#\/schema\/person\/fd4f6d90afe41260818b4ea94ad8ab84\"},\"headline\":\"Liberan dos de los 178 funcionarios retenidos en motines en c\u00e1rceles de Ecuador\",\"datePublished\":\"2024-01-12T15:05:52+00:00\",\"dateModified\":\"2024-01-12T15:05:55+00:00\",\"mainEntityOfPage\":{\"@id\":\"https:\/\/infoelnuevonorte.com\/?p=8889\"},\"wordCount\":399,\"publisher\":{\"@id\":\"https:\/\/infoelnuevonorte.com\/#organization\"},\"image\":{\"@id\":\"https:\/\/infoelnuevonorte.com\/?p=8889#primaryimage\"},\"thumbnailUrl\":\"https:\/\/cdn.deultimominuto.net\/wp-content\/uploads\/2022\/09\/728x90-01.jpg\",\"articleSection\":[\"Actualidad |\",\"Mundiales\"],\"inLanguage\":\"es-DO\"},{\"@type\":\"WebPage\",\"@id\":\"https:\/\/infoelnuevonorte.com\/?p=8889\",\"url\":\"https:\/\/infoelnuevonorte.com\/?p=8889\",\"name\":\"Liberan dos de los 178 funcionarios retenidos en motines en c\u00e1rceles de Ecuador | El Nuevo Norte\",\"isPartOf\":{\"@id\":\"https:\/\/infoelnuevonorte.com\/#website\"},\"primaryImageOfPage\":{\"@id\":\"https:\/\/infoelnuevonorte.com\/?p=8889#primaryimage\"},\"image\":{\"@id\":\"https:\/\/infoelnuevonorte.com\/?p=8889#primaryimage\"},\"thumbnailUrl\":\"https:\/\/cdn.deultimominuto.net\/wp-content\/uploads\/2022\/09\/728x90-01.jpg\",\"datePublished\":\"2024-01-12T15:05:52+00:00\",\"dateModified\":\"2024-01-12T15:05:55+00:00\",\"breadcrumb\":{\"@id\":\"https:\/\/infoelnuevonorte.com\/?p=8889#breadcrumb\"},\"inLanguage\":\"es-DO\",\"potentialAction\":[{\"@type\":\"ReadAction\",\"target\":[\"https:\/\/infoelnuevonorte.com\/?p=8889\"]}]},{\"@type\":\"ImageObject\",\"inLanguage\":\"es-DO\",\"@id\":\"https:\/\/infoelnuevonorte.com\/?p=8889#primaryimage\",\"url\":\"https:\/\/cdn.deultimominuto.net\/wp-content\/uploads\/2022\/09\/728x90-01.jpg\",\"contentUrl\":\"https:\/\/cdn.deultimominuto.net\/wp-content\/uploads\/2022\/09\/728x90-01.jpg\"},{\"@type\":\"BreadcrumbList\",\"@id\":\"https:\/\/infoelnuevonorte.com\/?p=8889#breadcrumb\",\"itemListElement\":[{\"@type\":\"ListItem\",\"position\":1,\"name\":\"Home\",\"item\":\"https:\/\/infoelnuevonorte.com\/\"},{\"@type\":\"ListItem\",\"position\":2,\"name\":\"Liberan dos de los 178 funcionarios retenidos en motines en c\u00e1rceles de Ecuador\"}]},{\"@type\":\"WebSite\",\"@id\":\"https:\/\/infoelnuevonorte.com\/#website\",\"url\":\"https:\/\/infoelnuevonorte.com\/\",\"name\":\"InfoEnn\",\"description\":\"Tu Voz, tu Verdad, tu Diario!!!\",\"publisher\":{\"@id\":\"https:\/\/infoelnuevonorte.com\/#organization\"},\"alternateName\":\"El Nuevo Norte\",\"potentialAction\":[{\"@type\":\"SearchAction\",\"target\":{\"@type\":\"EntryPoint\",\"urlTemplate\":\"https:\/\/infoelnuevonorte.com\/?s={search_term_string}\"},\"query-input\":{\"@type\":\"PropertyValueSpecification\",\"valueRequired\":true,\"valueName\":\"search_term_string\"}}],\"inLanguage\":\"es-DO\"},{\"@type\":\"Organization\",\"@id\":\"https:\/\/infoelnuevonorte.com\/#organization\",\"name\":\"Info El Nuevo Norte\",\"alternateName\":\"El Nuevo Norte\",\"url\":\"https:\/\/infoelnuevonorte.com\/\",\"logo\":{\"@type\":\"ImageObject\",\"inLanguage\":\"es-DO\",\"@id\":\"https:\/\/infoelnuevonorte.com\/#\/schema\/logo\/image\/\",\"url\":\"https:\/\/infoelnuevonorte.com\/wp-content\/uploads\/2026\/02\/Logo-Info-enn-3d-20ani.jpeg\",\"contentUrl\":\"https:\/\/infoelnuevonorte.com\/wp-content\/uploads\/2026\/02\/Logo-Info-enn-3d-20ani.jpeg\",\"width\":2046,\"height\":736,\"caption\":\"Info El Nuevo Norte\"},\"image\":{\"@id\":\"https:\/\/infoelnuevonorte.com\/#\/schema\/logo\/image\/\"},\"sameAs\":[\"https:\/\/www.facebook.com\/infoenn\",\"https:\/\/x.com\/Elnuevo_norte\",\"https:\/\/www.instagram.com\/infoenn\",\"https:\/\/www.facebook.com\/ENNRD\"]},{\"@type\":\"Person\",\"@id\":\"https:\/\/infoelnuevonorte.com\/#\/schema\/person\/fd4f6d90afe41260818b4ea94ad8ab84\",\"name\":\"InfoEnn\",\"image\":{\"@type\":\"ImageObject\",\"inLanguage\":\"es-DO\",\"@id\":\"https:\/\/infoelnuevonorte.com\/#\/schema\/person\/image\/\",\"url\":\"https:\/\/secure.gravatar.com\/avatar\/d4d760a41a48ba9db0a82bfb63bb0783?s=96&d=robohash&r=g\",\"contentUrl\":\"https:\/\/secure.gravatar.com\/avatar\/d4d760a41a48ba9db0a82bfb63bb0783?s=96&d=robohash&r=g\",\"caption\":\"InfoEnn\"},\"sameAs\":[\"https:\/\/infoelnuevonorte.com\"],\"url\":\"https:\/\/infoelnuevonorte.com\/?author=1\"}]}<\/script>\n<!-- \/ Yoast SEO plugin. -->","yoast_head_json":{"title":"Liberan dos de los 178 funcionarios retenidos en motines en c\u00e1rceles de Ecuador | El Nuevo Norte","robots":{"index":"index","follow":"follow","max-snippet":"max-snippet:-1","max-image-preview":"max-image-preview:large","max-video-preview":"max-video-preview:-1"},"canonical":"https:\/\/infoelnuevonorte.com\/?p=8889","og_locale":"es_ES","og_type":"article","og_title":"Liberan dos de los 178 funcionarios retenidos en motines en c\u00e1rceles de Ecuador | El Nuevo Norte","og_description":"Quito.- El Servicio Nacional de Atenci\u00f3n Integral (SNAI) a Personas Privadas de Libertad, la unidad penitenciaria de Ecuador, inform\u00f3 este jueves que, gracias a la intervenci\u00f3n de la Iglesia, dos agentes de prisiones fueron liberados de la c\u00e1rcel de la provincia costera de Esmeraldas, fronteriza con Colombia. El SNAI precis\u00f3 que fue liberada una empleada [&hellip;]","og_url":"https:\/\/infoelnuevonorte.com\/?p=8889","og_site_name":"El Nuevo Norte","article_publisher":"https:\/\/www.facebook.com\/infoenn","article_published_time":"2024-01-12T15:05:52+00:00","article_modified_time":"2024-01-12T15:05:55+00:00","og_image":[{"width":1030,"height":680,"url":"https:\/\/infoelnuevonorte.com\/wp-content\/uploads\/2024\/01\/Liberan-dos-de-los-178-funcionarios-retenidos-en-motines-jpg.webp","type":"image\/jpeg"}],"author":"InfoEnn","twitter_card":"summary_large_image","twitter_creator":"@Elnuevo_norte","twitter_site":"@Elnuevo_norte","twitter_misc":{"Written by":"InfoEnn","Est. reading time":"3 minutos"},"schema":{"@context":"https:\/\/schema.org","@graph":[{"@type":"Article","@id":"https:\/\/infoelnuevonorte.com\/?p=8889#article","isPartOf":{"@id":"https:\/\/infoelnuevonorte.com\/?p=8889"},"author":{"name":"InfoEnn","@id":"https:\/\/infoelnuevonorte.com\/#\/schema\/person\/fd4f6d90afe41260818b4ea94ad8ab84"},"headline":"Liberan dos de los 178 funcionarios retenidos en motines en c\u00e1rceles de Ecuador","datePublished":"2024-01-12T15:05:52+00:00","dateModified":"2024-01-12T15:05:55+00:00","mainEntityOfPage":{"@id":"https:\/\/infoelnuevonorte.com\/?p=8889"},"wordCount":399,"publisher":{"@id":"https:\/\/infoelnuevonorte.com\/#organization"},"image":{"@id":"https:\/\/infoelnuevonorte.com\/?p=8889#primaryimage"},"thumbnailUrl":"https:\/\/cdn.deultimominuto.net\/wp-content\/uploads\/2022\/09\/728x90-01.jpg","articleSection":["Actualidad |","Mundiales"],"inLanguage":"es-DO"},{"@type":"WebPage","@id":"https:\/\/infoelnuevonorte.com\/?p=8889","url":"https:\/\/infoelnuevonorte.com\/?p=8889","name":"Liberan dos de los 178 funcionarios retenidos en motines en c\u00e1rceles de Ecuador | El Nuevo Norte","isPartOf":{"@id":"https:\/\/infoelnuevonorte.com\/#website"},"primaryImageOfPage":{"@id":"https:\/\/infoelnuevonorte.com\/?p=8889#primaryimage"},"image":{"@id":"https:\/\/infoelnuevonorte.com\/?p=8889#primaryimage"},"thumbnailUrl":"https:\/\/cdn.deultimominuto.net\/wp-content\/uploads\/2022\/09\/728x90-01.jpg","datePublished":"2024-01-12T15:05:52+00:00","dateModified":"2024-01-12T15:05:55+00:00","breadcrumb":{"@id":"https:\/\/infoelnuevonorte.com\/?p=8889#breadcrumb"},"inLanguage":"es-DO","potentialAction":[{"@type":"ReadAction","target":["https:\/\/infoelnuevonorte.com\/?p=8889"]}]},{"@type":"ImageObject","inLanguage":"es-DO","@id":"https:\/\/infoelnuevonorte.com\/?p=8889#primaryimage","url":"https:\/\/cdn.deultimominuto.net\/wp-content\/uploads\/2022\/09\/728x90-01.jpg","contentUrl":"https:\/\/cdn.deultimominuto.net\/wp-content\/uploads\/2022\/09\/728x90-01.jpg"},{"@type":"BreadcrumbList","@id":"https:\/\/infoelnuevonorte.com\/?p=8889#breadcrumb","itemListElement":[{"@type":"ListItem","position":1,"name":"Home","item":"https:\/\/infoelnuevonorte.com\/"},{"@type":"ListItem","position":2,"name":"Liberan dos de los 178 funcionarios retenidos en motines en c\u00e1rceles de Ecuador"}]},{"@type":"WebSite","@id":"https:\/\/infoelnuevonorte.com\/#website","url":"https:\/\/infoelnuevonorte.com\/","name":"InfoEnn","description":"Tu Voz, tu Verdad, tu Diario!!!","publisher":{"@id":"https:\/\/infoelnuevonorte.com\/#organization"},"alternateName":"El Nuevo Norte","potentialAction":[{"@type":"SearchAction","target":{"@type":"EntryPoint","urlTemplate":"https:\/\/infoelnuevonorte.com\/?s={search_term_string}"},"query-input":{"@type":"PropertyValueSpecification","valueRequired":true,"valueName":"search_term_string"}}],"inLanguage":"es-DO"},{"@type":"Organization","@id":"https:\/\/infoelnuevonorte.com\/#organization","name":"Info El Nuevo Norte","alternateName":"El Nuevo Norte","url":"https:\/\/infoelnuevonorte.com\/","logo":{"@type":"ImageObject","inLanguage":"es-DO","@id":"https:\/\/infoelnuevonorte.com\/#\/schema\/logo\/image\/","url":"https:\/\/infoelnuevonorte.com\/wp-content\/uploads\/2026\/02\/Logo-Info-enn-3d-20ani.jpeg","contentUrl":"https:\/\/infoelnuevonorte.com\/wp-content\/uploads\/2026\/02\/Logo-Info-enn-3d-20ani.jpeg","width":2046,"height":736,"caption":"Info El Nuevo Norte"},"image":{"@id":"https:\/\/infoelnuevonorte.com\/#\/schema\/logo\/image\/"},"sameAs":["https:\/\/www.facebook.com\/infoenn","https:\/\/x.com\/Elnuevo_norte","https:\/\/www.instagram.com\/infoenn","https:\/\/www.facebook.com\/ENNRD"]},{"@type":"Person","@id":"https:\/\/infoelnuevonorte.com\/#\/schema\/person\/fd4f6d90afe41260818b4ea94ad8ab84","name":"InfoEnn","image":{"@type":"ImageObject","inLanguage":"es-DO","@id":"https:\/\/infoelnuevonorte.com\/#\/schema\/person\/image\/","url":"https:\/\/secure.gravatar.com\/avatar\/d4d760a41a48ba9db0a82bfb63bb0783?s=96&d=robohash&r=g","contentUrl":"https:\/\/secure.gravatar.com\/avatar\/d4d760a41a48ba9db0a82bfb63bb0783?s=96&d=robohash&r=g","caption":"InfoEnn"},"sameAs":["https:\/\/infoelnuevonorte.com"],"url":"https:\/\/infoelnuevonorte.com\/?author=1"}]}},"_links":{"self":[{"href":"https:\/\/infoelnuevonorte.com\/index.php?rest_route=\/wp\/v2\/posts\/8889"}],"collection":[{"href":"https:\/\/infoelnuevonorte.com\/index.php?rest_route=\/wp\/v2\/posts"}],"about":[{"href":"https:\/\/infoelnuevonorte.com\/index.php?rest_route=\/wp\/v2\/types\/post"}],"author":[{"embeddable":true,"href":"https:\/\/infoelnuevonorte.com\/index.php?rest_route=\/wp\/v2\/users\/1"}],"replies":[{"embeddable":true,"href":"https:\/\/infoelnuevonorte.com\/index.php?rest_route=%2Fwp%2Fv2%2Fcomments&post=8889"}],"version-history":[{"count":0,"href":"https:\/\/infoelnuevonorte.com\/index.php?rest_route=\/wp\/v2\/posts\/8889\/revisions"}],"wp:attachment":[{"href":"https:\/\/infoelnuevonorte.com\/index.php?rest_route=%2Fwp%2Fv2%2Fmedia&parent=8889"}],"wp:term":[{"taxonomy":"category","embeddable":true,"href":"https:\/\/infoelnuevonorte.com\/index.php?rest_route=%2Fwp%2Fv2%2Fcategories&post=8889"},{"taxonomy":"post_tag","embeddable":true,"href":"https:\/\/infoelnuevonorte.com\/index.php?rest_route=%2Fwp%2Fv2%2Ftags&post=8889"}],"curies":[{"name":"wp","href":"https:\/\/api.w.org\/{rel}","templated":true}]}}