{"id":90874,"date":"2025-04-04T06:17:17","date_gmt":"2025-04-04T10:17:17","guid":{"rendered":"https:\/\/infoelnuevonorte.com\/?p=90874"},"modified":"2025-04-04T06:17:18","modified_gmt":"2025-04-04T10:17:18","slug":"campesinos-acusan-a-medio-ambiente-de-represion-y-destruccion-de-viviendas","status":"publish","type":"post","link":"https:\/\/infoelnuevonorte.com\/?p=90874","title":{"rendered":"Campesinos acusan a Medio Ambiente de represi\u00f3n y destrucci\u00f3n de viviendas"},"content":{"rendered":"<!--[if lt IE 9]><script>document.createElement('audio');<\/script><![endif]-->\n<audio class=\"wp-audio-shortcode\" id=\"audio-90874-1\" preload=\"none\" style=\"width: 100%;\" controls=\"controls\"><source type=\"audio\/mpeg\" src=\"https:\/\/infoelnuevonorte.com\/wp-content\/uploads\/2025\/04\/ttsmaker-vip-file-2025-4-4-6-16-34.mp3?_=1\" \/><a href=\"https:\/\/infoelnuevonorte.com\/wp-content\/uploads\/2025\/04\/ttsmaker-vip-file-2025-4-4-6-16-34.mp3\">https:\/\/infoelnuevonorte.com\/wp-content\/uploads\/2025\/04\/ttsmaker-vip-file-2025-4-4-6-16-34.mp3<\/a><\/audio>\n<p class=\"\" style=\"text-align: justify;\" data-start=\"134\" data-end=\"390\"><strong>Santiago<\/strong>.- La Asociaci\u00f3n de Campesinos Defensores y Gestores de la Cordillera Septentrional, junto a sacerdotes de la zona, han acusado al Ministerio de Medio Ambiente de utilizar la fuerza y el miedo para destruir viviendas de campesinos en la comunidad.<\/p>\n<p class=\"\" style=\"text-align: justify;\" data-start=\"392\" data-end=\"660\">Ante las denuncias de supuestos da\u00f1os en la zona protegida de los Saltos de La Tinaja, el sacerdote Ram\u00f3n (Nino) Ramos y l\u00edderes campesinos rechazaron las afirmaciones del Ministerio, asegurando que la \u00fanica represi\u00f3n proviene de las propias autoridades ambientales.<\/p>\n<p class=\"\" style=\"text-align: justify;\" data-start=\"662\" data-end=\"998\">\u201cEl Ministerio de Medio Ambiente dice que enfrenta un intento de imponer la fuerza y el miedo sobre un patrimonio natural, pero la realidad es que son ellos quienes han utilizado estos m\u00e9todos contra campesinos humildes. Sus empleados y fuerzas represivas han destruido viviendas que no afectaban la naturaleza\u201d, declar\u00f3 el sacerdote.<\/p>\n<p class=\"\" style=\"text-align: justify;\" data-start=\"1000\" data-end=\"1228\">Ramos tambi\u00e9n desminti\u00f3 las acusaciones de que los residentes han provocado incendios o amenazado a personas, exigiendo que, si existe alguna denuncia formal, se presenten pruebas y se act\u00fae legalmente contra los responsables.<\/p>\n<p class=\"\" style=\"text-align: justify;\" data-start=\"1230\" data-end=\"1561\">Asimismo, asegur\u00f3 que los materiales utilizados en la construcci\u00f3n de las viviendas fueron adquiridos legalmente en ferreter\u00edas de Santiago y que, en el momento en que Medio Ambiente alega que se produjo un incendio, \u00e9l se encontraba en Jacagua conversando con j\u00f3venes afectados por la destrucci\u00f3n de sus caba\u00f1as en construcci\u00f3n.<\/p>\n<p class=\"\" style=\"text-align: justify;\" data-start=\"1563\" data-end=\"1878\">El sacerdote critic\u00f3 que las autoridades tomen decisiones desde un escritorio sin escuchar todas las versiones de los hechos. Por su parte, Miguel Colom\u00e9, encargado distrital de San Francisco de Jacagua, calific\u00f3 las acusaciones contra los campesinos como parte de una campa\u00f1a orquestada con intereses particulares.<\/p>\n","protected":false},"excerpt":{"rendered":"<p>Santiago.- La Asociaci\u00f3n de Campesinos Defensores y Gestores de la Cordillera Septentrional, junto a sacerdotes de la zona, han acusado al Ministerio de Medio Ambiente de utilizar la fuerza y el miedo para destruir viviendas de campesinos en la comunidad. Ante las denuncias de supuestos da\u00f1os en la zona protegida de los Saltos de La [&hellip;]<\/p>\n","protected":false},"author":1,"featured_media":90876,"comment_status":"closed","ping_status":"open","sticky":false,"template":"","format":"standard","meta":{"footnotes":""},"categories":[5],"tags":[],"yoast_head":"<!-- This site is optimized with the Yoast SEO plugin v24.5 - https:\/\/yoast.com\/wordpress\/plugins\/seo\/ -->\n<title>Campesinos acusan a Medio Ambiente de represi\u00f3n y destrucci\u00f3n de viviendas | El Nuevo Norte<\/title>\n<meta name=\"robots\" content=\"index, follow, max-snippet:-1, max-image-preview:large, max-video-preview:-1\" \/>\n<link rel=\"canonical\" href=\"https:\/\/infoelnuevonorte.com\/?p=90874\" \/>\n<meta property=\"og:locale\" content=\"es_ES\" \/>\n<meta property=\"og:type\" content=\"article\" \/>\n<meta property=\"og:title\" content=\"Campesinos acusan a Medio Ambiente de represi\u00f3n y destrucci\u00f3n de viviendas | El Nuevo Norte\" \/>\n<meta property=\"og:description\" content=\"Santiago.- La Asociaci\u00f3n de Campesinos Defensores y Gestores de la Cordillera Septentrional, junto a sacerdotes de la zona, han acusado al Ministerio de Medio Ambiente de utilizar la fuerza y el miedo para destruir viviendas de campesinos en la comunidad. Ante las denuncias de supuestos da\u00f1os en la zona protegida de los Saltos de La [&hellip;]\" \/>\n<meta property=\"og:url\" content=\"https:\/\/infoelnuevonorte.com\/?p=90874\" \/>\n<meta property=\"og:site_name\" content=\"El Nuevo Norte\" \/>\n<meta property=\"article:publisher\" content=\"https:\/\/www.facebook.com\/infoenn\" \/>\n<meta property=\"article:published_time\" content=\"2025-04-04T10:17:17+00:00\" \/>\n<meta property=\"article:modified_time\" content=\"2025-04-04T10:17:18+00:00\" \/>\n<meta property=\"og:image\" content=\"https:\/\/infoelnuevonorte.com\/wp-content\/uploads\/2025\/04\/sacerdo.webp\" \/>\n\t<meta property=\"og:image:width\" content=\"1000\" \/>\n\t<meta property=\"og:image:height\" content=\"600\" \/>\n\t<meta property=\"og:image:type\" content=\"image\/webp\" \/>\n<meta name=\"author\" content=\"InfoEnn\" \/>\n<meta name=\"twitter:card\" content=\"summary_large_image\" \/>\n<meta name=\"twitter:creator\" content=\"@Elnuevo_norte\" \/>\n<meta name=\"twitter:site\" content=\"@Elnuevo_norte\" \/>\n<meta name=\"twitter:label1\" content=\"Written by\" \/>\n\t<meta name=\"twitter:data1\" content=\"InfoEnn\" \/>\n\t<meta name=\"twitter:label2\" content=\"Est. reading time\" \/>\n\t<meta name=\"twitter:data2\" content=\"2 minutos\" \/>\n<script type=\"application\/ld+json\" class=\"yoast-schema-graph\">{\"@context\":\"https:\/\/schema.org\",\"@graph\":[{\"@type\":\"Article\",\"@id\":\"https:\/\/infoelnuevonorte.com\/?p=90874#article\",\"isPartOf\":{\"@id\":\"https:\/\/infoelnuevonorte.com\/?p=90874\"},\"author\":{\"name\":\"InfoEnn\",\"@id\":\"https:\/\/infoelnuevonorte.com\/#\/schema\/person\/fd4f6d90afe41260818b4ea94ad8ab84\"},\"headline\":\"Campesinos acusan a Medio Ambiente de represi\u00f3n y destrucci\u00f3n de viviendas\",\"datePublished\":\"2025-04-04T10:17:17+00:00\",\"dateModified\":\"2025-04-04T10:17:18+00:00\",\"mainEntityOfPage\":{\"@id\":\"https:\/\/infoelnuevonorte.com\/?p=90874\"},\"wordCount\":306,\"publisher\":{\"@id\":\"https:\/\/infoelnuevonorte.com\/#organization\"},\"image\":{\"@id\":\"https:\/\/infoelnuevonorte.com\/?p=90874#primaryimage\"},\"thumbnailUrl\":\"https:\/\/infoelnuevonorte.com\/wp-content\/uploads\/2025\/04\/sacerdo.webp\",\"articleSection\":[\"Del Norte\"],\"inLanguage\":\"es-DO\"},{\"@type\":\"WebPage\",\"@id\":\"https:\/\/infoelnuevonorte.com\/?p=90874\",\"url\":\"https:\/\/infoelnuevonorte.com\/?p=90874\",\"name\":\"Campesinos acusan a Medio Ambiente de represi\u00f3n y destrucci\u00f3n de viviendas | El Nuevo Norte\",\"isPartOf\":{\"@id\":\"https:\/\/infoelnuevonorte.com\/#website\"},\"primaryImageOfPage\":{\"@id\":\"https:\/\/infoelnuevonorte.com\/?p=90874#primaryimage\"},\"image\":{\"@id\":\"https:\/\/infoelnuevonorte.com\/?p=90874#primaryimage\"},\"thumbnailUrl\":\"https:\/\/infoelnuevonorte.com\/wp-content\/uploads\/2025\/04\/sacerdo.webp\",\"datePublished\":\"2025-04-04T10:17:17+00:00\",\"dateModified\":\"2025-04-04T10:17:18+00:00\",\"breadcrumb\":{\"@id\":\"https:\/\/infoelnuevonorte.com\/?p=90874#breadcrumb\"},\"inLanguage\":\"es-DO\",\"potentialAction\":[{\"@type\":\"ReadAction\",\"target\":[\"https:\/\/infoelnuevonorte.com\/?p=90874\"]}]},{\"@type\":\"ImageObject\",\"inLanguage\":\"es-DO\",\"@id\":\"https:\/\/infoelnuevonorte.com\/?p=90874#primaryimage\",\"url\":\"https:\/\/infoelnuevonorte.com\/wp-content\/uploads\/2025\/04\/sacerdo.webp\",\"contentUrl\":\"https:\/\/infoelnuevonorte.com\/wp-content\/uploads\/2025\/04\/sacerdo.webp\",\"width\":1000,\"height\":600},{\"@type\":\"BreadcrumbList\",\"@id\":\"https:\/\/infoelnuevonorte.com\/?p=90874#breadcrumb\",\"itemListElement\":[{\"@type\":\"ListItem\",\"position\":1,\"name\":\"Home\",\"item\":\"https:\/\/infoelnuevonorte.com\/\"},{\"@type\":\"ListItem\",\"position\":2,\"name\":\"Campesinos acusan a Medio Ambiente de represi\u00f3n y destrucci\u00f3n de viviendas\"}]},{\"@type\":\"WebSite\",\"@id\":\"https:\/\/infoelnuevonorte.com\/#website\",\"url\":\"https:\/\/infoelnuevonorte.com\/\",\"name\":\"InfoEnn\",\"description\":\"Tu Voz, tu Verdad, tu Diario!!!\",\"publisher\":{\"@id\":\"https:\/\/infoelnuevonorte.com\/#organization\"},\"alternateName\":\"El Nuevo Norte\",\"potentialAction\":[{\"@type\":\"SearchAction\",\"target\":{\"@type\":\"EntryPoint\",\"urlTemplate\":\"https:\/\/infoelnuevonorte.com\/?s={search_term_string}\"},\"query-input\":{\"@type\":\"PropertyValueSpecification\",\"valueRequired\":true,\"valueName\":\"search_term_string\"}}],\"inLanguage\":\"es-DO\"},{\"@type\":\"Organization\",\"@id\":\"https:\/\/infoelnuevonorte.com\/#organization\",\"name\":\"Info El Nuevo Norte\",\"alternateName\":\"El Nuevo Norte\",\"url\":\"https:\/\/infoelnuevonorte.com\/\",\"logo\":{\"@type\":\"ImageObject\",\"inLanguage\":\"es-DO\",\"@id\":\"https:\/\/infoelnuevonorte.com\/#\/schema\/logo\/image\/\",\"url\":\"https:\/\/infoelnuevonorte.com\/wp-content\/uploads\/2026\/02\/Logo-Info-enn-3d-20ani.jpeg\",\"contentUrl\":\"https:\/\/infoelnuevonorte.com\/wp-content\/uploads\/2026\/02\/Logo-Info-enn-3d-20ani.jpeg\",\"width\":2046,\"height\":736,\"caption\":\"Info El Nuevo Norte\"},\"image\":{\"@id\":\"https:\/\/infoelnuevonorte.com\/#\/schema\/logo\/image\/\"},\"sameAs\":[\"https:\/\/www.facebook.com\/infoenn\",\"https:\/\/x.com\/Elnuevo_norte\",\"https:\/\/www.instagram.com\/infoenn\",\"https:\/\/www.facebook.com\/ENNRD\"]},{\"@type\":\"Person\",\"@id\":\"https:\/\/infoelnuevonorte.com\/#\/schema\/person\/fd4f6d90afe41260818b4ea94ad8ab84\",\"name\":\"InfoEnn\",\"image\":{\"@type\":\"ImageObject\",\"inLanguage\":\"es-DO\",\"@id\":\"https:\/\/infoelnuevonorte.com\/#\/schema\/person\/image\/\",\"url\":\"https:\/\/secure.gravatar.com\/avatar\/d4d760a41a48ba9db0a82bfb63bb0783?s=96&d=robohash&r=g\",\"contentUrl\":\"https:\/\/secure.gravatar.com\/avatar\/d4d760a41a48ba9db0a82bfb63bb0783?s=96&d=robohash&r=g\",\"caption\":\"InfoEnn\"},\"sameAs\":[\"https:\/\/infoelnuevonorte.com\"],\"url\":\"https:\/\/infoelnuevonorte.com\/?author=1\"}]}<\/script>\n<!-- \/ Yoast SEO plugin. -->","yoast_head_json":{"title":"Campesinos acusan a Medio Ambiente de represi\u00f3n y destrucci\u00f3n de viviendas | El Nuevo Norte","robots":{"index":"index","follow":"follow","max-snippet":"max-snippet:-1","max-image-preview":"max-image-preview:large","max-video-preview":"max-video-preview:-1"},"canonical":"https:\/\/infoelnuevonorte.com\/?p=90874","og_locale":"es_ES","og_type":"article","og_title":"Campesinos acusan a Medio Ambiente de represi\u00f3n y destrucci\u00f3n de viviendas | El Nuevo Norte","og_description":"Santiago.- La Asociaci\u00f3n de Campesinos Defensores y Gestores de la Cordillera Septentrional, junto a sacerdotes de la zona, han acusado al Ministerio de Medio Ambiente de utilizar la fuerza y el miedo para destruir viviendas de campesinos en la comunidad. Ante las denuncias de supuestos da\u00f1os en la zona protegida de los Saltos de La [&hellip;]","og_url":"https:\/\/infoelnuevonorte.com\/?p=90874","og_site_name":"El Nuevo Norte","article_publisher":"https:\/\/www.facebook.com\/infoenn","article_published_time":"2025-04-04T10:17:17+00:00","article_modified_time":"2025-04-04T10:17:18+00:00","og_image":[{"width":1000,"height":600,"url":"https:\/\/infoelnuevonorte.com\/wp-content\/uploads\/2025\/04\/sacerdo.webp","type":"image\/webp"}],"author":"InfoEnn","twitter_card":"summary_large_image","twitter_creator":"@Elnuevo_norte","twitter_site":"@Elnuevo_norte","twitter_misc":{"Written by":"InfoEnn","Est. reading time":"2 minutos"},"schema":{"@context":"https:\/\/schema.org","@graph":[{"@type":"Article","@id":"https:\/\/infoelnuevonorte.com\/?p=90874#article","isPartOf":{"@id":"https:\/\/infoelnuevonorte.com\/?p=90874"},"author":{"name":"InfoEnn","@id":"https:\/\/infoelnuevonorte.com\/#\/schema\/person\/fd4f6d90afe41260818b4ea94ad8ab84"},"headline":"Campesinos acusan a Medio Ambiente de represi\u00f3n y destrucci\u00f3n de viviendas","datePublished":"2025-04-04T10:17:17+00:00","dateModified":"2025-04-04T10:17:18+00:00","mainEntityOfPage":{"@id":"https:\/\/infoelnuevonorte.com\/?p=90874"},"wordCount":306,"publisher":{"@id":"https:\/\/infoelnuevonorte.com\/#organization"},"image":{"@id":"https:\/\/infoelnuevonorte.com\/?p=90874#primaryimage"},"thumbnailUrl":"https:\/\/infoelnuevonorte.com\/wp-content\/uploads\/2025\/04\/sacerdo.webp","articleSection":["Del Norte"],"inLanguage":"es-DO"},{"@type":"WebPage","@id":"https:\/\/infoelnuevonorte.com\/?p=90874","url":"https:\/\/infoelnuevonorte.com\/?p=90874","name":"Campesinos acusan a Medio Ambiente de represi\u00f3n y destrucci\u00f3n de viviendas | El Nuevo Norte","isPartOf":{"@id":"https:\/\/infoelnuevonorte.com\/#website"},"primaryImageOfPage":{"@id":"https:\/\/infoelnuevonorte.com\/?p=90874#primaryimage"},"image":{"@id":"https:\/\/infoelnuevonorte.com\/?p=90874#primaryimage"},"thumbnailUrl":"https:\/\/infoelnuevonorte.com\/wp-content\/uploads\/2025\/04\/sacerdo.webp","datePublished":"2025-04-04T10:17:17+00:00","dateModified":"2025-04-04T10:17:18+00:00","breadcrumb":{"@id":"https:\/\/infoelnuevonorte.com\/?p=90874#breadcrumb"},"inLanguage":"es-DO","potentialAction":[{"@type":"ReadAction","target":["https:\/\/infoelnuevonorte.com\/?p=90874"]}]},{"@type":"ImageObject","inLanguage":"es-DO","@id":"https:\/\/infoelnuevonorte.com\/?p=90874#primaryimage","url":"https:\/\/infoelnuevonorte.com\/wp-content\/uploads\/2025\/04\/sacerdo.webp","contentUrl":"https:\/\/infoelnuevonorte.com\/wp-content\/uploads\/2025\/04\/sacerdo.webp","width":1000,"height":600},{"@type":"BreadcrumbList","@id":"https:\/\/infoelnuevonorte.com\/?p=90874#breadcrumb","itemListElement":[{"@type":"ListItem","position":1,"name":"Home","item":"https:\/\/infoelnuevonorte.com\/"},{"@type":"ListItem","position":2,"name":"Campesinos acusan a Medio Ambiente de represi\u00f3n y destrucci\u00f3n de viviendas"}]},{"@type":"WebSite","@id":"https:\/\/infoelnuevonorte.com\/#website","url":"https:\/\/infoelnuevonorte.com\/","name":"InfoEnn","description":"Tu Voz, tu Verdad, tu Diario!!!","publisher":{"@id":"https:\/\/infoelnuevonorte.com\/#organization"},"alternateName":"El Nuevo Norte","potentialAction":[{"@type":"SearchAction","target":{"@type":"EntryPoint","urlTemplate":"https:\/\/infoelnuevonorte.com\/?s={search_term_string}"},"query-input":{"@type":"PropertyValueSpecification","valueRequired":true,"valueName":"search_term_string"}}],"inLanguage":"es-DO"},{"@type":"Organization","@id":"https:\/\/infoelnuevonorte.com\/#organization","name":"Info El Nuevo Norte","alternateName":"El Nuevo Norte","url":"https:\/\/infoelnuevonorte.com\/","logo":{"@type":"ImageObject","inLanguage":"es-DO","@id":"https:\/\/infoelnuevonorte.com\/#\/schema\/logo\/image\/","url":"https:\/\/infoelnuevonorte.com\/wp-content\/uploads\/2026\/02\/Logo-Info-enn-3d-20ani.jpeg","contentUrl":"https:\/\/infoelnuevonorte.com\/wp-content\/uploads\/2026\/02\/Logo-Info-enn-3d-20ani.jpeg","width":2046,"height":736,"caption":"Info El Nuevo Norte"},"image":{"@id":"https:\/\/infoelnuevonorte.com\/#\/schema\/logo\/image\/"},"sameAs":["https:\/\/www.facebook.com\/infoenn","https:\/\/x.com\/Elnuevo_norte","https:\/\/www.instagram.com\/infoenn","https:\/\/www.facebook.com\/ENNRD"]},{"@type":"Person","@id":"https:\/\/infoelnuevonorte.com\/#\/schema\/person\/fd4f6d90afe41260818b4ea94ad8ab84","name":"InfoEnn","image":{"@type":"ImageObject","inLanguage":"es-DO","@id":"https:\/\/infoelnuevonorte.com\/#\/schema\/person\/image\/","url":"https:\/\/secure.gravatar.com\/avatar\/d4d760a41a48ba9db0a82bfb63bb0783?s=96&d=robohash&r=g","contentUrl":"https:\/\/secure.gravatar.com\/avatar\/d4d760a41a48ba9db0a82bfb63bb0783?s=96&d=robohash&r=g","caption":"InfoEnn"},"sameAs":["https:\/\/infoelnuevonorte.com"],"url":"https:\/\/infoelnuevonorte.com\/?author=1"}]}},"_links":{"self":[{"href":"https:\/\/infoelnuevonorte.com\/index.php?rest_route=\/wp\/v2\/posts\/90874"}],"collection":[{"href":"https:\/\/infoelnuevonorte.com\/index.php?rest_route=\/wp\/v2\/posts"}],"about":[{"href":"https:\/\/infoelnuevonorte.com\/index.php?rest_route=\/wp\/v2\/types\/post"}],"author":[{"embeddable":true,"href":"https:\/\/infoelnuevonorte.com\/index.php?rest_route=\/wp\/v2\/users\/1"}],"replies":[{"embeddable":true,"href":"https:\/\/infoelnuevonorte.com\/index.php?rest_route=%2Fwp%2Fv2%2Fcomments&post=90874"}],"version-history":[{"count":1,"href":"https:\/\/infoelnuevonorte.com\/index.php?rest_route=\/wp\/v2\/posts\/90874\/revisions"}],"predecessor-version":[{"id":90877,"href":"https:\/\/infoelnuevonorte.com\/index.php?rest_route=\/wp\/v2\/posts\/90874\/revisions\/90877"}],"wp:featuredmedia":[{"embeddable":true,"href":"https:\/\/infoelnuevonorte.com\/index.php?rest_route=\/wp\/v2\/media\/90876"}],"wp:attachment":[{"href":"https:\/\/infoelnuevonorte.com\/index.php?rest_route=%2Fwp%2Fv2%2Fmedia&parent=90874"}],"wp:term":[{"taxonomy":"category","embeddable":true,"href":"https:\/\/infoelnuevonorte.com\/index.php?rest_route=%2Fwp%2Fv2%2Fcategories&post=90874"},{"taxonomy":"post_tag","embeddable":true,"href":"https:\/\/infoelnuevonorte.com\/index.php?rest_route=%2Fwp%2Fv2%2Ftags&post=90874"}],"curies":[{"name":"wp","href":"https:\/\/api.w.org\/{rel}","templated":true}]}}