{"id":91892,"date":"2025-04-08T08:20:38","date_gmt":"2025-04-08T12:20:38","guid":{"rendered":"https:\/\/infoelnuevonorte.com\/?p=91892"},"modified":"2025-04-08T08:20:39","modified_gmt":"2025-04-08T12:20:39","slug":"gobernadora-de-montecristi-entre-los-fallecidos-en-tragedia-del-jet-set","status":"publish","type":"post","link":"https:\/\/infoelnuevonorte.com\/?p=91892","title":{"rendered":"Gobernadora de Montecristi entre los fallecidos en tragedia del Jet Set"},"content":{"rendered":"\n<p><a href=\"https:\/\/deultimominuto.net\/nacionales\/\"><\/a><\/p>\n\n\n<!--[if lt IE 9]><script>document.createElement('audio');<\/script><![endif]-->\n<audio class=\"wp-audio-shortcode\" id=\"audio-91892-1\" preload=\"none\" style=\"width: 100%;\" controls=\"controls\"><source type=\"audio\/mpeg\" src=\"https:\/\/infoelnuevonorte.com\/wp-content\/uploads\/2025\/04\/ttsmaker-vip-file-2025-4-8-8-20-8.mp3?_=1\" \/><a href=\"https:\/\/infoelnuevonorte.com\/wp-content\/uploads\/2025\/04\/ttsmaker-vip-file-2025-4-8-8-20-8.mp3\">https:\/\/infoelnuevonorte.com\/wp-content\/uploads\/2025\/04\/ttsmaker-vip-file-2025-4-8-8-20-8.mp3<\/a><\/audio>\n<p style=\"text-align: justify;\"><strong>Santo Domingo.-\u00a0<\/strong>La Gobernadora de Montecristi,\u00a0<strong>Nelsy Cruz,<\/strong>\u00a0se encuentra entre los al menos 15 fallecidos tras el desplome del techo en la<strong>\u00a0discoteca Jet Set\u00a0<\/strong>durante una presentaci\u00f3n del\u00a0<strong>merenguero\u00a0Rubby P\u00e9rez<\/strong>.<\/p>\n<p style=\"text-align: justify;\">De acuerdo a las informaciones, Cruz fue sacada sin vida la madrugada de este martes por el\u00a0<strong>equipo de rescate<\/strong>\u00a0que se encuentra en el lugar.<\/p>\n<p style=\"text-align: justify;\">La Gobernadora de Montecristi es oriunda de Las Matas de Santa Cruz, graduada de dise\u00f1os en Altos de Chav\u00f3n, y\u00a0<strong>hermana del beisbolista Nelson Cruz Mart\u00ednez, astro de los Orioles de Baltimore.<\/strong><\/p>\n<h2 class=\"wp-block-heading\" style=\"text-align: justify;\"><strong>Sobre el desplome<\/strong><\/h2>\n<p style=\"text-align: justify;\">Las autoridades\u00a0<strong>han reportado m\u00e1s de 90 heridos<\/strong>\u00a0a causa de la tragedia registrada alrededor de las 12:44 a.m.<\/p>\n<p style=\"text-align: justify;\">El\u00a0Centro de Operaciones de Emergencias (COE)\u00a0y el\u00a0<strong>Sistema Nacional de Atenci\u00f3n a Emergencias 911\u00a0<\/strong>coordinan desde tempranas horas de la madrugada las labores de respuesta y rescate en el lugar del desastre.<\/p>\n<p style=\"text-align: justify;\">Al momento\u00a0<strong>se han desplegado 77 Ambulancias de la DAEH,<\/strong>\u00a08 unidades del Cuerpo de Bomberos del Distrito Nacional y el equipo Hur\u00f3n especializado en estructuras colapsadas; 30 Rescatistas de la\u00a0<strong>Defensa Civil<\/strong>, 200 miembros de la<strong>\u00a0Polic\u00eda Nacional<\/strong>, 50 rescatistas pertenecientes a las Fuerzas Armadas y 7 unidades de DIGESETT, incluyendo gr\u00faas para despejar la zona.<\/p>\n<p style=\"text-align: justify;\">La tragedia ha marcado a la ic\u00f3nica discoteca Jet Set Club,<strong>\u00a0el principal referente del entretenimiento nocturno<\/strong>\u00a0y la promoci\u00f3n de la m\u00fasica tropical en Rep\u00fablica Dominicana y el Caribe que el pasado 27 de febrero celebr\u00f3 su 52 aniversario.<\/p>","protected":false},"excerpt":{"rendered":"<p>Santo Domingo.-\u00a0La Gobernadora de Montecristi,\u00a0Nelsy Cruz,\u00a0se encuentra entre los al menos 15 fallecidos tras el desplome del techo en la\u00a0discoteca Jet Set\u00a0durante una presentaci\u00f3n del\u00a0merenguero\u00a0Rubby P\u00e9rez. De acuerdo a las informaciones, Cruz fue sacada sin vida la madrugada de este martes por el\u00a0equipo de rescate\u00a0que se encuentra en el lugar. La Gobernadora de Montecristi es [&hellip;]<\/p>\n","protected":false},"author":2,"featured_media":0,"comment_status":"closed","ping_status":"open","sticky":false,"template":"","format":"standard","meta":{"footnotes":""},"categories":[8],"tags":[],"yoast_head":"<!-- This site is optimized with the Yoast SEO plugin v24.5 - https:\/\/yoast.com\/wordpress\/plugins\/seo\/ -->\n<title>Gobernadora de Montecristi entre los fallecidos en tragedia del Jet Set | El Nuevo Norte<\/title>\n<meta name=\"robots\" content=\"index, follow, max-snippet:-1, max-image-preview:large, max-video-preview:-1\" \/>\n<link rel=\"canonical\" href=\"https:\/\/infoelnuevonorte.com\/?p=91892\" \/>\n<meta property=\"og:locale\" content=\"es_ES\" \/>\n<meta property=\"og:type\" content=\"article\" \/>\n<meta property=\"og:title\" content=\"Gobernadora de Montecristi entre los fallecidos en tragedia del Jet Set | El Nuevo Norte\" \/>\n<meta property=\"og:description\" content=\"Santo Domingo.-\u00a0La Gobernadora de Montecristi,\u00a0Nelsy Cruz,\u00a0se encuentra entre los al menos 15 fallecidos tras el desplome del techo en la\u00a0discoteca Jet Set\u00a0durante una presentaci\u00f3n del\u00a0merenguero\u00a0Rubby P\u00e9rez. De acuerdo a las informaciones, Cruz fue sacada sin vida la madrugada de este martes por el\u00a0equipo de rescate\u00a0que se encuentra en el lugar. La Gobernadora de Montecristi es [&hellip;]\" \/>\n<meta property=\"og:url\" content=\"https:\/\/infoelnuevonorte.com\/?p=91892\" \/>\n<meta property=\"og:site_name\" content=\"El Nuevo Norte\" \/>\n<meta property=\"article:publisher\" content=\"https:\/\/www.facebook.com\/infoenn\" \/>\n<meta property=\"article:published_time\" content=\"2025-04-08T12:20:38+00:00\" \/>\n<meta property=\"article:modified_time\" content=\"2025-04-08T12:20:39+00:00\" \/>\n<meta property=\"og:image\" content=\"https:\/\/infoelnuevonorte.com\/wp-content\/uploads\/2025\/04\/Post-de-Instagram-Feliz-Cumpleanos-Sencillo-Minimalista-Azul-1000-x-500-px-2025-04-08T075735.019-1.png\" \/>\n\t<meta property=\"og:image:width\" content=\"1000\" \/>\n\t<meta property=\"og:image:height\" content=\"500\" \/>\n\t<meta property=\"og:image:type\" content=\"image\/png\" \/>\n<meta name=\"author\" content=\"T. R.\" \/>\n<meta name=\"twitter:card\" content=\"summary_large_image\" \/>\n<meta name=\"twitter:creator\" content=\"@Elnuevo_norte\" \/>\n<meta name=\"twitter:site\" content=\"@Elnuevo_norte\" \/>\n<meta name=\"twitter:label1\" content=\"Written by\" \/>\n\t<meta name=\"twitter:data1\" content=\"T. R.\" \/>\n\t<meta name=\"twitter:label2\" content=\"Est. reading time\" \/>\n\t<meta name=\"twitter:data2\" content=\"2 minutos\" \/>\n<script type=\"application\/ld+json\" class=\"yoast-schema-graph\">{\"@context\":\"https:\/\/schema.org\",\"@graph\":[{\"@type\":\"Article\",\"@id\":\"https:\/\/infoelnuevonorte.com\/?p=91892#article\",\"isPartOf\":{\"@id\":\"https:\/\/infoelnuevonorte.com\/?p=91892\"},\"author\":{\"name\":\"T. R.\",\"@id\":\"https:\/\/infoelnuevonorte.com\/#\/schema\/person\/3accb35eb55f55e96c492b52d085a403\"},\"headline\":\"Gobernadora de Montecristi entre los fallecidos en tragedia del Jet Set\",\"datePublished\":\"2025-04-08T12:20:38+00:00\",\"dateModified\":\"2025-04-08T12:20:39+00:00\",\"mainEntityOfPage\":{\"@id\":\"https:\/\/infoelnuevonorte.com\/?p=91892\"},\"wordCount\":274,\"publisher\":{\"@id\":\"https:\/\/infoelnuevonorte.com\/#organization\"},\"articleSection\":[\"Nacionales\"],\"inLanguage\":\"es-DO\"},{\"@type\":\"WebPage\",\"@id\":\"https:\/\/infoelnuevonorte.com\/?p=91892\",\"url\":\"https:\/\/infoelnuevonorte.com\/?p=91892\",\"name\":\"Gobernadora de Montecristi entre los fallecidos en tragedia del Jet Set | El Nuevo Norte\",\"isPartOf\":{\"@id\":\"https:\/\/infoelnuevonorte.com\/#website\"},\"datePublished\":\"2025-04-08T12:20:38+00:00\",\"dateModified\":\"2025-04-08T12:20:39+00:00\",\"breadcrumb\":{\"@id\":\"https:\/\/infoelnuevonorte.com\/?p=91892#breadcrumb\"},\"inLanguage\":\"es-DO\",\"potentialAction\":[{\"@type\":\"ReadAction\",\"target\":[\"https:\/\/infoelnuevonorte.com\/?p=91892\"]}]},{\"@type\":\"BreadcrumbList\",\"@id\":\"https:\/\/infoelnuevonorte.com\/?p=91892#breadcrumb\",\"itemListElement\":[{\"@type\":\"ListItem\",\"position\":1,\"name\":\"Home\",\"item\":\"https:\/\/infoelnuevonorte.com\/\"},{\"@type\":\"ListItem\",\"position\":2,\"name\":\"Gobernadora de Montecristi entre los fallecidos en tragedia del Jet Set\"}]},{\"@type\":\"WebSite\",\"@id\":\"https:\/\/infoelnuevonorte.com\/#website\",\"url\":\"https:\/\/infoelnuevonorte.com\/\",\"name\":\"InfoEnn\",\"description\":\"Tu Voz, tu Verdad, tu Diario!!!\",\"publisher\":{\"@id\":\"https:\/\/infoelnuevonorte.com\/#organization\"},\"alternateName\":\"El Nuevo Norte\",\"potentialAction\":[{\"@type\":\"SearchAction\",\"target\":{\"@type\":\"EntryPoint\",\"urlTemplate\":\"https:\/\/infoelnuevonorte.com\/?s={search_term_string}\"},\"query-input\":{\"@type\":\"PropertyValueSpecification\",\"valueRequired\":true,\"valueName\":\"search_term_string\"}}],\"inLanguage\":\"es-DO\"},{\"@type\":\"Organization\",\"@id\":\"https:\/\/infoelnuevonorte.com\/#organization\",\"name\":\"Info El Nuevo Norte\",\"alternateName\":\"El Nuevo Norte\",\"url\":\"https:\/\/infoelnuevonorte.com\/\",\"logo\":{\"@type\":\"ImageObject\",\"inLanguage\":\"es-DO\",\"@id\":\"https:\/\/infoelnuevonorte.com\/#\/schema\/logo\/image\/\",\"url\":\"https:\/\/infoelnuevonorte.com\/wp-content\/uploads\/2026\/02\/Logo-Info-enn-3d-20ani.jpeg\",\"contentUrl\":\"https:\/\/infoelnuevonorte.com\/wp-content\/uploads\/2026\/02\/Logo-Info-enn-3d-20ani.jpeg\",\"width\":2046,\"height\":736,\"caption\":\"Info El Nuevo Norte\"},\"image\":{\"@id\":\"https:\/\/infoelnuevonorte.com\/#\/schema\/logo\/image\/\"},\"sameAs\":[\"https:\/\/www.facebook.com\/infoenn\",\"https:\/\/x.com\/Elnuevo_norte\",\"https:\/\/www.instagram.com\/infoenn\",\"https:\/\/www.facebook.com\/ENNRD\"]},{\"@type\":\"Person\",\"@id\":\"https:\/\/infoelnuevonorte.com\/#\/schema\/person\/3accb35eb55f55e96c492b52d085a403\",\"name\":\"T. R.\",\"image\":{\"@type\":\"ImageObject\",\"inLanguage\":\"es-DO\",\"@id\":\"https:\/\/infoelnuevonorte.com\/#\/schema\/person\/image\/\",\"url\":\"https:\/\/secure.gravatar.com\/avatar\/40543a038bda97abdb765b1662e9677d?s=96&d=robohash&r=g\",\"contentUrl\":\"https:\/\/secure.gravatar.com\/avatar\/40543a038bda97abdb765b1662e9677d?s=96&d=robohash&r=g\",\"caption\":\"T. R.\"},\"url\":\"https:\/\/infoelnuevonorte.com\/?author=2\"}]}<\/script>\n<!-- \/ Yoast SEO plugin. -->","yoast_head_json":{"title":"Gobernadora de Montecristi entre los fallecidos en tragedia del Jet Set | El Nuevo Norte","robots":{"index":"index","follow":"follow","max-snippet":"max-snippet:-1","max-image-preview":"max-image-preview:large","max-video-preview":"max-video-preview:-1"},"canonical":"https:\/\/infoelnuevonorte.com\/?p=91892","og_locale":"es_ES","og_type":"article","og_title":"Gobernadora de Montecristi entre los fallecidos en tragedia del Jet Set | El Nuevo Norte","og_description":"Santo Domingo.-\u00a0La Gobernadora de Montecristi,\u00a0Nelsy Cruz,\u00a0se encuentra entre los al menos 15 fallecidos tras el desplome del techo en la\u00a0discoteca Jet Set\u00a0durante una presentaci\u00f3n del\u00a0merenguero\u00a0Rubby P\u00e9rez. De acuerdo a las informaciones, Cruz fue sacada sin vida la madrugada de este martes por el\u00a0equipo de rescate\u00a0que se encuentra en el lugar. La Gobernadora de Montecristi es [&hellip;]","og_url":"https:\/\/infoelnuevonorte.com\/?p=91892","og_site_name":"El Nuevo Norte","article_publisher":"https:\/\/www.facebook.com\/infoenn","article_published_time":"2025-04-08T12:20:38+00:00","article_modified_time":"2025-04-08T12:20:39+00:00","og_image":[{"width":1000,"height":500,"url":"https:\/\/infoelnuevonorte.com\/wp-content\/uploads\/2025\/04\/Post-de-Instagram-Feliz-Cumpleanos-Sencillo-Minimalista-Azul-1000-x-500-px-2025-04-08T075735.019-1.png","type":"image\/png"}],"author":"T. R.","twitter_card":"summary_large_image","twitter_creator":"@Elnuevo_norte","twitter_site":"@Elnuevo_norte","twitter_misc":{"Written by":"T. R.","Est. reading time":"2 minutos"},"schema":{"@context":"https:\/\/schema.org","@graph":[{"@type":"Article","@id":"https:\/\/infoelnuevonorte.com\/?p=91892#article","isPartOf":{"@id":"https:\/\/infoelnuevonorte.com\/?p=91892"},"author":{"name":"T. R.","@id":"https:\/\/infoelnuevonorte.com\/#\/schema\/person\/3accb35eb55f55e96c492b52d085a403"},"headline":"Gobernadora de Montecristi entre los fallecidos en tragedia del Jet Set","datePublished":"2025-04-08T12:20:38+00:00","dateModified":"2025-04-08T12:20:39+00:00","mainEntityOfPage":{"@id":"https:\/\/infoelnuevonorte.com\/?p=91892"},"wordCount":274,"publisher":{"@id":"https:\/\/infoelnuevonorte.com\/#organization"},"articleSection":["Nacionales"],"inLanguage":"es-DO"},{"@type":"WebPage","@id":"https:\/\/infoelnuevonorte.com\/?p=91892","url":"https:\/\/infoelnuevonorte.com\/?p=91892","name":"Gobernadora de Montecristi entre los fallecidos en tragedia del Jet Set | El Nuevo Norte","isPartOf":{"@id":"https:\/\/infoelnuevonorte.com\/#website"},"datePublished":"2025-04-08T12:20:38+00:00","dateModified":"2025-04-08T12:20:39+00:00","breadcrumb":{"@id":"https:\/\/infoelnuevonorte.com\/?p=91892#breadcrumb"},"inLanguage":"es-DO","potentialAction":[{"@type":"ReadAction","target":["https:\/\/infoelnuevonorte.com\/?p=91892"]}]},{"@type":"BreadcrumbList","@id":"https:\/\/infoelnuevonorte.com\/?p=91892#breadcrumb","itemListElement":[{"@type":"ListItem","position":1,"name":"Home","item":"https:\/\/infoelnuevonorte.com\/"},{"@type":"ListItem","position":2,"name":"Gobernadora de Montecristi entre los fallecidos en tragedia del Jet Set"}]},{"@type":"WebSite","@id":"https:\/\/infoelnuevonorte.com\/#website","url":"https:\/\/infoelnuevonorte.com\/","name":"InfoEnn","description":"Tu Voz, tu Verdad, tu Diario!!!","publisher":{"@id":"https:\/\/infoelnuevonorte.com\/#organization"},"alternateName":"El Nuevo Norte","potentialAction":[{"@type":"SearchAction","target":{"@type":"EntryPoint","urlTemplate":"https:\/\/infoelnuevonorte.com\/?s={search_term_string}"},"query-input":{"@type":"PropertyValueSpecification","valueRequired":true,"valueName":"search_term_string"}}],"inLanguage":"es-DO"},{"@type":"Organization","@id":"https:\/\/infoelnuevonorte.com\/#organization","name":"Info El Nuevo Norte","alternateName":"El Nuevo Norte","url":"https:\/\/infoelnuevonorte.com\/","logo":{"@type":"ImageObject","inLanguage":"es-DO","@id":"https:\/\/infoelnuevonorte.com\/#\/schema\/logo\/image\/","url":"https:\/\/infoelnuevonorte.com\/wp-content\/uploads\/2026\/02\/Logo-Info-enn-3d-20ani.jpeg","contentUrl":"https:\/\/infoelnuevonorte.com\/wp-content\/uploads\/2026\/02\/Logo-Info-enn-3d-20ani.jpeg","width":2046,"height":736,"caption":"Info El Nuevo Norte"},"image":{"@id":"https:\/\/infoelnuevonorte.com\/#\/schema\/logo\/image\/"},"sameAs":["https:\/\/www.facebook.com\/infoenn","https:\/\/x.com\/Elnuevo_norte","https:\/\/www.instagram.com\/infoenn","https:\/\/www.facebook.com\/ENNRD"]},{"@type":"Person","@id":"https:\/\/infoelnuevonorte.com\/#\/schema\/person\/3accb35eb55f55e96c492b52d085a403","name":"T. R.","image":{"@type":"ImageObject","inLanguage":"es-DO","@id":"https:\/\/infoelnuevonorte.com\/#\/schema\/person\/image\/","url":"https:\/\/secure.gravatar.com\/avatar\/40543a038bda97abdb765b1662e9677d?s=96&d=robohash&r=g","contentUrl":"https:\/\/secure.gravatar.com\/avatar\/40543a038bda97abdb765b1662e9677d?s=96&d=robohash&r=g","caption":"T. R."},"url":"https:\/\/infoelnuevonorte.com\/?author=2"}]}},"_links":{"self":[{"href":"https:\/\/infoelnuevonorte.com\/index.php?rest_route=\/wp\/v2\/posts\/91892"}],"collection":[{"href":"https:\/\/infoelnuevonorte.com\/index.php?rest_route=\/wp\/v2\/posts"}],"about":[{"href":"https:\/\/infoelnuevonorte.com\/index.php?rest_route=\/wp\/v2\/types\/post"}],"author":[{"embeddable":true,"href":"https:\/\/infoelnuevonorte.com\/index.php?rest_route=\/wp\/v2\/users\/2"}],"replies":[{"embeddable":true,"href":"https:\/\/infoelnuevonorte.com\/index.php?rest_route=%2Fwp%2Fv2%2Fcomments&post=91892"}],"version-history":[{"count":1,"href":"https:\/\/infoelnuevonorte.com\/index.php?rest_route=\/wp\/v2\/posts\/91892\/revisions"}],"predecessor-version":[{"id":91895,"href":"https:\/\/infoelnuevonorte.com\/index.php?rest_route=\/wp\/v2\/posts\/91892\/revisions\/91895"}],"wp:attachment":[{"href":"https:\/\/infoelnuevonorte.com\/index.php?rest_route=%2Fwp%2Fv2%2Fmedia&parent=91892"}],"wp:term":[{"taxonomy":"category","embeddable":true,"href":"https:\/\/infoelnuevonorte.com\/index.php?rest_route=%2Fwp%2Fv2%2Fcategories&post=91892"},{"taxonomy":"post_tag","embeddable":true,"href":"https:\/\/infoelnuevonorte.com\/index.php?rest_route=%2Fwp%2Fv2%2Ftags&post=91892"}],"curies":[{"name":"wp","href":"https:\/\/api.w.org\/{rel}","templated":true}]}}