{"id":91903,"date":"2025-04-08T08:44:21","date_gmt":"2025-04-08T12:44:21","guid":{"rendered":"https:\/\/infoelnuevonorte.com\/?p=91903"},"modified":"2025-04-08T08:44:22","modified_gmt":"2025-04-08T12:44:22","slug":"dia-internacional-de-oposicion-a-los-alimentos-transgenicos","status":"publish","type":"post","link":"https:\/\/infoelnuevonorte.com\/?p=91903","title":{"rendered":"D\u00eda Internacional de Oposici\u00f3n a los Alimentos Transg\u00e9nicos"},"content":{"rendered":"\n<p><a href=\"https:\/\/deultimominuto.net\/estilo\/efemerides\/\"><\/a><\/p>\n\n\n<div class=\"td_block_wrap tdb_single_content tdi_229 td-pb-border-top td_block_template_1 td-post-content tagdiv-type\" data-td-block-uid=\"tdi_229\">\n<div class=\"tdb-block-inner td-fix-index\">\n<!--[if lt IE 9]><script>document.createElement('audio');<\/script><![endif]-->\n<audio class=\"wp-audio-shortcode\" id=\"audio-91903-1\" preload=\"none\" style=\"width: 100%;\" controls=\"controls\"><source type=\"audio\/mpeg\" src=\"https:\/\/infoelnuevonorte.com\/wp-content\/uploads\/2025\/04\/ttsmaker-vip-file-2025-4-8-8-43-44.mp3?_=1\" \/><a href=\"https:\/\/infoelnuevonorte.com\/wp-content\/uploads\/2025\/04\/ttsmaker-vip-file-2025-4-8-8-43-44.mp3\">https:\/\/infoelnuevonorte.com\/wp-content\/uploads\/2025\/04\/ttsmaker-vip-file-2025-4-8-8-43-44.mp3<\/a><\/audio>\n<p style=\"text-align: justify;\">Cada\u00a0<strong>8 de\u00a0abril\u00a0<\/strong>se celebra el D\u00eda Internacional de Oposici\u00f3n a los Alimentos Transg\u00e9nicos, un movimiento de acci\u00f3n mundial que manifiesta el rechazo hacia el cultivo y producci\u00f3n de alimentos modificados gen\u00e9ticamente, afectando la agricultura y la alimentaci\u00f3n tradicionales.<\/p>\n<p style=\"text-align: justify;\">Con este d\u00eda se pretende visibilizar la imposici\u00f3n y la desinformaci\u00f3n acerca de los riesgos y desventajas de los transg\u00e9nicos en la dieta alimenticia, incentivando el cultivo sostenible y la producci\u00f3n de alimentos para el consumo humano libres de transg\u00e9nicos.<\/p>\n<h2 id=\"resTit_2\" class=\"wp-block-heading\" style=\"text-align: justify;\"><strong>\u00bfC\u00f3mo se origin\u00f3 este D\u00eda Internacional?<\/strong><\/h2>\n<p style=\"text-align: justify;\">El\u00a0<strong>D\u00eda Internacional de Oposici\u00f3n a los Alimentos Transg\u00e9nicos<\/strong>\u00a0se cre\u00f3 el\u00a0<strong>8 de\u00a0abril\u00a0<\/strong>de 2006, por iniciativa de cien organizaciones internacionales ubicadas en m\u00e1s de 40 pa\u00edses. Su finalidad es divulgar los efectos nocivos de los cultivos y alimentos transg\u00e9nicos en la salud humana y el medio ambiente.<\/p>\n<figure class=\"wp-block-image size-full\" style=\"text-align: justify;\"><img loading=\"lazy\" decoding=\"async\" class=\"wp-image-460547 entered lazyloaded\" title=\"D\u00eda Internacional de Oposici\u00f3n a los Alimentos Transg\u00e9nicos | 2 |\" src=\"https:\/\/cdn.deultimominuto.net\/wp-content\/uploads\/2025\/04\/alimentos-transgenicos.png\" sizes=\"(max-width: 933px) 100vw, 933px\" srcset=\"https:\/\/cdn.deultimominuto.net\/wp-content\/uploads\/2025\/04\/alimentos-transgenicos.png 933w, https:\/\/cdn.deultimominuto.net\/wp-content\/uploads\/2025\/04\/alimentos-transgenicos-392x147.png 392w, https:\/\/cdn.deultimominuto.net\/wp-content\/uploads\/2025\/04\/alimentos-transgenicos-768x288.png 768w, https:\/\/cdn.deultimominuto.net\/wp-content\/uploads\/2025\/04\/alimentos-transgenicos-96x36.png 96w, https:\/\/cdn.deultimominuto.net\/wp-content\/uploads\/2025\/04\/alimentos-transgenicos-192x72.png 192w, https:\/\/cdn.deultimominuto.net\/wp-content\/uploads\/2025\/04\/alimentos-transgenicos-150x56.png 150w, https:\/\/cdn.deultimominuto.net\/wp-content\/uploads\/2025\/04\/alimentos-transgenicos-300x113.png 300w, https:\/\/cdn.deultimominuto.net\/wp-content\/uploads\/2025\/04\/alimentos-transgenicos-696x261.png 696w\" alt=\"D\u00eda Internacional de Oposici\u00f3n a los Alimentos Transg\u00e9nicos | De \u00daltimo Minuto\" width=\"933\" height=\"350\" data-lazy-srcset=\"https:\/\/cdn.deultimominuto.net\/wp-content\/uploads\/2025\/04\/alimentos-transgenicos.png 933w, https:\/\/cdn.deultimominuto.net\/wp-content\/uploads\/2025\/04\/alimentos-transgenicos-392x147.png 392w, https:\/\/cdn.deultimominuto.net\/wp-content\/uploads\/2025\/04\/alimentos-transgenicos-768x288.png 768w, https:\/\/cdn.deultimominuto.net\/wp-content\/uploads\/2025\/04\/alimentos-transgenicos-96x36.png 96w, https:\/\/cdn.deultimominuto.net\/wp-content\/uploads\/2025\/04\/alimentos-transgenicos-192x72.png 192w, https:\/\/cdn.deultimominuto.net\/wp-content\/uploads\/2025\/04\/alimentos-transgenicos-150x56.png 150w, https:\/\/cdn.deultimominuto.net\/wp-content\/uploads\/2025\/04\/alimentos-transgenicos-300x113.png 300w, https:\/\/cdn.deultimominuto.net\/wp-content\/uploads\/2025\/04\/alimentos-transgenicos-696x261.png 696w\" data-lazy-sizes=\"(max-width: 933px) 100vw, 933px\" data-lazy-src=\"https:\/\/cdn.deultimominuto.net\/wp-content\/uploads\/2025\/04\/alimentos-transgenicos.png\" data-ll-status=\"loaded\" \/><\/figure>\n<p style=\"text-align: justify;\">La elecci\u00f3n de esta fecha coincide con la Convenci\u00f3n de Biotecnolog\u00eda en Chicago y el veredicto de la\u00a0<strong>Organizaci\u00f3n Mundial del Comercio<\/strong>, referido a la disputa entre Estados Unidos y Europa por el comercio de los OGM.<\/p>\n<h2 id=\"resTit_3\" class=\"wp-block-heading\" style=\"text-align: justify;\"><strong>\u00bfQue son los alimentos transg\u00e9nicos?<\/strong><\/h2>\n<p style=\"text-align: justify;\">Los\u00a0alimentos transg\u00e9nicos, tambi\u00e9n conocidos como\u00a0Organismos Gen\u00e9ticamente Modificados (OGM)\u00a0son aquellos alimentos producidos a partir de un organismo modificado, gracias a la ingenier\u00eda gen\u00e9tica y la biotecnolog\u00eda vegetal.<\/p>\n<p style=\"text-align: justify;\">Estos alimentos poseen un ADN modificado, producto del uso de genes de otras plantas o animales. Entre los cultivos de Organismos Gen\u00e9ticamente Modificados (OGM) se destacan:\u00a0ma\u00edz, soja, canola, papas, tomates, arroz, algod\u00f3n y \u00e1lamos.<\/p>\n<p style=\"text-align: justify;\">Otros ejemplos de alimentos transg\u00e9nicos son los siguientes;\u00a0carnes, aspartame (compuesto transg\u00e9nico utilizado como sustituto del az\u00facar) y leche.<\/p>\n<figure class=\"wp-block-gallery has-nested-images columns-default is-cropped wp-block-gallery-1 is-layout-flex wp-block-gallery-is-layout-flex\" style=\"text-align: justify;\">\n<figure class=\"wp-block-image size-large\"><img loading=\"lazy\" decoding=\"async\" class=\"wp-image-460543 entered lazyloaded\" title=\"D\u00eda Internacional de Oposici\u00f3n a los Alimentos Transg\u00e9nicos | 3 |\" src=\"https:\/\/cdn.deultimominuto.net\/wp-content\/uploads\/2025\/04\/alimentos-transgenicos-3.jpg\" sizes=\"(max-width: 828px) 100vw, 828px\" srcset=\"https:\/\/cdn.deultimominuto.net\/wp-content\/uploads\/2025\/04\/alimentos-transgenicos-3.jpg 828w, https:\/\/cdn.deultimominuto.net\/wp-content\/uploads\/2025\/04\/alimentos-transgenicos-3-392x259.jpg 392w, https:\/\/cdn.deultimominuto.net\/wp-content\/uploads\/2025\/04\/alimentos-transgenicos-3-768x508.jpg 768w, https:\/\/cdn.deultimominuto.net\/wp-content\/uploads\/2025\/04\/alimentos-transgenicos-3-96x64.jpg 96w, https:\/\/cdn.deultimominuto.net\/wp-content\/uploads\/2025\/04\/alimentos-transgenicos-3-192x127.jpg 192w, https:\/\/cdn.deultimominuto.net\/wp-content\/uploads\/2025\/04\/alimentos-transgenicos-3-150x99.jpg 150w, https:\/\/cdn.deultimominuto.net\/wp-content\/uploads\/2025\/04\/alimentos-transgenicos-3-300x199.jpg 300w, https:\/\/cdn.deultimominuto.net\/wp-content\/uploads\/2025\/04\/alimentos-transgenicos-3-696x461.jpg 696w\" alt=\"D\u00eda Internacional de Oposici\u00f3n a los Alimentos Transg\u00e9nicos | De \u00daltimo Minuto\" width=\"828\" height=\"548\" data-id=\"460543\" data-lazy-srcset=\"https:\/\/cdn.deultimominuto.net\/wp-content\/uploads\/2025\/04\/alimentos-transgenicos-3.jpg 828w, https:\/\/cdn.deultimominuto.net\/wp-content\/uploads\/2025\/04\/alimentos-transgenicos-3-392x259.jpg 392w, https:\/\/cdn.deultimominuto.net\/wp-content\/uploads\/2025\/04\/alimentos-transgenicos-3-768x508.jpg 768w, https:\/\/cdn.deultimominuto.net\/wp-content\/uploads\/2025\/04\/alimentos-transgenicos-3-96x64.jpg 96w, https:\/\/cdn.deultimominuto.net\/wp-content\/uploads\/2025\/04\/alimentos-transgenicos-3-192x127.jpg 192w, https:\/\/cdn.deultimominuto.net\/wp-content\/uploads\/2025\/04\/alimentos-transgenicos-3-150x99.jpg 150w, https:\/\/cdn.deultimominuto.net\/wp-content\/uploads\/2025\/04\/alimentos-transgenicos-3-300x199.jpg 300w, https:\/\/cdn.deultimominuto.net\/wp-content\/uploads\/2025\/04\/alimentos-transgenicos-3-696x461.jpg 696w\" data-lazy-sizes=\"(max-width: 828px) 100vw, 828px\" data-lazy-src=\"https:\/\/cdn.deultimominuto.net\/wp-content\/uploads\/2025\/04\/alimentos-transgenicos-3.jpg\" data-ll-status=\"loaded\" \/><\/figure>\n<figure class=\"wp-block-image size-large\"><img loading=\"lazy\" decoding=\"async\" class=\"wp-image-460545 entered lazyloaded\" title=\"D\u00eda Internacional de Oposici\u00f3n a los Alimentos Transg\u00e9nicos | 4 |\" src=\"https:\/\/cdn.deultimominuto.net\/wp-content\/uploads\/2025\/04\/alimentos-transgenicos-2.jpg\" sizes=\"(max-width: 800px) 100vw, 800px\" srcset=\"https:\/\/cdn.deultimominuto.net\/wp-content\/uploads\/2025\/04\/alimentos-transgenicos-2.jpg 800w, https:\/\/cdn.deultimominuto.net\/wp-content\/uploads\/2025\/04\/alimentos-transgenicos-2-392x196.jpg 392w, https:\/\/cdn.deultimominuto.net\/wp-content\/uploads\/2025\/04\/alimentos-transgenicos-2-768x384.jpg 768w, https:\/\/cdn.deultimominuto.net\/wp-content\/uploads\/2025\/04\/alimentos-transgenicos-2-96x48.jpg 96w, https:\/\/cdn.deultimominuto.net\/wp-content\/uploads\/2025\/04\/alimentos-transgenicos-2-192x96.jpg 192w, https:\/\/cdn.deultimominuto.net\/wp-content\/uploads\/2025\/04\/alimentos-transgenicos-2-150x75.jpg 150w, https:\/\/cdn.deultimominuto.net\/wp-content\/uploads\/2025\/04\/alimentos-transgenicos-2-300x150.jpg 300w, https:\/\/cdn.deultimominuto.net\/wp-content\/uploads\/2025\/04\/alimentos-transgenicos-2-696x348.jpg 696w\" alt=\"D\u00eda Internacional de Oposici\u00f3n a los Alimentos Transg\u00e9nicos | De \u00daltimo Minuto\" width=\"800\" height=\"400\" data-id=\"460545\" data-lazy-srcset=\"https:\/\/cdn.deultimominuto.net\/wp-content\/uploads\/2025\/04\/alimentos-transgenicos-2.jpg 800w, https:\/\/cdn.deultimominuto.net\/wp-content\/uploads\/2025\/04\/alimentos-transgenicos-2-392x196.jpg 392w, https:\/\/cdn.deultimominuto.net\/wp-content\/uploads\/2025\/04\/alimentos-transgenicos-2-768x384.jpg 768w, https:\/\/cdn.deultimominuto.net\/wp-content\/uploads\/2025\/04\/alimentos-transgenicos-2-96x48.jpg 96w, https:\/\/cdn.deultimominuto.net\/wp-content\/uploads\/2025\/04\/alimentos-transgenicos-2-192x96.jpg 192w, https:\/\/cdn.deultimominuto.net\/wp-content\/uploads\/2025\/04\/alimentos-transgenicos-2-150x75.jpg 150w, https:\/\/cdn.deultimominuto.net\/wp-content\/uploads\/2025\/04\/alimentos-transgenicos-2-300x150.jpg 300w, https:\/\/cdn.deultimominuto.net\/wp-content\/uploads\/2025\/04\/alimentos-transgenicos-2-696x348.jpg 696w\" data-lazy-sizes=\"(max-width: 800px) 100vw, 800px\" data-lazy-src=\"https:\/\/cdn.deultimominuto.net\/wp-content\/uploads\/2025\/04\/alimentos-transgenicos-2.jpg\" data-ll-status=\"loaded\" \/><\/figure>\n<figure class=\"wp-block-image size-large\"><img loading=\"lazy\" decoding=\"async\" class=\"wp-image-460544 entered lazyloaded\" title=\"D\u00eda Internacional de Oposici\u00f3n a los Alimentos Transg\u00e9nicos | 5 |\" src=\"https:\/\/cdn.deultimominuto.net\/wp-content\/uploads\/2025\/04\/alimentos-transgenicos-1-1024x760.jpg\" sizes=\"(max-width: 1024px) 100vw, 1024px\" srcset=\"https:\/\/cdn.deultimominuto.net\/wp-content\/uploads\/2025\/04\/alimentos-transgenicos-1-1024x760.jpg 1024w, https:\/\/cdn.deultimominuto.net\/wp-content\/uploads\/2025\/04\/alimentos-transgenicos-1-392x291.jpg 392w, https:\/\/cdn.deultimominuto.net\/wp-content\/uploads\/2025\/04\/alimentos-transgenicos-1-768x570.jpg 768w, https:\/\/cdn.deultimominuto.net\/wp-content\/uploads\/2025\/04\/alimentos-transgenicos-1-96x71.jpg 96w, https:\/\/cdn.deultimominuto.net\/wp-content\/uploads\/2025\/04\/alimentos-transgenicos-1-192x142.jpg 192w, https:\/\/cdn.deultimominuto.net\/wp-content\/uploads\/2025\/04\/alimentos-transgenicos-1-80x60.jpg 80w, https:\/\/cdn.deultimominuto.net\/wp-content\/uploads\/2025\/04\/alimentos-transgenicos-1-150x111.jpg 150w, https:\/\/cdn.deultimominuto.net\/wp-content\/uploads\/2025\/04\/alimentos-transgenicos-1-300x223.jpg 300w, https:\/\/cdn.deultimominuto.net\/wp-content\/uploads\/2025\/04\/alimentos-transgenicos-1-485x360.jpg 485w, https:\/\/cdn.deultimominuto.net\/wp-content\/uploads\/2025\/04\/alimentos-transgenicos-1-696x516.jpg 696w, https:\/\/cdn.deultimominuto.net\/wp-content\/uploads\/2025\/04\/alimentos-transgenicos-1-265x198.jpg 265w, https:\/\/cdn.deultimominuto.net\/wp-content\/uploads\/2025\/04\/alimentos-transgenicos-1.jpg 1030w\" alt=\"D\u00eda Internacional de Oposici\u00f3n a los Alimentos Transg\u00e9nicos | De \u00daltimo Minuto\" width=\"1024\" height=\"760\" data-id=\"460544\" data-lazy-srcset=\"https:\/\/cdn.deultimominuto.net\/wp-content\/uploads\/2025\/04\/alimentos-transgenicos-1-1024x760.jpg 1024w, https:\/\/cdn.deultimominuto.net\/wp-content\/uploads\/2025\/04\/alimentos-transgenicos-1-392x291.jpg 392w, https:\/\/cdn.deultimominuto.net\/wp-content\/uploads\/2025\/04\/alimentos-transgenicos-1-768x570.jpg 768w, https:\/\/cdn.deultimominuto.net\/wp-content\/uploads\/2025\/04\/alimentos-transgenicos-1-96x71.jpg 96w, https:\/\/cdn.deultimominuto.net\/wp-content\/uploads\/2025\/04\/alimentos-transgenicos-1-192x142.jpg 192w, https:\/\/cdn.deultimominuto.net\/wp-content\/uploads\/2025\/04\/alimentos-transgenicos-1-80x60.jpg 80w, https:\/\/cdn.deultimominuto.net\/wp-content\/uploads\/2025\/04\/alimentos-transgenicos-1-150x111.jpg 150w, https:\/\/cdn.deultimominuto.net\/wp-content\/uploads\/2025\/04\/alimentos-transgenicos-1-300x223.jpg 300w, https:\/\/cdn.deultimominuto.net\/wp-content\/uploads\/2025\/04\/alimentos-transgenicos-1-485x360.jpg 485w, https:\/\/cdn.deultimominuto.net\/wp-content\/uploads\/2025\/04\/alimentos-transgenicos-1-696x516.jpg 696w, https:\/\/cdn.deultimominuto.net\/wp-content\/uploads\/2025\/04\/alimentos-transgenicos-1-265x198.jpg 265w, https:\/\/cdn.deultimominuto.net\/wp-content\/uploads\/2025\/04\/alimentos-transgenicos-1.jpg 1030w\" data-lazy-sizes=\"(max-width: 1024px) 100vw, 1024px\" data-lazy-src=\"https:\/\/cdn.deultimominuto.net\/wp-content\/uploads\/2025\/04\/alimentos-transgenicos-1-1024x760.jpg\" data-ll-status=\"loaded\" \/><\/figure>\n<\/figure>\n<p style=\"text-align: justify;\">Se estima como antecedente esencial la creaci\u00f3n de la primera planta gen\u00e9ticamente modificada en el a\u00f1o 1986, por la empresa multinacional Monsanto. En 1994 la empresa biotecn\u00f3loga Calgene gener\u00f3 el primer alimento modificado gen\u00e9ticamente: tomates Flavr Savr.<\/p>\n<p style=\"text-align: justify;\">Para el a\u00f1o 2014 el cultivo de alimentos transg\u00e9nicos se extendi\u00f3 en unos 28 pa\u00edses, estimado en un total de 181,5 millones de hect\u00e1reas.<\/p>\n<h2 id=\"resTit_4\" class=\"wp-block-heading\" style=\"text-align: justify;\"><strong>Beneficios y riesgos de consumir alimentos transg\u00e9nicos<\/strong><\/h2>\n<p style=\"text-align: justify;\">Entre los\u00a0<strong>beneficios<\/strong>\u00a0que se atribuyen a este tipo de alimentos son los siguientes:<\/p>\n<ul class=\"wp-block-list\" style=\"text-align: justify;\">\n<li>Mayores propiedades nutricionales.<\/li>\n<li>Resistentes a condiciones clim\u00e1ticas adversas y a las plagas de insectos.<\/li>\n<li>Mayor crecimiento de las plantas.<\/li>\n<li>Requieren menos uso de pesticidas.<\/li>\n<li>Algunos alimentos medicinales pueden ser utilizados como vacunas y otros medicamentos.<\/li>\n<\/ul>\n<p style=\"text-align: justify;\">Los principales\u00a0<strong>riesgos o desventajas<\/strong>\u00a0de los alimentos transg\u00e9nicos son los siguientes:<\/p>\n<ul class=\"wp-block-list\" style=\"text-align: justify;\">\n<li>Uso continuo de los suelos sin rotaci\u00f3n y, generando degradaci\u00f3n y compactaci\u00f3n de los mismos.<\/li>\n<li>Aplicaci\u00f3n de fertilizantes qu\u00edmicos, agrot\u00f3xicos y herbicidas altamente contaminantes.<\/li>\n<li>Desplazamiento de cultivos tradicionales, tales como sorgo, trigo y cebada.<\/li>\n<li>Reacciones al\u00e9rgicas y t\u00f3xicas por el consumo de estos alimentos.<\/li>\n<\/ul>\n<\/div>\n<\/div>\n<div class=\"td_block_wrap tdb_single_tags tdi_230 td-pb-border-top td_block_template_1\" style=\"text-align: justify;\" data-td-block-uid=\"tdi_230\">\u00a0<\/div>","protected":false},"excerpt":{"rendered":"<p>Cada\u00a08 de\u00a0abril\u00a0se celebra el D\u00eda Internacional de Oposici\u00f3n a los Alimentos Transg\u00e9nicos, un movimiento de acci\u00f3n mundial que manifiesta el rechazo hacia el cultivo y producci\u00f3n de alimentos modificados gen\u00e9ticamente, afectando la agricultura y la alimentaci\u00f3n tradicionales. Con este d\u00eda se pretende visibilizar la imposici\u00f3n y la desinformaci\u00f3n acerca de los riesgos y desventajas de [&hellip;]<\/p>\n","protected":false},"author":2,"featured_media":0,"comment_status":"closed","ping_status":"open","sticky":false,"template":"","format":"standard","meta":{"footnotes":""},"categories":[88],"tags":[],"yoast_head":"<!-- This site is optimized with the Yoast SEO plugin v24.5 - https:\/\/yoast.com\/wordpress\/plugins\/seo\/ -->\n<title>D\u00eda Internacional de Oposici\u00f3n a los Alimentos Transg\u00e9nicos | El Nuevo Norte<\/title>\n<meta name=\"robots\" content=\"index, follow, max-snippet:-1, max-image-preview:large, max-video-preview:-1\" \/>\n<link rel=\"canonical\" href=\"https:\/\/infoelnuevonorte.com\/?p=91903\" \/>\n<meta property=\"og:locale\" content=\"es_ES\" \/>\n<meta property=\"og:type\" content=\"article\" \/>\n<meta property=\"og:title\" content=\"D\u00eda Internacional de Oposici\u00f3n a los Alimentos Transg\u00e9nicos | El Nuevo Norte\" \/>\n<meta property=\"og:description\" content=\"Cada\u00a08 de\u00a0abril\u00a0se celebra el D\u00eda Internacional de Oposici\u00f3n a los Alimentos Transg\u00e9nicos, un movimiento de acci\u00f3n mundial que manifiesta el rechazo hacia el cultivo y producci\u00f3n de alimentos modificados gen\u00e9ticamente, afectando la agricultura y la alimentaci\u00f3n tradicionales. Con este d\u00eda se pretende visibilizar la imposici\u00f3n y la desinformaci\u00f3n acerca de los riesgos y desventajas de [&hellip;]\" \/>\n<meta property=\"og:url\" content=\"https:\/\/infoelnuevonorte.com\/?p=91903\" \/>\n<meta property=\"og:site_name\" content=\"El Nuevo Norte\" \/>\n<meta property=\"article:publisher\" content=\"https:\/\/www.facebook.com\/infoenn\" \/>\n<meta property=\"article:published_time\" content=\"2025-04-08T12:44:21+00:00\" \/>\n<meta property=\"article:modified_time\" content=\"2025-04-08T12:44:22+00:00\" \/>\n<meta property=\"og:image\" content=\"https:\/\/infoelnuevonorte.com\/wp-content\/uploads\/2025\/04\/alimentos-transgenicos-4.png\" \/>\n\t<meta property=\"og:image:width\" content=\"1030\" \/>\n\t<meta property=\"og:image:height\" content=\"687\" \/>\n\t<meta property=\"og:image:type\" content=\"image\/png\" \/>\n<meta name=\"author\" content=\"T. R.\" \/>\n<meta name=\"twitter:card\" content=\"summary_large_image\" \/>\n<meta name=\"twitter:creator\" content=\"@Elnuevo_norte\" \/>\n<meta name=\"twitter:site\" content=\"@Elnuevo_norte\" \/>\n<meta name=\"twitter:label1\" content=\"Written by\" \/>\n\t<meta name=\"twitter:data1\" content=\"T. R.\" \/>\n\t<meta name=\"twitter:label2\" content=\"Est. reading time\" \/>\n\t<meta name=\"twitter:data2\" content=\"3 minutos\" \/>\n<script type=\"application\/ld+json\" class=\"yoast-schema-graph\">{\"@context\":\"https:\/\/schema.org\",\"@graph\":[{\"@type\":\"Article\",\"@id\":\"https:\/\/infoelnuevonorte.com\/?p=91903#article\",\"isPartOf\":{\"@id\":\"https:\/\/infoelnuevonorte.com\/?p=91903\"},\"author\":{\"name\":\"T. R.\",\"@id\":\"https:\/\/infoelnuevonorte.com\/#\/schema\/person\/3accb35eb55f55e96c492b52d085a403\"},\"headline\":\"D\u00eda Internacional de Oposici\u00f3n a los Alimentos Transg\u00e9nicos\",\"datePublished\":\"2025-04-08T12:44:21+00:00\",\"dateModified\":\"2025-04-08T12:44:22+00:00\",\"mainEntityOfPage\":{\"@id\":\"https:\/\/infoelnuevonorte.com\/?p=91903\"},\"wordCount\":509,\"publisher\":{\"@id\":\"https:\/\/infoelnuevonorte.com\/#organization\"},\"image\":{\"@id\":\"https:\/\/infoelnuevonorte.com\/?p=91903#primaryimage\"},\"thumbnailUrl\":\"https:\/\/cdn.deultimominuto.net\/wp-content\/uploads\/2025\/04\/alimentos-transgenicos.png\",\"articleSection\":[\"Vida &amp; Estilo\"],\"inLanguage\":\"es-DO\"},{\"@type\":\"WebPage\",\"@id\":\"https:\/\/infoelnuevonorte.com\/?p=91903\",\"url\":\"https:\/\/infoelnuevonorte.com\/?p=91903\",\"name\":\"D\u00eda Internacional de Oposici\u00f3n a los Alimentos Transg\u00e9nicos | El Nuevo Norte\",\"isPartOf\":{\"@id\":\"https:\/\/infoelnuevonorte.com\/#website\"},\"primaryImageOfPage\":{\"@id\":\"https:\/\/infoelnuevonorte.com\/?p=91903#primaryimage\"},\"image\":{\"@id\":\"https:\/\/infoelnuevonorte.com\/?p=91903#primaryimage\"},\"thumbnailUrl\":\"https:\/\/cdn.deultimominuto.net\/wp-content\/uploads\/2025\/04\/alimentos-transgenicos.png\",\"datePublished\":\"2025-04-08T12:44:21+00:00\",\"dateModified\":\"2025-04-08T12:44:22+00:00\",\"breadcrumb\":{\"@id\":\"https:\/\/infoelnuevonorte.com\/?p=91903#breadcrumb\"},\"inLanguage\":\"es-DO\",\"potentialAction\":[{\"@type\":\"ReadAction\",\"target\":[\"https:\/\/infoelnuevonorte.com\/?p=91903\"]}]},{\"@type\":\"ImageObject\",\"inLanguage\":\"es-DO\",\"@id\":\"https:\/\/infoelnuevonorte.com\/?p=91903#primaryimage\",\"url\":\"https:\/\/cdn.deultimominuto.net\/wp-content\/uploads\/2025\/04\/alimentos-transgenicos.png\",\"contentUrl\":\"https:\/\/cdn.deultimominuto.net\/wp-content\/uploads\/2025\/04\/alimentos-transgenicos.png\"},{\"@type\":\"BreadcrumbList\",\"@id\":\"https:\/\/infoelnuevonorte.com\/?p=91903#breadcrumb\",\"itemListElement\":[{\"@type\":\"ListItem\",\"position\":1,\"name\":\"Home\",\"item\":\"https:\/\/infoelnuevonorte.com\/\"},{\"@type\":\"ListItem\",\"position\":2,\"name\":\"D\u00eda Internacional de Oposici\u00f3n a los Alimentos Transg\u00e9nicos\"}]},{\"@type\":\"WebSite\",\"@id\":\"https:\/\/infoelnuevonorte.com\/#website\",\"url\":\"https:\/\/infoelnuevonorte.com\/\",\"name\":\"InfoEnn\",\"description\":\"Tu Voz, tu Verdad, tu Diario!!!\",\"publisher\":{\"@id\":\"https:\/\/infoelnuevonorte.com\/#organization\"},\"alternateName\":\"El Nuevo Norte\",\"potentialAction\":[{\"@type\":\"SearchAction\",\"target\":{\"@type\":\"EntryPoint\",\"urlTemplate\":\"https:\/\/infoelnuevonorte.com\/?s={search_term_string}\"},\"query-input\":{\"@type\":\"PropertyValueSpecification\",\"valueRequired\":true,\"valueName\":\"search_term_string\"}}],\"inLanguage\":\"es-DO\"},{\"@type\":\"Organization\",\"@id\":\"https:\/\/infoelnuevonorte.com\/#organization\",\"name\":\"Info El Nuevo Norte\",\"alternateName\":\"El Nuevo Norte\",\"url\":\"https:\/\/infoelnuevonorte.com\/\",\"logo\":{\"@type\":\"ImageObject\",\"inLanguage\":\"es-DO\",\"@id\":\"https:\/\/infoelnuevonorte.com\/#\/schema\/logo\/image\/\",\"url\":\"https:\/\/infoelnuevonorte.com\/wp-content\/uploads\/2026\/02\/Logo-Info-enn-3d-20ani.jpeg\",\"contentUrl\":\"https:\/\/infoelnuevonorte.com\/wp-content\/uploads\/2026\/02\/Logo-Info-enn-3d-20ani.jpeg\",\"width\":2046,\"height\":736,\"caption\":\"Info El Nuevo Norte\"},\"image\":{\"@id\":\"https:\/\/infoelnuevonorte.com\/#\/schema\/logo\/image\/\"},\"sameAs\":[\"https:\/\/www.facebook.com\/infoenn\",\"https:\/\/x.com\/Elnuevo_norte\",\"https:\/\/www.instagram.com\/infoenn\",\"https:\/\/www.facebook.com\/ENNRD\"]},{\"@type\":\"Person\",\"@id\":\"https:\/\/infoelnuevonorte.com\/#\/schema\/person\/3accb35eb55f55e96c492b52d085a403\",\"name\":\"T. R.\",\"image\":{\"@type\":\"ImageObject\",\"inLanguage\":\"es-DO\",\"@id\":\"https:\/\/infoelnuevonorte.com\/#\/schema\/person\/image\/\",\"url\":\"https:\/\/secure.gravatar.com\/avatar\/40543a038bda97abdb765b1662e9677d?s=96&d=robohash&r=g\",\"contentUrl\":\"https:\/\/secure.gravatar.com\/avatar\/40543a038bda97abdb765b1662e9677d?s=96&d=robohash&r=g\",\"caption\":\"T. R.\"},\"url\":\"https:\/\/infoelnuevonorte.com\/?author=2\"}]}<\/script>\n<!-- \/ Yoast SEO plugin. -->","yoast_head_json":{"title":"D\u00eda Internacional de Oposici\u00f3n a los Alimentos Transg\u00e9nicos | El Nuevo Norte","robots":{"index":"index","follow":"follow","max-snippet":"max-snippet:-1","max-image-preview":"max-image-preview:large","max-video-preview":"max-video-preview:-1"},"canonical":"https:\/\/infoelnuevonorte.com\/?p=91903","og_locale":"es_ES","og_type":"article","og_title":"D\u00eda Internacional de Oposici\u00f3n a los Alimentos Transg\u00e9nicos | El Nuevo Norte","og_description":"Cada\u00a08 de\u00a0abril\u00a0se celebra el D\u00eda Internacional de Oposici\u00f3n a los Alimentos Transg\u00e9nicos, un movimiento de acci\u00f3n mundial que manifiesta el rechazo hacia el cultivo y producci\u00f3n de alimentos modificados gen\u00e9ticamente, afectando la agricultura y la alimentaci\u00f3n tradicionales. Con este d\u00eda se pretende visibilizar la imposici\u00f3n y la desinformaci\u00f3n acerca de los riesgos y desventajas de [&hellip;]","og_url":"https:\/\/infoelnuevonorte.com\/?p=91903","og_site_name":"El Nuevo Norte","article_publisher":"https:\/\/www.facebook.com\/infoenn","article_published_time":"2025-04-08T12:44:21+00:00","article_modified_time":"2025-04-08T12:44:22+00:00","og_image":[{"width":1030,"height":687,"url":"https:\/\/infoelnuevonorte.com\/wp-content\/uploads\/2025\/04\/alimentos-transgenicos-4.png","type":"image\/png"}],"author":"T. R.","twitter_card":"summary_large_image","twitter_creator":"@Elnuevo_norte","twitter_site":"@Elnuevo_norte","twitter_misc":{"Written by":"T. R.","Est. reading time":"3 minutos"},"schema":{"@context":"https:\/\/schema.org","@graph":[{"@type":"Article","@id":"https:\/\/infoelnuevonorte.com\/?p=91903#article","isPartOf":{"@id":"https:\/\/infoelnuevonorte.com\/?p=91903"},"author":{"name":"T. R.","@id":"https:\/\/infoelnuevonorte.com\/#\/schema\/person\/3accb35eb55f55e96c492b52d085a403"},"headline":"D\u00eda Internacional de Oposici\u00f3n a los Alimentos Transg\u00e9nicos","datePublished":"2025-04-08T12:44:21+00:00","dateModified":"2025-04-08T12:44:22+00:00","mainEntityOfPage":{"@id":"https:\/\/infoelnuevonorte.com\/?p=91903"},"wordCount":509,"publisher":{"@id":"https:\/\/infoelnuevonorte.com\/#organization"},"image":{"@id":"https:\/\/infoelnuevonorte.com\/?p=91903#primaryimage"},"thumbnailUrl":"https:\/\/cdn.deultimominuto.net\/wp-content\/uploads\/2025\/04\/alimentos-transgenicos.png","articleSection":["Vida &amp; Estilo"],"inLanguage":"es-DO"},{"@type":"WebPage","@id":"https:\/\/infoelnuevonorte.com\/?p=91903","url":"https:\/\/infoelnuevonorte.com\/?p=91903","name":"D\u00eda Internacional de Oposici\u00f3n a los Alimentos Transg\u00e9nicos | El Nuevo Norte","isPartOf":{"@id":"https:\/\/infoelnuevonorte.com\/#website"},"primaryImageOfPage":{"@id":"https:\/\/infoelnuevonorte.com\/?p=91903#primaryimage"},"image":{"@id":"https:\/\/infoelnuevonorte.com\/?p=91903#primaryimage"},"thumbnailUrl":"https:\/\/cdn.deultimominuto.net\/wp-content\/uploads\/2025\/04\/alimentos-transgenicos.png","datePublished":"2025-04-08T12:44:21+00:00","dateModified":"2025-04-08T12:44:22+00:00","breadcrumb":{"@id":"https:\/\/infoelnuevonorte.com\/?p=91903#breadcrumb"},"inLanguage":"es-DO","potentialAction":[{"@type":"ReadAction","target":["https:\/\/infoelnuevonorte.com\/?p=91903"]}]},{"@type":"ImageObject","inLanguage":"es-DO","@id":"https:\/\/infoelnuevonorte.com\/?p=91903#primaryimage","url":"https:\/\/cdn.deultimominuto.net\/wp-content\/uploads\/2025\/04\/alimentos-transgenicos.png","contentUrl":"https:\/\/cdn.deultimominuto.net\/wp-content\/uploads\/2025\/04\/alimentos-transgenicos.png"},{"@type":"BreadcrumbList","@id":"https:\/\/infoelnuevonorte.com\/?p=91903#breadcrumb","itemListElement":[{"@type":"ListItem","position":1,"name":"Home","item":"https:\/\/infoelnuevonorte.com\/"},{"@type":"ListItem","position":2,"name":"D\u00eda Internacional de Oposici\u00f3n a los Alimentos Transg\u00e9nicos"}]},{"@type":"WebSite","@id":"https:\/\/infoelnuevonorte.com\/#website","url":"https:\/\/infoelnuevonorte.com\/","name":"InfoEnn","description":"Tu Voz, tu Verdad, tu Diario!!!","publisher":{"@id":"https:\/\/infoelnuevonorte.com\/#organization"},"alternateName":"El Nuevo Norte","potentialAction":[{"@type":"SearchAction","target":{"@type":"EntryPoint","urlTemplate":"https:\/\/infoelnuevonorte.com\/?s={search_term_string}"},"query-input":{"@type":"PropertyValueSpecification","valueRequired":true,"valueName":"search_term_string"}}],"inLanguage":"es-DO"},{"@type":"Organization","@id":"https:\/\/infoelnuevonorte.com\/#organization","name":"Info El Nuevo Norte","alternateName":"El Nuevo Norte","url":"https:\/\/infoelnuevonorte.com\/","logo":{"@type":"ImageObject","inLanguage":"es-DO","@id":"https:\/\/infoelnuevonorte.com\/#\/schema\/logo\/image\/","url":"https:\/\/infoelnuevonorte.com\/wp-content\/uploads\/2026\/02\/Logo-Info-enn-3d-20ani.jpeg","contentUrl":"https:\/\/infoelnuevonorte.com\/wp-content\/uploads\/2026\/02\/Logo-Info-enn-3d-20ani.jpeg","width":2046,"height":736,"caption":"Info El Nuevo Norte"},"image":{"@id":"https:\/\/infoelnuevonorte.com\/#\/schema\/logo\/image\/"},"sameAs":["https:\/\/www.facebook.com\/infoenn","https:\/\/x.com\/Elnuevo_norte","https:\/\/www.instagram.com\/infoenn","https:\/\/www.facebook.com\/ENNRD"]},{"@type":"Person","@id":"https:\/\/infoelnuevonorte.com\/#\/schema\/person\/3accb35eb55f55e96c492b52d085a403","name":"T. R.","image":{"@type":"ImageObject","inLanguage":"es-DO","@id":"https:\/\/infoelnuevonorte.com\/#\/schema\/person\/image\/","url":"https:\/\/secure.gravatar.com\/avatar\/40543a038bda97abdb765b1662e9677d?s=96&d=robohash&r=g","contentUrl":"https:\/\/secure.gravatar.com\/avatar\/40543a038bda97abdb765b1662e9677d?s=96&d=robohash&r=g","caption":"T. R."},"url":"https:\/\/infoelnuevonorte.com\/?author=2"}]}},"_links":{"self":[{"href":"https:\/\/infoelnuevonorte.com\/index.php?rest_route=\/wp\/v2\/posts\/91903"}],"collection":[{"href":"https:\/\/infoelnuevonorte.com\/index.php?rest_route=\/wp\/v2\/posts"}],"about":[{"href":"https:\/\/infoelnuevonorte.com\/index.php?rest_route=\/wp\/v2\/types\/post"}],"author":[{"embeddable":true,"href":"https:\/\/infoelnuevonorte.com\/index.php?rest_route=\/wp\/v2\/users\/2"}],"replies":[{"embeddable":true,"href":"https:\/\/infoelnuevonorte.com\/index.php?rest_route=%2Fwp%2Fv2%2Fcomments&post=91903"}],"version-history":[{"count":1,"href":"https:\/\/infoelnuevonorte.com\/index.php?rest_route=\/wp\/v2\/posts\/91903\/revisions"}],"predecessor-version":[{"id":91906,"href":"https:\/\/infoelnuevonorte.com\/index.php?rest_route=\/wp\/v2\/posts\/91903\/revisions\/91906"}],"wp:attachment":[{"href":"https:\/\/infoelnuevonorte.com\/index.php?rest_route=%2Fwp%2Fv2%2Fmedia&parent=91903"}],"wp:term":[{"taxonomy":"category","embeddable":true,"href":"https:\/\/infoelnuevonorte.com\/index.php?rest_route=%2Fwp%2Fv2%2Fcategories&post=91903"},{"taxonomy":"post_tag","embeddable":true,"href":"https:\/\/infoelnuevonorte.com\/index.php?rest_route=%2Fwp%2Fv2%2Ftags&post=91903"}],"curies":[{"name":"wp","href":"https:\/\/api.w.org\/{rel}","templated":true}]}}