{"id":9194,"date":"2024-01-16T06:56:38","date_gmt":"2024-01-16T10:56:38","guid":{"rendered":"https:\/\/infoelnuevonorte.com\/?p=9194"},"modified":"2024-01-16T06:56:40","modified_gmt":"2024-01-16T10:56:40","slug":"base-aerea-puerto-plata-anuncia-admision-de-jovenes-a-programa-de-formacion-civica-y-liderazgo","status":"publish","type":"post","link":"https:\/\/infoelnuevonorte.com\/?p=9194","title":{"rendered":"Base A\u00e9rea Puerto Plata anuncia admisi\u00f3n de j\u00f3venes a programa de formaci\u00f3n c\u00edvica y liderazgo"},"content":{"rendered":"<p style=\"text-align: justify;\"><strong>PUERTO PLATA.<\/strong>&#8211; La Base A\u00e9rea Puerto Plata inform\u00f3 sobre la admisi\u00f3n de j\u00f3venes masculinos dominicanos que anhelan desarrollar su potencial con una formaci\u00f3n militar.<\/p>\n<p style=\"text-align: justify;\">Mediante una convocatoria, se precisa que el programa especial de temporada \u201cEl cielo es el l\u00edmite\u201d fue dise\u00f1ado para j\u00f3venes masculinos, el cual tendr\u00e1 una duraci\u00f3n de 90 d\u00edas.<\/p>\n<p style=\"text-align: justify;\">Las admisiones para el referido programa de formaci\u00f3n militar y liderazgo se realizar\u00e1n en la Base A\u00e9rea Puerto Plata, los d\u00edas s\u00e1bado 18 y domingo 19 de enero a las 7:30 de la ma\u00f1ana.<\/p>\n<p style=\"text-align: justify;\">Los requisitos exigidos a los j\u00f3venes postulantes, es tener edad de 18 a 22 a\u00f1os, estatura no menor de 5\u20196, Certificado de no antecedentes penales (Papel de Buena Conducta), 3 copias a color de la C\u00e9dula y un acta de nacimiento certificada original.<\/p>\n<p style=\"text-align: justify;\">Tambi\u00e9n, una copia a color del Certificado de 8vo. Grado o de Bachiller, 2 fotograf\u00edas 2&#215;2, 2 fotograf\u00edas cuerpo completo (1 de frente y 1 de perfil), tipificaci\u00f3n sangu\u00ednea de un laboratorio reconocido, adem\u00e1s de una carta de recomendaci\u00f3n.<\/p>\n<p style=\"text-align: justify;\">Adem\u00e1s de los documentos antes mencionados, los j\u00f3venes interesados en ser parte de este programa especial pueden obtener m\u00e1s informaci\u00f3n en el tel\u00e9fono: (809) 586-0481.<\/p>\n","protected":false},"excerpt":{"rendered":"<p>PUERTO PLATA.&#8211; La Base A\u00e9rea Puerto Plata inform\u00f3 sobre la admisi\u00f3n de j\u00f3venes masculinos dominicanos que anhelan desarrollar su potencial con una formaci\u00f3n militar. Mediante una convocatoria, se precisa que el programa especial de temporada \u201cEl cielo es el l\u00edmite\u201d fue dise\u00f1ado para j\u00f3venes masculinos, el cual tendr\u00e1 una duraci\u00f3n de 90 d\u00edas. Las admisiones [&hellip;]<\/p>\n","protected":false},"author":1,"featured_media":0,"comment_status":"closed","ping_status":"open","sticky":false,"template":"","format":"standard","meta":{"footnotes":""},"categories":[2,5],"tags":[],"yoast_head":"<!-- This site is optimized with the Yoast SEO plugin v24.5 - https:\/\/yoast.com\/wordpress\/plugins\/seo\/ -->\n<title>Base A\u00e9rea Puerto Plata anuncia admisi\u00f3n de j\u00f3venes a programa de formaci\u00f3n c\u00edvica y liderazgo | El Nuevo Norte<\/title>\n<meta name=\"robots\" content=\"index, follow, max-snippet:-1, max-image-preview:large, max-video-preview:-1\" \/>\n<link rel=\"canonical\" href=\"https:\/\/infoelnuevonorte.com\/?p=9194\" \/>\n<meta property=\"og:locale\" content=\"es_ES\" \/>\n<meta property=\"og:type\" content=\"article\" \/>\n<meta property=\"og:title\" content=\"Base A\u00e9rea Puerto Plata anuncia admisi\u00f3n de j\u00f3venes a programa de formaci\u00f3n c\u00edvica y liderazgo | El Nuevo Norte\" \/>\n<meta property=\"og:description\" content=\"PUERTO PLATA.&#8211; La Base A\u00e9rea Puerto Plata inform\u00f3 sobre la admisi\u00f3n de j\u00f3venes masculinos dominicanos que anhelan desarrollar su potencial con una formaci\u00f3n militar. Mediante una convocatoria, se precisa que el programa especial de temporada \u201cEl cielo es el l\u00edmite\u201d fue dise\u00f1ado para j\u00f3venes masculinos, el cual tendr\u00e1 una duraci\u00f3n de 90 d\u00edas. Las admisiones [&hellip;]\" \/>\n<meta property=\"og:url\" content=\"https:\/\/infoelnuevonorte.com\/?p=9194\" \/>\n<meta property=\"og:site_name\" content=\"El Nuevo Norte\" \/>\n<meta property=\"article:publisher\" content=\"https:\/\/www.facebook.com\/infoenn\" \/>\n<meta property=\"article:published_time\" content=\"2024-01-16T10:56:38+00:00\" \/>\n<meta property=\"article:modified_time\" content=\"2024-01-16T10:56:40+00:00\" \/>\n<meta property=\"og:image\" content=\"https:\/\/infoelnuevonorte.com\/wp-content\/uploads\/2024\/01\/15-15-21-37-17-5923021-jpg-e1705402581405.webp\" \/>\n\t<meta property=\"og:image:width\" content=\"1280\" \/>\n\t<meta property=\"og:image:height\" content=\"727\" \/>\n\t<meta property=\"og:image:type\" content=\"image\/jpeg\" \/>\n<meta name=\"author\" content=\"InfoEnn\" \/>\n<meta name=\"twitter:card\" content=\"summary_large_image\" \/>\n<meta name=\"twitter:creator\" content=\"@Elnuevo_norte\" \/>\n<meta name=\"twitter:site\" content=\"@Elnuevo_norte\" \/>\n<meta name=\"twitter:label1\" content=\"Written by\" \/>\n\t<meta name=\"twitter:data1\" content=\"InfoEnn\" \/>\n\t<meta name=\"twitter:label2\" content=\"Est. reading time\" \/>\n\t<meta name=\"twitter:data2\" content=\"2 minutos\" \/>\n<script type=\"application\/ld+json\" class=\"yoast-schema-graph\">{\"@context\":\"https:\/\/schema.org\",\"@graph\":[{\"@type\":\"Article\",\"@id\":\"https:\/\/infoelnuevonorte.com\/?p=9194#article\",\"isPartOf\":{\"@id\":\"https:\/\/infoelnuevonorte.com\/?p=9194\"},\"author\":{\"name\":\"InfoEnn\",\"@id\":\"https:\/\/infoelnuevonorte.com\/#\/schema\/person\/fd4f6d90afe41260818b4ea94ad8ab84\"},\"headline\":\"Base A\u00e9rea Puerto Plata anuncia admisi\u00f3n de j\u00f3venes a programa de formaci\u00f3n c\u00edvica y liderazgo\",\"datePublished\":\"2024-01-16T10:56:38+00:00\",\"dateModified\":\"2024-01-16T10:56:40+00:00\",\"mainEntityOfPage\":{\"@id\":\"https:\/\/infoelnuevonorte.com\/?p=9194\"},\"wordCount\":232,\"publisher\":{\"@id\":\"https:\/\/infoelnuevonorte.com\/#organization\"},\"articleSection\":[\"Actualidad |\",\"Del Norte\"],\"inLanguage\":\"es-DO\"},{\"@type\":\"WebPage\",\"@id\":\"https:\/\/infoelnuevonorte.com\/?p=9194\",\"url\":\"https:\/\/infoelnuevonorte.com\/?p=9194\",\"name\":\"Base A\u00e9rea Puerto Plata anuncia admisi\u00f3n de j\u00f3venes a programa de formaci\u00f3n c\u00edvica y liderazgo | El Nuevo Norte\",\"isPartOf\":{\"@id\":\"https:\/\/infoelnuevonorte.com\/#website\"},\"datePublished\":\"2024-01-16T10:56:38+00:00\",\"dateModified\":\"2024-01-16T10:56:40+00:00\",\"breadcrumb\":{\"@id\":\"https:\/\/infoelnuevonorte.com\/?p=9194#breadcrumb\"},\"inLanguage\":\"es-DO\",\"potentialAction\":[{\"@type\":\"ReadAction\",\"target\":[\"https:\/\/infoelnuevonorte.com\/?p=9194\"]}]},{\"@type\":\"BreadcrumbList\",\"@id\":\"https:\/\/infoelnuevonorte.com\/?p=9194#breadcrumb\",\"itemListElement\":[{\"@type\":\"ListItem\",\"position\":1,\"name\":\"Home\",\"item\":\"https:\/\/infoelnuevonorte.com\/\"},{\"@type\":\"ListItem\",\"position\":2,\"name\":\"Base A\u00e9rea Puerto Plata anuncia admisi\u00f3n de j\u00f3venes a programa de formaci\u00f3n c\u00edvica y liderazgo\"}]},{\"@type\":\"WebSite\",\"@id\":\"https:\/\/infoelnuevonorte.com\/#website\",\"url\":\"https:\/\/infoelnuevonorte.com\/\",\"name\":\"InfoEnn\",\"description\":\"Tu Voz, tu Verdad, tu Diario!!!\",\"publisher\":{\"@id\":\"https:\/\/infoelnuevonorte.com\/#organization\"},\"alternateName\":\"El Nuevo Norte\",\"potentialAction\":[{\"@type\":\"SearchAction\",\"target\":{\"@type\":\"EntryPoint\",\"urlTemplate\":\"https:\/\/infoelnuevonorte.com\/?s={search_term_string}\"},\"query-input\":{\"@type\":\"PropertyValueSpecification\",\"valueRequired\":true,\"valueName\":\"search_term_string\"}}],\"inLanguage\":\"es-DO\"},{\"@type\":\"Organization\",\"@id\":\"https:\/\/infoelnuevonorte.com\/#organization\",\"name\":\"Info El Nuevo Norte\",\"alternateName\":\"El Nuevo Norte\",\"url\":\"https:\/\/infoelnuevonorte.com\/\",\"logo\":{\"@type\":\"ImageObject\",\"inLanguage\":\"es-DO\",\"@id\":\"https:\/\/infoelnuevonorte.com\/#\/schema\/logo\/image\/\",\"url\":\"https:\/\/infoelnuevonorte.com\/wp-content\/uploads\/2026\/02\/Logo-Info-enn-3d-20ani.jpeg\",\"contentUrl\":\"https:\/\/infoelnuevonorte.com\/wp-content\/uploads\/2026\/02\/Logo-Info-enn-3d-20ani.jpeg\",\"width\":2046,\"height\":736,\"caption\":\"Info El Nuevo Norte\"},\"image\":{\"@id\":\"https:\/\/infoelnuevonorte.com\/#\/schema\/logo\/image\/\"},\"sameAs\":[\"https:\/\/www.facebook.com\/infoenn\",\"https:\/\/x.com\/Elnuevo_norte\",\"https:\/\/www.instagram.com\/infoenn\",\"https:\/\/www.facebook.com\/ENNRD\"]},{\"@type\":\"Person\",\"@id\":\"https:\/\/infoelnuevonorte.com\/#\/schema\/person\/fd4f6d90afe41260818b4ea94ad8ab84\",\"name\":\"InfoEnn\",\"image\":{\"@type\":\"ImageObject\",\"inLanguage\":\"es-DO\",\"@id\":\"https:\/\/infoelnuevonorte.com\/#\/schema\/person\/image\/\",\"url\":\"https:\/\/secure.gravatar.com\/avatar\/d4d760a41a48ba9db0a82bfb63bb0783?s=96&d=robohash&r=g\",\"contentUrl\":\"https:\/\/secure.gravatar.com\/avatar\/d4d760a41a48ba9db0a82bfb63bb0783?s=96&d=robohash&r=g\",\"caption\":\"InfoEnn\"},\"sameAs\":[\"https:\/\/infoelnuevonorte.com\"],\"url\":\"https:\/\/infoelnuevonorte.com\/?author=1\"}]}<\/script>\n<!-- \/ Yoast SEO plugin. -->","yoast_head_json":{"title":"Base A\u00e9rea Puerto Plata anuncia admisi\u00f3n de j\u00f3venes a programa de formaci\u00f3n c\u00edvica y liderazgo | El Nuevo Norte","robots":{"index":"index","follow":"follow","max-snippet":"max-snippet:-1","max-image-preview":"max-image-preview:large","max-video-preview":"max-video-preview:-1"},"canonical":"https:\/\/infoelnuevonorte.com\/?p=9194","og_locale":"es_ES","og_type":"article","og_title":"Base A\u00e9rea Puerto Plata anuncia admisi\u00f3n de j\u00f3venes a programa de formaci\u00f3n c\u00edvica y liderazgo | El Nuevo Norte","og_description":"PUERTO PLATA.&#8211; La Base A\u00e9rea Puerto Plata inform\u00f3 sobre la admisi\u00f3n de j\u00f3venes masculinos dominicanos que anhelan desarrollar su potencial con una formaci\u00f3n militar. Mediante una convocatoria, se precisa que el programa especial de temporada \u201cEl cielo es el l\u00edmite\u201d fue dise\u00f1ado para j\u00f3venes masculinos, el cual tendr\u00e1 una duraci\u00f3n de 90 d\u00edas. Las admisiones [&hellip;]","og_url":"https:\/\/infoelnuevonorte.com\/?p=9194","og_site_name":"El Nuevo Norte","article_publisher":"https:\/\/www.facebook.com\/infoenn","article_published_time":"2024-01-16T10:56:38+00:00","article_modified_time":"2024-01-16T10:56:40+00:00","og_image":[{"width":1280,"height":727,"url":"https:\/\/infoelnuevonorte.com\/wp-content\/uploads\/2024\/01\/15-15-21-37-17-5923021-jpg-e1705402581405.webp","type":"image\/jpeg"}],"author":"InfoEnn","twitter_card":"summary_large_image","twitter_creator":"@Elnuevo_norte","twitter_site":"@Elnuevo_norte","twitter_misc":{"Written by":"InfoEnn","Est. reading time":"2 minutos"},"schema":{"@context":"https:\/\/schema.org","@graph":[{"@type":"Article","@id":"https:\/\/infoelnuevonorte.com\/?p=9194#article","isPartOf":{"@id":"https:\/\/infoelnuevonorte.com\/?p=9194"},"author":{"name":"InfoEnn","@id":"https:\/\/infoelnuevonorte.com\/#\/schema\/person\/fd4f6d90afe41260818b4ea94ad8ab84"},"headline":"Base A\u00e9rea Puerto Plata anuncia admisi\u00f3n de j\u00f3venes a programa de formaci\u00f3n c\u00edvica y liderazgo","datePublished":"2024-01-16T10:56:38+00:00","dateModified":"2024-01-16T10:56:40+00:00","mainEntityOfPage":{"@id":"https:\/\/infoelnuevonorte.com\/?p=9194"},"wordCount":232,"publisher":{"@id":"https:\/\/infoelnuevonorte.com\/#organization"},"articleSection":["Actualidad |","Del Norte"],"inLanguage":"es-DO"},{"@type":"WebPage","@id":"https:\/\/infoelnuevonorte.com\/?p=9194","url":"https:\/\/infoelnuevonorte.com\/?p=9194","name":"Base A\u00e9rea Puerto Plata anuncia admisi\u00f3n de j\u00f3venes a programa de formaci\u00f3n c\u00edvica y liderazgo | El Nuevo Norte","isPartOf":{"@id":"https:\/\/infoelnuevonorte.com\/#website"},"datePublished":"2024-01-16T10:56:38+00:00","dateModified":"2024-01-16T10:56:40+00:00","breadcrumb":{"@id":"https:\/\/infoelnuevonorte.com\/?p=9194#breadcrumb"},"inLanguage":"es-DO","potentialAction":[{"@type":"ReadAction","target":["https:\/\/infoelnuevonorte.com\/?p=9194"]}]},{"@type":"BreadcrumbList","@id":"https:\/\/infoelnuevonorte.com\/?p=9194#breadcrumb","itemListElement":[{"@type":"ListItem","position":1,"name":"Home","item":"https:\/\/infoelnuevonorte.com\/"},{"@type":"ListItem","position":2,"name":"Base A\u00e9rea Puerto Plata anuncia admisi\u00f3n de j\u00f3venes a programa de formaci\u00f3n c\u00edvica y liderazgo"}]},{"@type":"WebSite","@id":"https:\/\/infoelnuevonorte.com\/#website","url":"https:\/\/infoelnuevonorte.com\/","name":"InfoEnn","description":"Tu Voz, tu Verdad, tu Diario!!!","publisher":{"@id":"https:\/\/infoelnuevonorte.com\/#organization"},"alternateName":"El Nuevo Norte","potentialAction":[{"@type":"SearchAction","target":{"@type":"EntryPoint","urlTemplate":"https:\/\/infoelnuevonorte.com\/?s={search_term_string}"},"query-input":{"@type":"PropertyValueSpecification","valueRequired":true,"valueName":"search_term_string"}}],"inLanguage":"es-DO"},{"@type":"Organization","@id":"https:\/\/infoelnuevonorte.com\/#organization","name":"Info El Nuevo Norte","alternateName":"El Nuevo Norte","url":"https:\/\/infoelnuevonorte.com\/","logo":{"@type":"ImageObject","inLanguage":"es-DO","@id":"https:\/\/infoelnuevonorte.com\/#\/schema\/logo\/image\/","url":"https:\/\/infoelnuevonorte.com\/wp-content\/uploads\/2026\/02\/Logo-Info-enn-3d-20ani.jpeg","contentUrl":"https:\/\/infoelnuevonorte.com\/wp-content\/uploads\/2026\/02\/Logo-Info-enn-3d-20ani.jpeg","width":2046,"height":736,"caption":"Info El Nuevo Norte"},"image":{"@id":"https:\/\/infoelnuevonorte.com\/#\/schema\/logo\/image\/"},"sameAs":["https:\/\/www.facebook.com\/infoenn","https:\/\/x.com\/Elnuevo_norte","https:\/\/www.instagram.com\/infoenn","https:\/\/www.facebook.com\/ENNRD"]},{"@type":"Person","@id":"https:\/\/infoelnuevonorte.com\/#\/schema\/person\/fd4f6d90afe41260818b4ea94ad8ab84","name":"InfoEnn","image":{"@type":"ImageObject","inLanguage":"es-DO","@id":"https:\/\/infoelnuevonorte.com\/#\/schema\/person\/image\/","url":"https:\/\/secure.gravatar.com\/avatar\/d4d760a41a48ba9db0a82bfb63bb0783?s=96&d=robohash&r=g","contentUrl":"https:\/\/secure.gravatar.com\/avatar\/d4d760a41a48ba9db0a82bfb63bb0783?s=96&d=robohash&r=g","caption":"InfoEnn"},"sameAs":["https:\/\/infoelnuevonorte.com"],"url":"https:\/\/infoelnuevonorte.com\/?author=1"}]}},"_links":{"self":[{"href":"https:\/\/infoelnuevonorte.com\/index.php?rest_route=\/wp\/v2\/posts\/9194"}],"collection":[{"href":"https:\/\/infoelnuevonorte.com\/index.php?rest_route=\/wp\/v2\/posts"}],"about":[{"href":"https:\/\/infoelnuevonorte.com\/index.php?rest_route=\/wp\/v2\/types\/post"}],"author":[{"embeddable":true,"href":"https:\/\/infoelnuevonorte.com\/index.php?rest_route=\/wp\/v2\/users\/1"}],"replies":[{"embeddable":true,"href":"https:\/\/infoelnuevonorte.com\/index.php?rest_route=%2Fwp%2Fv2%2Fcomments&post=9194"}],"version-history":[{"count":0,"href":"https:\/\/infoelnuevonorte.com\/index.php?rest_route=\/wp\/v2\/posts\/9194\/revisions"}],"wp:attachment":[{"href":"https:\/\/infoelnuevonorte.com\/index.php?rest_route=%2Fwp%2Fv2%2Fmedia&parent=9194"}],"wp:term":[{"taxonomy":"category","embeddable":true,"href":"https:\/\/infoelnuevonorte.com\/index.php?rest_route=%2Fwp%2Fv2%2Fcategories&post=9194"},{"taxonomy":"post_tag","embeddable":true,"href":"https:\/\/infoelnuevonorte.com\/index.php?rest_route=%2Fwp%2Fv2%2Ftags&post=9194"}],"curies":[{"name":"wp","href":"https:\/\/api.w.org\/{rel}","templated":true}]}}