{"id":93315,"date":"2025-04-14T06:34:23","date_gmt":"2025-04-14T10:34:23","guid":{"rendered":"https:\/\/infoelnuevonorte.com\/?p=93315"},"modified":"2025-04-14T06:34:24","modified_gmt":"2025-04-14T10:34:24","slug":"nace-bebe-gigante-de-mas-de-5-kilos-en-brasil","status":"publish","type":"post","link":"https:\/\/infoelnuevonorte.com\/?p=93315","title":{"rendered":"Nace beb\u00e9 gigante de m\u00e1s de 5 kilos en Brasil"},"content":{"rendered":"<!--[if lt IE 9]><script>document.createElement('audio');<\/script><![endif]-->\n<audio class=\"wp-audio-shortcode\" id=\"audio-93315-1\" preload=\"none\" style=\"width: 100%;\" controls=\"controls\"><source type=\"audio\/mpeg\" src=\"https:\/\/infoelnuevonorte.com\/wp-content\/uploads\/2025\/04\/ttsmaker-vip-file-2025-4-14-6-34-3.mp3?_=1\" \/><a href=\"https:\/\/infoelnuevonorte.com\/wp-content\/uploads\/2025\/04\/ttsmaker-vip-file-2025-4-14-6-34-3.mp3\">https:\/\/infoelnuevonorte.com\/wp-content\/uploads\/2025\/04\/ttsmaker-vip-file-2025-4-14-6-34-3.mp3<\/a><\/audio>\n<p style=\"text-align: justify;\">El nacimiento de <strong>Antony Gael<\/strong>\u00a0en el\u00a0<strong>Hospital Regional del Sert\u00e3o Central (HRSC)<\/strong>, en la ciudad de\u00a0<strong>Quixeramobim<\/strong>,\u00a0<em>Brasil<\/em>, fue registrado como un caso inusual por su peso elevado. En los \u00faltimos d\u00edas, su imagen se viraliz\u00f3 en diversas plataformas.<\/p>\n<p style=\"text-align: justify;\">Seg\u00fan inform\u00f3 el\u00a0<strong>Gobierno de Cear\u00e1\u00a0<\/strong>en un comunicado de su sitio web, el beb\u00e9 naci\u00f3 por ces\u00e1rea, con\u00a0<strong>5,1 kilos<\/strong>, sin complicaciones para la madre ni para el reci\u00e9n nacido.<\/p>\n<p style=\"text-align: justify;\">La condici\u00f3n m\u00e9dica se clasifica como\u00a0<strong>macrosom\u00eda fetal<\/strong>, y tanto el tama\u00f1o del beb\u00e9 como su estado de salud tras el parto llamaron la atenci\u00f3n del personal de salud.<\/p>\n<p style=\"text-align: justify;\">La intervenci\u00f3n se realiz\u00f3 en el HRSC, unidad perteneciente a la Secretar\u00eda de Salud de Cear\u00e1 (Sesa). El centro, ubicado en el interior del estado, <strong>atendi\u00f3 el parto por ces\u00e1rea tras monitorear a la madre durante el embarazo<\/strong>.<\/p>\n<p style=\"text-align: justify;\">Seg\u00fan informaciones, tanto la mujer como el beb\u00e9 <strong>fueron dados de alta a las 48 horas<\/strong>, sin registrar ning\u00fan problema postoperatorio o cl\u00ednico.<\/p>\n<p style=\"text-align: justify;\"><strong>Daniela Barbosa Nobre<\/strong>, de 31 a\u00f1os, vive en Quixeramobim y trabaja como agricultora. Durante el embarazo, fue atendida regularmente por el equipo de obstetricia del hospital.<\/p>\n<p style=\"text-align: justify;\">En declaraciones recogidas por el Departamento de Salud de Cear\u00e1, relat\u00f3: \u201cDesde el s\u00e9ptimo mes de embarazo, empec\u00e9 a sentirme muy cansada; no pod\u00eda hacer nada.\u00a0 <strong>Ten\u00eda una barriga enorme<\/strong>\u201d.<\/p>\n<p style=\"text-align: justify;\">La madre ya<strong>\u00a0ten\u00eda dos hijos, pero ninguno con un peso elevado al nacer<\/strong>. Aun as\u00ed, asegur\u00f3 que present\u00eda que el tercero ser\u00eda diferente por los s\u00edntomas f\u00edsicos m\u00e1s intensos que experiment\u00f3 en la fase final del embarazo.<\/p>\n<p style=\"text-align: justify;\">El caso de Antony Gael, nacido el 24 de octubre del 2024, se enmarc\u00f3 dentro de lo que se conoce como macrosom\u00eda fetal, t\u00e9rmino m\u00e9dico utilizado <strong>para describir a un reci\u00e9n nacido que supera los4 kilogramos de peso<\/strong>.<\/p>\n<p style=\"text-align: justify;\">Seg\u00fan la definici\u00f3n de la\u00a0<em>Mayo Clinic,\u00a0<\/em>esta condici\u00f3n\u00a0<strong>puede traer complicaciones durante el parto vaginal<\/strong>, tanto para el beb\u00e9 como para la madre, raz\u00f3n por la que se opta por ces\u00e1rea en la mayor\u00eda de los casos. Adem\u00e1s de que podr\u00eda acarrear problemas de salud para el reci\u00e9n nacido en el postparto.<\/p>\n<p style=\"text-align: justify;\">El pediatra del HRSC, <strong>Paulo Fernandes<\/strong>, explic\u00f3: \u201c<strong>Puede ser resultado de factores gen\u00e9ticos<\/strong>, pero el principal es la predisposici\u00f3n de la embarazada a la diabetes\u201d.<\/p>\n<p style=\"text-align: justify;\">A\u00f1adi\u00f3 que los casos de\u00a0<strong>macrosom\u00eda\u00a0<\/strong>no son comunes y requieren atenci\u00f3n m\u00e9dica especializada para garantizar el desarrollo saludable del beb\u00e9, seg\u00fan indic\u00f3 el art\u00edculo de\u00a0<em>O Globo<\/em>.<\/p>\n<p style=\"text-align: justify;\">Fernandes tambi\u00e9n detall\u00f3 que, en este caso, al detectarse <strong>un crecimiento fetal por encima de los par\u00e1metros <\/strong>normales durante el control prenatal, se decidi\u00f3 programar el parto por ces\u00e1rea inmediatamente.<\/p>\n<p style=\"text-align: justify;\">El especialista tambi\u00e9n recalc\u00f3 que el seguimiento del beb\u00e9 no termin\u00f3 en el parto. Dijo que ser\u00eda fundamental que est\u00e9 bajo supervisi\u00f3n de <strong>un pediatra y un nutricionista desde<\/strong>\u00a0los primeros d\u00edas de vida para controlar par\u00e1metros como el az\u00facar en sangre y el crecimiento corporal.<\/p>\n<p style=\"text-align: justify;\">Seg\u00fan explic\u00f3 Fern\u00e1ndez, se foment\u00f3 la <strong>lactancia materna<\/strong>\u00a0como primera fuente de alimentaci\u00f3n y, si se detectan requerimientos nutricionales adicionales, se ofrece una\u00a0<strong>f\u00f3rmula espec\u00edfica<\/strong>\u00a0que cubra las demandas cal\u00f3ricas.<\/p>\n<p style=\"text-align: justify;\">Estas acciones buscan evitar problemas de salud posteriores como <strong>hipoglucemia <\/strong>o dificultades en la alimentaci\u00f3n, frecuentes en beb\u00e9s con macrosom\u00eda.<\/p>\n","protected":false},"excerpt":{"rendered":"<p>El nacimiento de Antony Gael\u00a0en el\u00a0Hospital Regional del Sert\u00e3o Central (HRSC), en la ciudad de\u00a0Quixeramobim,\u00a0Brasil, fue registrado como un caso inusual por su peso elevado. En los \u00faltimos d\u00edas, su imagen se viraliz\u00f3 en diversas plataformas. Seg\u00fan inform\u00f3 el\u00a0Gobierno de Cear\u00e1\u00a0en un comunicado de su sitio web, el beb\u00e9 naci\u00f3 por ces\u00e1rea, con\u00a05,1 kilos, sin [&hellip;]<\/p>\n","protected":false},"author":1,"featured_media":0,"comment_status":"closed","ping_status":"open","sticky":false,"template":"","format":"standard","meta":{"footnotes":""},"categories":[921],"tags":[],"yoast_head":"<!-- This site is optimized with the Yoast SEO plugin v24.5 - https:\/\/yoast.com\/wordpress\/plugins\/seo\/ -->\n<title>Nace beb\u00e9 gigante de m\u00e1s de 5 kilos en Brasil | El Nuevo Norte<\/title>\n<meta name=\"robots\" content=\"index, follow, max-snippet:-1, max-image-preview:large, max-video-preview:-1\" \/>\n<link rel=\"canonical\" href=\"https:\/\/infoelnuevonorte.com\/?p=93315\" \/>\n<meta property=\"og:locale\" content=\"es_ES\" \/>\n<meta property=\"og:type\" content=\"article\" \/>\n<meta property=\"og:title\" content=\"Nace beb\u00e9 gigante de m\u00e1s de 5 kilos en Brasil | El Nuevo Norte\" \/>\n<meta property=\"og:description\" content=\"El nacimiento de Antony Gael\u00a0en el\u00a0Hospital Regional del Sert\u00e3o Central (HRSC), en la ciudad de\u00a0Quixeramobim,\u00a0Brasil, fue registrado como un caso inusual por su peso elevado. En los \u00faltimos d\u00edas, su imagen se viraliz\u00f3 en diversas plataformas. Seg\u00fan inform\u00f3 el\u00a0Gobierno de Cear\u00e1\u00a0en un comunicado de su sitio web, el beb\u00e9 naci\u00f3 por ces\u00e1rea, con\u00a05,1 kilos, sin [&hellip;]\" \/>\n<meta property=\"og:url\" content=\"https:\/\/infoelnuevonorte.com\/?p=93315\" \/>\n<meta property=\"og:site_name\" content=\"El Nuevo Norte\" \/>\n<meta property=\"article:publisher\" content=\"https:\/\/www.facebook.com\/infoenn\" \/>\n<meta property=\"article:published_time\" content=\"2025-04-14T10:34:23+00:00\" \/>\n<meta property=\"article:modified_time\" content=\"2025-04-14T10:34:24+00:00\" \/>\n<meta property=\"og:image\" content=\"https:\/\/infoelnuevonorte.com\/wp-content\/uploads\/2025\/04\/image5-1.png\" \/>\n\t<meta property=\"og:image:width\" content=\"1920\" \/>\n\t<meta property=\"og:image:height\" content=\"1080\" \/>\n\t<meta property=\"og:image:type\" content=\"image\/png\" \/>\n<meta name=\"author\" content=\"InfoEnn\" \/>\n<meta name=\"twitter:card\" content=\"summary_large_image\" \/>\n<meta name=\"twitter:creator\" content=\"@Elnuevo_norte\" \/>\n<meta name=\"twitter:site\" content=\"@Elnuevo_norte\" \/>\n<meta name=\"twitter:label1\" content=\"Written by\" \/>\n\t<meta name=\"twitter:data1\" content=\"InfoEnn\" \/>\n\t<meta name=\"twitter:label2\" content=\"Est. reading time\" \/>\n\t<meta name=\"twitter:data2\" content=\"3 minutos\" \/>\n<script type=\"application\/ld+json\" class=\"yoast-schema-graph\">{\"@context\":\"https:\/\/schema.org\",\"@graph\":[{\"@type\":\"Article\",\"@id\":\"https:\/\/infoelnuevonorte.com\/?p=93315#article\",\"isPartOf\":{\"@id\":\"https:\/\/infoelnuevonorte.com\/?p=93315\"},\"author\":{\"name\":\"InfoEnn\",\"@id\":\"https:\/\/infoelnuevonorte.com\/#\/schema\/person\/fd4f6d90afe41260818b4ea94ad8ab84\"},\"headline\":\"Nace beb\u00e9 gigante de m\u00e1s de 5 kilos en Brasil\",\"datePublished\":\"2025-04-14T10:34:23+00:00\",\"dateModified\":\"2025-04-14T10:34:24+00:00\",\"mainEntityOfPage\":{\"@id\":\"https:\/\/infoelnuevonorte.com\/?p=93315\"},\"wordCount\":610,\"publisher\":{\"@id\":\"https:\/\/infoelnuevonorte.com\/#organization\"},\"articleSection\":[\"Viral\"],\"inLanguage\":\"es-DO\"},{\"@type\":\"WebPage\",\"@id\":\"https:\/\/infoelnuevonorte.com\/?p=93315\",\"url\":\"https:\/\/infoelnuevonorte.com\/?p=93315\",\"name\":\"Nace beb\u00e9 gigante de m\u00e1s de 5 kilos en Brasil | El Nuevo Norte\",\"isPartOf\":{\"@id\":\"https:\/\/infoelnuevonorte.com\/#website\"},\"datePublished\":\"2025-04-14T10:34:23+00:00\",\"dateModified\":\"2025-04-14T10:34:24+00:00\",\"breadcrumb\":{\"@id\":\"https:\/\/infoelnuevonorte.com\/?p=93315#breadcrumb\"},\"inLanguage\":\"es-DO\",\"potentialAction\":[{\"@type\":\"ReadAction\",\"target\":[\"https:\/\/infoelnuevonorte.com\/?p=93315\"]}]},{\"@type\":\"BreadcrumbList\",\"@id\":\"https:\/\/infoelnuevonorte.com\/?p=93315#breadcrumb\",\"itemListElement\":[{\"@type\":\"ListItem\",\"position\":1,\"name\":\"Home\",\"item\":\"https:\/\/infoelnuevonorte.com\/\"},{\"@type\":\"ListItem\",\"position\":2,\"name\":\"Nace beb\u00e9 gigante de m\u00e1s de 5 kilos en Brasil\"}]},{\"@type\":\"WebSite\",\"@id\":\"https:\/\/infoelnuevonorte.com\/#website\",\"url\":\"https:\/\/infoelnuevonorte.com\/\",\"name\":\"InfoEnn\",\"description\":\"Tu Voz, tu Verdad, tu Diario!!!\",\"publisher\":{\"@id\":\"https:\/\/infoelnuevonorte.com\/#organization\"},\"alternateName\":\"El Nuevo Norte\",\"potentialAction\":[{\"@type\":\"SearchAction\",\"target\":{\"@type\":\"EntryPoint\",\"urlTemplate\":\"https:\/\/infoelnuevonorte.com\/?s={search_term_string}\"},\"query-input\":{\"@type\":\"PropertyValueSpecification\",\"valueRequired\":true,\"valueName\":\"search_term_string\"}}],\"inLanguage\":\"es-DO\"},{\"@type\":\"Organization\",\"@id\":\"https:\/\/infoelnuevonorte.com\/#organization\",\"name\":\"Info El Nuevo Norte\",\"alternateName\":\"El Nuevo Norte\",\"url\":\"https:\/\/infoelnuevonorte.com\/\",\"logo\":{\"@type\":\"ImageObject\",\"inLanguage\":\"es-DO\",\"@id\":\"https:\/\/infoelnuevonorte.com\/#\/schema\/logo\/image\/\",\"url\":\"https:\/\/infoelnuevonorte.com\/wp-content\/uploads\/2026\/02\/Logo-Info-enn-3d-20ani.jpeg\",\"contentUrl\":\"https:\/\/infoelnuevonorte.com\/wp-content\/uploads\/2026\/02\/Logo-Info-enn-3d-20ani.jpeg\",\"width\":2046,\"height\":736,\"caption\":\"Info El Nuevo Norte\"},\"image\":{\"@id\":\"https:\/\/infoelnuevonorte.com\/#\/schema\/logo\/image\/\"},\"sameAs\":[\"https:\/\/www.facebook.com\/infoenn\",\"https:\/\/x.com\/Elnuevo_norte\",\"https:\/\/www.instagram.com\/infoenn\",\"https:\/\/www.facebook.com\/ENNRD\"]},{\"@type\":\"Person\",\"@id\":\"https:\/\/infoelnuevonorte.com\/#\/schema\/person\/fd4f6d90afe41260818b4ea94ad8ab84\",\"name\":\"InfoEnn\",\"image\":{\"@type\":\"ImageObject\",\"inLanguage\":\"es-DO\",\"@id\":\"https:\/\/infoelnuevonorte.com\/#\/schema\/person\/image\/\",\"url\":\"https:\/\/secure.gravatar.com\/avatar\/d4d760a41a48ba9db0a82bfb63bb0783?s=96&d=robohash&r=g\",\"contentUrl\":\"https:\/\/secure.gravatar.com\/avatar\/d4d760a41a48ba9db0a82bfb63bb0783?s=96&d=robohash&r=g\",\"caption\":\"InfoEnn\"},\"sameAs\":[\"https:\/\/infoelnuevonorte.com\"],\"url\":\"https:\/\/infoelnuevonorte.com\/?author=1\"}]}<\/script>\n<!-- \/ Yoast SEO plugin. -->","yoast_head_json":{"title":"Nace beb\u00e9 gigante de m\u00e1s de 5 kilos en Brasil | El Nuevo Norte","robots":{"index":"index","follow":"follow","max-snippet":"max-snippet:-1","max-image-preview":"max-image-preview:large","max-video-preview":"max-video-preview:-1"},"canonical":"https:\/\/infoelnuevonorte.com\/?p=93315","og_locale":"es_ES","og_type":"article","og_title":"Nace beb\u00e9 gigante de m\u00e1s de 5 kilos en Brasil | El Nuevo Norte","og_description":"El nacimiento de Antony Gael\u00a0en el\u00a0Hospital Regional del Sert\u00e3o Central (HRSC), en la ciudad de\u00a0Quixeramobim,\u00a0Brasil, fue registrado como un caso inusual por su peso elevado. En los \u00faltimos d\u00edas, su imagen se viraliz\u00f3 en diversas plataformas. Seg\u00fan inform\u00f3 el\u00a0Gobierno de Cear\u00e1\u00a0en un comunicado de su sitio web, el beb\u00e9 naci\u00f3 por ces\u00e1rea, con\u00a05,1 kilos, sin [&hellip;]","og_url":"https:\/\/infoelnuevonorte.com\/?p=93315","og_site_name":"El Nuevo Norte","article_publisher":"https:\/\/www.facebook.com\/infoenn","article_published_time":"2025-04-14T10:34:23+00:00","article_modified_time":"2025-04-14T10:34:24+00:00","og_image":[{"width":1920,"height":1080,"url":"https:\/\/infoelnuevonorte.com\/wp-content\/uploads\/2025\/04\/image5-1.png","type":"image\/png"}],"author":"InfoEnn","twitter_card":"summary_large_image","twitter_creator":"@Elnuevo_norte","twitter_site":"@Elnuevo_norte","twitter_misc":{"Written by":"InfoEnn","Est. reading time":"3 minutos"},"schema":{"@context":"https:\/\/schema.org","@graph":[{"@type":"Article","@id":"https:\/\/infoelnuevonorte.com\/?p=93315#article","isPartOf":{"@id":"https:\/\/infoelnuevonorte.com\/?p=93315"},"author":{"name":"InfoEnn","@id":"https:\/\/infoelnuevonorte.com\/#\/schema\/person\/fd4f6d90afe41260818b4ea94ad8ab84"},"headline":"Nace beb\u00e9 gigante de m\u00e1s de 5 kilos en Brasil","datePublished":"2025-04-14T10:34:23+00:00","dateModified":"2025-04-14T10:34:24+00:00","mainEntityOfPage":{"@id":"https:\/\/infoelnuevonorte.com\/?p=93315"},"wordCount":610,"publisher":{"@id":"https:\/\/infoelnuevonorte.com\/#organization"},"articleSection":["Viral"],"inLanguage":"es-DO"},{"@type":"WebPage","@id":"https:\/\/infoelnuevonorte.com\/?p=93315","url":"https:\/\/infoelnuevonorte.com\/?p=93315","name":"Nace beb\u00e9 gigante de m\u00e1s de 5 kilos en Brasil | El Nuevo Norte","isPartOf":{"@id":"https:\/\/infoelnuevonorte.com\/#website"},"datePublished":"2025-04-14T10:34:23+00:00","dateModified":"2025-04-14T10:34:24+00:00","breadcrumb":{"@id":"https:\/\/infoelnuevonorte.com\/?p=93315#breadcrumb"},"inLanguage":"es-DO","potentialAction":[{"@type":"ReadAction","target":["https:\/\/infoelnuevonorte.com\/?p=93315"]}]},{"@type":"BreadcrumbList","@id":"https:\/\/infoelnuevonorte.com\/?p=93315#breadcrumb","itemListElement":[{"@type":"ListItem","position":1,"name":"Home","item":"https:\/\/infoelnuevonorte.com\/"},{"@type":"ListItem","position":2,"name":"Nace beb\u00e9 gigante de m\u00e1s de 5 kilos en Brasil"}]},{"@type":"WebSite","@id":"https:\/\/infoelnuevonorte.com\/#website","url":"https:\/\/infoelnuevonorte.com\/","name":"InfoEnn","description":"Tu Voz, tu Verdad, tu Diario!!!","publisher":{"@id":"https:\/\/infoelnuevonorte.com\/#organization"},"alternateName":"El Nuevo Norte","potentialAction":[{"@type":"SearchAction","target":{"@type":"EntryPoint","urlTemplate":"https:\/\/infoelnuevonorte.com\/?s={search_term_string}"},"query-input":{"@type":"PropertyValueSpecification","valueRequired":true,"valueName":"search_term_string"}}],"inLanguage":"es-DO"},{"@type":"Organization","@id":"https:\/\/infoelnuevonorte.com\/#organization","name":"Info El Nuevo Norte","alternateName":"El Nuevo Norte","url":"https:\/\/infoelnuevonorte.com\/","logo":{"@type":"ImageObject","inLanguage":"es-DO","@id":"https:\/\/infoelnuevonorte.com\/#\/schema\/logo\/image\/","url":"https:\/\/infoelnuevonorte.com\/wp-content\/uploads\/2026\/02\/Logo-Info-enn-3d-20ani.jpeg","contentUrl":"https:\/\/infoelnuevonorte.com\/wp-content\/uploads\/2026\/02\/Logo-Info-enn-3d-20ani.jpeg","width":2046,"height":736,"caption":"Info El Nuevo Norte"},"image":{"@id":"https:\/\/infoelnuevonorte.com\/#\/schema\/logo\/image\/"},"sameAs":["https:\/\/www.facebook.com\/infoenn","https:\/\/x.com\/Elnuevo_norte","https:\/\/www.instagram.com\/infoenn","https:\/\/www.facebook.com\/ENNRD"]},{"@type":"Person","@id":"https:\/\/infoelnuevonorte.com\/#\/schema\/person\/fd4f6d90afe41260818b4ea94ad8ab84","name":"InfoEnn","image":{"@type":"ImageObject","inLanguage":"es-DO","@id":"https:\/\/infoelnuevonorte.com\/#\/schema\/person\/image\/","url":"https:\/\/secure.gravatar.com\/avatar\/d4d760a41a48ba9db0a82bfb63bb0783?s=96&d=robohash&r=g","contentUrl":"https:\/\/secure.gravatar.com\/avatar\/d4d760a41a48ba9db0a82bfb63bb0783?s=96&d=robohash&r=g","caption":"InfoEnn"},"sameAs":["https:\/\/infoelnuevonorte.com"],"url":"https:\/\/infoelnuevonorte.com\/?author=1"}]}},"_links":{"self":[{"href":"https:\/\/infoelnuevonorte.com\/index.php?rest_route=\/wp\/v2\/posts\/93315"}],"collection":[{"href":"https:\/\/infoelnuevonorte.com\/index.php?rest_route=\/wp\/v2\/posts"}],"about":[{"href":"https:\/\/infoelnuevonorte.com\/index.php?rest_route=\/wp\/v2\/types\/post"}],"author":[{"embeddable":true,"href":"https:\/\/infoelnuevonorte.com\/index.php?rest_route=\/wp\/v2\/users\/1"}],"replies":[{"embeddable":true,"href":"https:\/\/infoelnuevonorte.com\/index.php?rest_route=%2Fwp%2Fv2%2Fcomments&post=93315"}],"version-history":[{"count":1,"href":"https:\/\/infoelnuevonorte.com\/index.php?rest_route=\/wp\/v2\/posts\/93315\/revisions"}],"predecessor-version":[{"id":93318,"href":"https:\/\/infoelnuevonorte.com\/index.php?rest_route=\/wp\/v2\/posts\/93315\/revisions\/93318"}],"wp:attachment":[{"href":"https:\/\/infoelnuevonorte.com\/index.php?rest_route=%2Fwp%2Fv2%2Fmedia&parent=93315"}],"wp:term":[{"taxonomy":"category","embeddable":true,"href":"https:\/\/infoelnuevonorte.com\/index.php?rest_route=%2Fwp%2Fv2%2Fcategories&post=93315"},{"taxonomy":"post_tag","embeddable":true,"href":"https:\/\/infoelnuevonorte.com\/index.php?rest_route=%2Fwp%2Fv2%2Ftags&post=93315"}],"curies":[{"name":"wp","href":"https:\/\/api.w.org\/{rel}","templated":true}]}}