{"id":93574,"date":"2025-04-15T06:32:23","date_gmt":"2025-04-15T10:32:23","guid":{"rendered":"https:\/\/infoelnuevonorte.com\/?p=93574"},"modified":"2025-04-15T06:32:24","modified_gmt":"2025-04-15T10:32:24","slug":"farmacias-del-pueblo-operaran-con-horario-especial-durante-semana-santa","status":"publish","type":"post","link":"https:\/\/infoelnuevonorte.com\/?p=93574","title":{"rendered":"Farmacias del Pueblo operar\u00e1n con horario especial durante Semana Santa"},"content":{"rendered":"<p style=\"text-align: justify;\"><em><strong>Santo Domingo. \u2013<\/strong><\/em> <strong>El Programa de Medicamentos Esenciales y Central de Apoyo Log\u00edstico (PROMESE\/CAL)<\/strong> anunci\u00f3 un horario especial en las<strong> Farmacias del Pueblo<\/strong> durante la <strong>Semana Santa 2025,<\/strong> con el objetivo de garantizar el acceso continuo a medicamentos esenciales, tanto en centros hospitalarios como en comunidades de todo el pa\u00eds.<\/p>\n<p style=\"text-align: justify;\">Las farmacias comunitarias operar\u00e1n hasta el mi\u00e9rcoles 16 de abril en su horario regular, de 8:00 a.m. a 4:00 p.m., y retomar\u00e1n sus servicios el lunes 21 de abril.<\/p>\n<p style=\"text-align: justify;\">En tanto, las Farmacias del Pueblo ubicadas en hospitales seleccionados permanecer\u00e1n abiertas desde el Jueves Santo (17 de abril) hasta el Domingo de Resurrecci\u00f3n (20 de abril), en horarios especiales para asegurar la continuidad del suministro de medicamentos en los centros de salud que se mantendr\u00e1n activos durante el asueto.<\/p>\n<p style=\"text-align: justify;\"><strong>El director de PROMESE\/CAL, Adolfo P\u00e9rez,<\/strong> exhort\u00f3 a la poblaci\u00f3n a vivir este tiempo con responsabilidad, reflexi\u00f3n y cuidado.<\/p>\n<p style=\"text-align: justify;\">\u201cLes invito a compartir en familia, reflexionar y priorizar el bienestar colectivo durante este tiempo de recogimiento y espiritualidad\u201d, expres\u00f3 P\u00e9rez.<\/p>\n<p style=\"text-align: justify;\"><strong><img decoding=\"async\" class=\"emoji\" role=\"img\" draggable=\"false\" src=\"https:\/\/s.w.org\/images\/core\/emoji\/14.0.0\/svg\/1f552.svg\" alt=\"\ud83d\udd52\" \/> HORARIOS ESPECIALES DE ATENCI\u00d3N HOSPITALARIA:<\/strong><\/p>\n<p style=\"text-align: justify;\">Jueves, Viernes y S\u00e1bado Santo: 8:00 a.m. a 2:00 p.m.<\/p>\n<p style=\"text-align: justify;\">Domingo de Resurrecci\u00f3n: 8:00 a.m. a 12:00 p.m.<\/p>\n<p style=\"text-align: justify;\"><strong><img decoding=\"async\" class=\"emoji\" role=\"img\" draggable=\"false\" src=\"https:\/\/s.w.org\/images\/core\/emoji\/14.0.0\/svg\/1f3e5.svg\" alt=\"\ud83c\udfe5\" \/> FARMACIAS HOSPITALARIAS QUE PERMANECER\u00c1N ABIERTAS:<\/strong><br \/>\n<strong>DISTRITO NACIONAL:<\/strong><\/p>\n<p style=\"text-align: justify;\">-Hospital Dr. Francisco Moscoso Puello<\/p>\n<p style=\"text-align: justify;\">-Hospital Infantil Robert Reid Cabral<\/p>\n<p style=\"text-align: justify;\">-Hospital Dr. Luis Eduardo Aybar<\/p>\n<p style=\"text-align: justify;\"><strong>SANTO DOMINGO OESTE:<\/strong><\/p>\n<p style=\"text-align: justify;\">-Hospital Regional Dr. Marcelino V\u00e9lez Santana<\/p>\n<p style=\"text-align: justify;\">-Hospital Dr. Vinicio Calventi<\/p>\n<p style=\"text-align: justify;\"><strong>SANTO DOMINGO ESTE:<\/strong><\/p>\n<p style=\"text-align: justify;\">-Hospital Docente Universitario Dr. Dar\u00edo Contreras<\/p>\n<p style=\"text-align: justify;\">-Hospital Municipal de Andr\u00e9s (Boca Chica)<\/p>\n<p style=\"text-align: justify;\">-Hospital San Lorenzo de Los Minas<\/p>\n<p style=\"text-align: justify;\"><strong>NORTE Y NOROESTE:<\/strong><\/p>\n<p style=\"text-align: justify;\">-Hospital Ricardo Limardo (Puerto Plata)<\/p>\n<p style=\"text-align: justify;\">-Hospital Dr. Antonio Yapour Hedded (Nagua)<\/p>\n<p style=\"text-align: justify;\">-Hospital Municipal Dr. Virgilio Garc\u00eda (Nagua)<\/p>\n<p style=\"text-align: justify;\">-Hospital Municipal Dr. Desiderio Acosta (El Factor)<\/p>\n<p style=\"text-align: justify;\">-Hospital Leopoldo Pou (Saman\u00e1)<\/p>\n<p style=\"text-align: justify;\">-Hospital Lic. Pablo A. Paulino (S\u00e1nchez)<\/p>\n<p style=\"text-align: justify;\">-Hospital Alberto Gautreaux (Las Galeras)<\/p>\n<p style=\"text-align: justify;\">-Centro Materno Infantil Natividad Alcal\u00e1 (Santa B\u00e1rbara)<\/p>\n<p style=\"text-align: justify;\"><strong>REGI\u00d3N DEL CIBAO:<\/strong><\/p>\n<p style=\"text-align: justify;\">-Hospital Dr. Jos\u00e9 Mar\u00eda Cabral y B\u00e1ez (Santiago)<\/p>\n<p style=\"text-align: justify;\">-Hospital Padre Fantino (Montecristi)<\/p>\n<p style=\"text-align: justify;\">-Hospital Traumatol\u00f3gico Juan Bosch (La Vega)<\/p>\n<p style=\"text-align: justify;\">-Hospital Dra. Octavia Gautier Vidal (Jarabacoa)<\/p>\n<p style=\"text-align: justify;\">-Hospital Pedro Antonio C\u00e9spedes (Constanza)<\/p>\n<p style=\"text-align: justify;\"><strong>REGI\u00d3N ESTE:<\/strong><\/p>\n<p style=\"text-align: justify;\">-Unidad de Atenci\u00f3n Primaria de Ver\u00f3n (Punta Cana)<\/p>\n<p style=\"text-align: justify;\">-Hospital Nuestra Se\u00f1ora de la Altagracia (Hig\u00fcey)<\/p>\n<p style=\"text-align: justify;\">-Hospital Dr. Francisco Antonio Gonzalvo (La Romana)<\/p>\n<p style=\"text-align: justify;\">-Hospital Regional Dr. Antonio Musa (San Pedro de Macor\u00eds)<\/p>\n<p style=\"text-align: justify;\"><strong>REGI\u00d3N SUR:<\/strong><\/p>\n<p style=\"text-align: justify;\">-Hospital Juan Pablo Pina (San Crist\u00f3bal)<\/p>\n<p style=\"text-align: justify;\">-Hospital Elio Fiallo (Pedernales)<\/p>\n<p style=\"text-align: justify;\">-Hospital Jaime Mota (Barahona)<\/p>\n","protected":false},"excerpt":{"rendered":"<p>Santo Domingo. \u2013 El Programa de Medicamentos Esenciales y Central de Apoyo Log\u00edstico (PROMESE\/CAL) anunci\u00f3 un horario especial en las Farmacias del Pueblo durante la Semana Santa 2025, con el objetivo de garantizar el acceso continuo a medicamentos esenciales, tanto en centros hospitalarios como en comunidades de todo el pa\u00eds. Las farmacias comunitarias operar\u00e1n hasta [&hellip;]<\/p>\n","protected":false},"author":1,"featured_media":0,"comment_status":"closed","ping_status":"open","sticky":false,"template":"","format":"standard","meta":{"footnotes":""},"categories":[8],"tags":[],"yoast_head":"<!-- This site is optimized with the Yoast SEO plugin v24.5 - https:\/\/yoast.com\/wordpress\/plugins\/seo\/ -->\n<title>Farmacias del Pueblo operar\u00e1n con horario especial durante Semana Santa | El Nuevo Norte<\/title>\n<meta name=\"robots\" content=\"index, follow, max-snippet:-1, max-image-preview:large, max-video-preview:-1\" \/>\n<link rel=\"canonical\" href=\"https:\/\/infoelnuevonorte.com\/?p=93574\" \/>\n<meta property=\"og:locale\" content=\"es_ES\" \/>\n<meta property=\"og:type\" content=\"article\" \/>\n<meta property=\"og:title\" content=\"Farmacias del Pueblo operar\u00e1n con horario especial durante Semana Santa | El Nuevo Norte\" \/>\n<meta property=\"og:description\" content=\"Santo Domingo. \u2013 El Programa de Medicamentos Esenciales y Central de Apoyo Log\u00edstico (PROMESE\/CAL) anunci\u00f3 un horario especial en las Farmacias del Pueblo durante la Semana Santa 2025, con el objetivo de garantizar el acceso continuo a medicamentos esenciales, tanto en centros hospitalarios como en comunidades de todo el pa\u00eds. Las farmacias comunitarias operar\u00e1n hasta [&hellip;]\" \/>\n<meta property=\"og:url\" content=\"https:\/\/infoelnuevonorte.com\/?p=93574\" \/>\n<meta property=\"og:site_name\" content=\"El Nuevo Norte\" \/>\n<meta property=\"article:publisher\" content=\"https:\/\/www.facebook.com\/infoenn\" \/>\n<meta property=\"article:published_time\" content=\"2025-04-15T10:32:23+00:00\" \/>\n<meta property=\"article:modified_time\" content=\"2025-04-15T10:32:24+00:00\" \/>\n<meta property=\"og:image\" content=\"https:\/\/infoelnuevonorte.com\/wp-content\/uploads\/2025\/04\/Farmacias-del-Pueblo.png\" \/>\n\t<meta property=\"og:image:width\" content=\"822\" \/>\n\t<meta property=\"og:image:height\" content=\"615\" \/>\n\t<meta property=\"og:image:type\" content=\"image\/png\" \/>\n<meta name=\"author\" content=\"InfoEnn\" \/>\n<meta name=\"twitter:card\" content=\"summary_large_image\" \/>\n<meta name=\"twitter:creator\" content=\"@Elnuevo_norte\" \/>\n<meta name=\"twitter:site\" content=\"@Elnuevo_norte\" \/>\n<meta name=\"twitter:label1\" content=\"Written by\" \/>\n\t<meta name=\"twitter:data1\" content=\"InfoEnn\" \/>\n\t<meta name=\"twitter:label2\" content=\"Est. reading time\" \/>\n\t<meta name=\"twitter:data2\" content=\"3 minutos\" \/>\n<script type=\"application\/ld+json\" class=\"yoast-schema-graph\">{\"@context\":\"https:\/\/schema.org\",\"@graph\":[{\"@type\":\"Article\",\"@id\":\"https:\/\/infoelnuevonorte.com\/?p=93574#article\",\"isPartOf\":{\"@id\":\"https:\/\/infoelnuevonorte.com\/?p=93574\"},\"author\":{\"name\":\"InfoEnn\",\"@id\":\"https:\/\/infoelnuevonorte.com\/#\/schema\/person\/fd4f6d90afe41260818b4ea94ad8ab84\"},\"headline\":\"Farmacias del Pueblo operar\u00e1n con horario especial durante Semana Santa\",\"datePublished\":\"2025-04-15T10:32:23+00:00\",\"dateModified\":\"2025-04-15T10:32:24+00:00\",\"mainEntityOfPage\":{\"@id\":\"https:\/\/infoelnuevonorte.com\/?p=93574\"},\"wordCount\":420,\"publisher\":{\"@id\":\"https:\/\/infoelnuevonorte.com\/#organization\"},\"image\":{\"@id\":\"https:\/\/infoelnuevonorte.com\/?p=93574#primaryimage\"},\"thumbnailUrl\":\"https:\/\/s.w.org\/images\/core\/emoji\/14.0.0\/svg\/1f552.svg\",\"articleSection\":[\"Nacionales\"],\"inLanguage\":\"es-DO\"},{\"@type\":\"WebPage\",\"@id\":\"https:\/\/infoelnuevonorte.com\/?p=93574\",\"url\":\"https:\/\/infoelnuevonorte.com\/?p=93574\",\"name\":\"Farmacias del Pueblo operar\u00e1n con horario especial durante Semana Santa | El Nuevo Norte\",\"isPartOf\":{\"@id\":\"https:\/\/infoelnuevonorte.com\/#website\"},\"primaryImageOfPage\":{\"@id\":\"https:\/\/infoelnuevonorte.com\/?p=93574#primaryimage\"},\"image\":{\"@id\":\"https:\/\/infoelnuevonorte.com\/?p=93574#primaryimage\"},\"thumbnailUrl\":\"https:\/\/s.w.org\/images\/core\/emoji\/14.0.0\/svg\/1f552.svg\",\"datePublished\":\"2025-04-15T10:32:23+00:00\",\"dateModified\":\"2025-04-15T10:32:24+00:00\",\"breadcrumb\":{\"@id\":\"https:\/\/infoelnuevonorte.com\/?p=93574#breadcrumb\"},\"inLanguage\":\"es-DO\",\"potentialAction\":[{\"@type\":\"ReadAction\",\"target\":[\"https:\/\/infoelnuevonorte.com\/?p=93574\"]}]},{\"@type\":\"ImageObject\",\"inLanguage\":\"es-DO\",\"@id\":\"https:\/\/infoelnuevonorte.com\/?p=93574#primaryimage\",\"url\":\"https:\/\/s.w.org\/images\/core\/emoji\/14.0.0\/svg\/1f552.svg\",\"contentUrl\":\"https:\/\/s.w.org\/images\/core\/emoji\/14.0.0\/svg\/1f552.svg\"},{\"@type\":\"BreadcrumbList\",\"@id\":\"https:\/\/infoelnuevonorte.com\/?p=93574#breadcrumb\",\"itemListElement\":[{\"@type\":\"ListItem\",\"position\":1,\"name\":\"Home\",\"item\":\"https:\/\/infoelnuevonorte.com\/\"},{\"@type\":\"ListItem\",\"position\":2,\"name\":\"Farmacias del Pueblo operar\u00e1n con horario especial durante Semana Santa\"}]},{\"@type\":\"WebSite\",\"@id\":\"https:\/\/infoelnuevonorte.com\/#website\",\"url\":\"https:\/\/infoelnuevonorte.com\/\",\"name\":\"InfoEnn\",\"description\":\"Tu Voz, tu Verdad, tu Diario!!!\",\"publisher\":{\"@id\":\"https:\/\/infoelnuevonorte.com\/#organization\"},\"alternateName\":\"El Nuevo Norte\",\"potentialAction\":[{\"@type\":\"SearchAction\",\"target\":{\"@type\":\"EntryPoint\",\"urlTemplate\":\"https:\/\/infoelnuevonorte.com\/?s={search_term_string}\"},\"query-input\":{\"@type\":\"PropertyValueSpecification\",\"valueRequired\":true,\"valueName\":\"search_term_string\"}}],\"inLanguage\":\"es-DO\"},{\"@type\":\"Organization\",\"@id\":\"https:\/\/infoelnuevonorte.com\/#organization\",\"name\":\"Info El Nuevo Norte\",\"alternateName\":\"El Nuevo Norte\",\"url\":\"https:\/\/infoelnuevonorte.com\/\",\"logo\":{\"@type\":\"ImageObject\",\"inLanguage\":\"es-DO\",\"@id\":\"https:\/\/infoelnuevonorte.com\/#\/schema\/logo\/image\/\",\"url\":\"https:\/\/infoelnuevonorte.com\/wp-content\/uploads\/2026\/02\/Logo-Info-enn-3d-20ani.jpeg\",\"contentUrl\":\"https:\/\/infoelnuevonorte.com\/wp-content\/uploads\/2026\/02\/Logo-Info-enn-3d-20ani.jpeg\",\"width\":2046,\"height\":736,\"caption\":\"Info El Nuevo Norte\"},\"image\":{\"@id\":\"https:\/\/infoelnuevonorte.com\/#\/schema\/logo\/image\/\"},\"sameAs\":[\"https:\/\/www.facebook.com\/infoenn\",\"https:\/\/x.com\/Elnuevo_norte\",\"https:\/\/www.instagram.com\/infoenn\",\"https:\/\/www.facebook.com\/ENNRD\"]},{\"@type\":\"Person\",\"@id\":\"https:\/\/infoelnuevonorte.com\/#\/schema\/person\/fd4f6d90afe41260818b4ea94ad8ab84\",\"name\":\"InfoEnn\",\"image\":{\"@type\":\"ImageObject\",\"inLanguage\":\"es-DO\",\"@id\":\"https:\/\/infoelnuevonorte.com\/#\/schema\/person\/image\/\",\"url\":\"https:\/\/secure.gravatar.com\/avatar\/d4d760a41a48ba9db0a82bfb63bb0783?s=96&d=robohash&r=g\",\"contentUrl\":\"https:\/\/secure.gravatar.com\/avatar\/d4d760a41a48ba9db0a82bfb63bb0783?s=96&d=robohash&r=g\",\"caption\":\"InfoEnn\"},\"sameAs\":[\"https:\/\/infoelnuevonorte.com\"],\"url\":\"https:\/\/infoelnuevonorte.com\/?author=1\"}]}<\/script>\n<!-- \/ Yoast SEO plugin. -->","yoast_head_json":{"title":"Farmacias del Pueblo operar\u00e1n con horario especial durante Semana Santa | El Nuevo Norte","robots":{"index":"index","follow":"follow","max-snippet":"max-snippet:-1","max-image-preview":"max-image-preview:large","max-video-preview":"max-video-preview:-1"},"canonical":"https:\/\/infoelnuevonorte.com\/?p=93574","og_locale":"es_ES","og_type":"article","og_title":"Farmacias del Pueblo operar\u00e1n con horario especial durante Semana Santa | El Nuevo Norte","og_description":"Santo Domingo. \u2013 El Programa de Medicamentos Esenciales y Central de Apoyo Log\u00edstico (PROMESE\/CAL) anunci\u00f3 un horario especial en las Farmacias del Pueblo durante la Semana Santa 2025, con el objetivo de garantizar el acceso continuo a medicamentos esenciales, tanto en centros hospitalarios como en comunidades de todo el pa\u00eds. Las farmacias comunitarias operar\u00e1n hasta [&hellip;]","og_url":"https:\/\/infoelnuevonorte.com\/?p=93574","og_site_name":"El Nuevo Norte","article_publisher":"https:\/\/www.facebook.com\/infoenn","article_published_time":"2025-04-15T10:32:23+00:00","article_modified_time":"2025-04-15T10:32:24+00:00","og_image":[{"width":822,"height":615,"url":"https:\/\/infoelnuevonorte.com\/wp-content\/uploads\/2025\/04\/Farmacias-del-Pueblo.png","type":"image\/png"}],"author":"InfoEnn","twitter_card":"summary_large_image","twitter_creator":"@Elnuevo_norte","twitter_site":"@Elnuevo_norte","twitter_misc":{"Written by":"InfoEnn","Est. reading time":"3 minutos"},"schema":{"@context":"https:\/\/schema.org","@graph":[{"@type":"Article","@id":"https:\/\/infoelnuevonorte.com\/?p=93574#article","isPartOf":{"@id":"https:\/\/infoelnuevonorte.com\/?p=93574"},"author":{"name":"InfoEnn","@id":"https:\/\/infoelnuevonorte.com\/#\/schema\/person\/fd4f6d90afe41260818b4ea94ad8ab84"},"headline":"Farmacias del Pueblo operar\u00e1n con horario especial durante Semana Santa","datePublished":"2025-04-15T10:32:23+00:00","dateModified":"2025-04-15T10:32:24+00:00","mainEntityOfPage":{"@id":"https:\/\/infoelnuevonorte.com\/?p=93574"},"wordCount":420,"publisher":{"@id":"https:\/\/infoelnuevonorte.com\/#organization"},"image":{"@id":"https:\/\/infoelnuevonorte.com\/?p=93574#primaryimage"},"thumbnailUrl":"https:\/\/s.w.org\/images\/core\/emoji\/14.0.0\/svg\/1f552.svg","articleSection":["Nacionales"],"inLanguage":"es-DO"},{"@type":"WebPage","@id":"https:\/\/infoelnuevonorte.com\/?p=93574","url":"https:\/\/infoelnuevonorte.com\/?p=93574","name":"Farmacias del Pueblo operar\u00e1n con horario especial durante Semana Santa | El Nuevo Norte","isPartOf":{"@id":"https:\/\/infoelnuevonorte.com\/#website"},"primaryImageOfPage":{"@id":"https:\/\/infoelnuevonorte.com\/?p=93574#primaryimage"},"image":{"@id":"https:\/\/infoelnuevonorte.com\/?p=93574#primaryimage"},"thumbnailUrl":"https:\/\/s.w.org\/images\/core\/emoji\/14.0.0\/svg\/1f552.svg","datePublished":"2025-04-15T10:32:23+00:00","dateModified":"2025-04-15T10:32:24+00:00","breadcrumb":{"@id":"https:\/\/infoelnuevonorte.com\/?p=93574#breadcrumb"},"inLanguage":"es-DO","potentialAction":[{"@type":"ReadAction","target":["https:\/\/infoelnuevonorte.com\/?p=93574"]}]},{"@type":"ImageObject","inLanguage":"es-DO","@id":"https:\/\/infoelnuevonorte.com\/?p=93574#primaryimage","url":"https:\/\/s.w.org\/images\/core\/emoji\/14.0.0\/svg\/1f552.svg","contentUrl":"https:\/\/s.w.org\/images\/core\/emoji\/14.0.0\/svg\/1f552.svg"},{"@type":"BreadcrumbList","@id":"https:\/\/infoelnuevonorte.com\/?p=93574#breadcrumb","itemListElement":[{"@type":"ListItem","position":1,"name":"Home","item":"https:\/\/infoelnuevonorte.com\/"},{"@type":"ListItem","position":2,"name":"Farmacias del Pueblo operar\u00e1n con horario especial durante Semana Santa"}]},{"@type":"WebSite","@id":"https:\/\/infoelnuevonorte.com\/#website","url":"https:\/\/infoelnuevonorte.com\/","name":"InfoEnn","description":"Tu Voz, tu Verdad, tu Diario!!!","publisher":{"@id":"https:\/\/infoelnuevonorte.com\/#organization"},"alternateName":"El Nuevo Norte","potentialAction":[{"@type":"SearchAction","target":{"@type":"EntryPoint","urlTemplate":"https:\/\/infoelnuevonorte.com\/?s={search_term_string}"},"query-input":{"@type":"PropertyValueSpecification","valueRequired":true,"valueName":"search_term_string"}}],"inLanguage":"es-DO"},{"@type":"Organization","@id":"https:\/\/infoelnuevonorte.com\/#organization","name":"Info El Nuevo Norte","alternateName":"El Nuevo Norte","url":"https:\/\/infoelnuevonorte.com\/","logo":{"@type":"ImageObject","inLanguage":"es-DO","@id":"https:\/\/infoelnuevonorte.com\/#\/schema\/logo\/image\/","url":"https:\/\/infoelnuevonorte.com\/wp-content\/uploads\/2026\/02\/Logo-Info-enn-3d-20ani.jpeg","contentUrl":"https:\/\/infoelnuevonorte.com\/wp-content\/uploads\/2026\/02\/Logo-Info-enn-3d-20ani.jpeg","width":2046,"height":736,"caption":"Info El Nuevo Norte"},"image":{"@id":"https:\/\/infoelnuevonorte.com\/#\/schema\/logo\/image\/"},"sameAs":["https:\/\/www.facebook.com\/infoenn","https:\/\/x.com\/Elnuevo_norte","https:\/\/www.instagram.com\/infoenn","https:\/\/www.facebook.com\/ENNRD"]},{"@type":"Person","@id":"https:\/\/infoelnuevonorte.com\/#\/schema\/person\/fd4f6d90afe41260818b4ea94ad8ab84","name":"InfoEnn","image":{"@type":"ImageObject","inLanguage":"es-DO","@id":"https:\/\/infoelnuevonorte.com\/#\/schema\/person\/image\/","url":"https:\/\/secure.gravatar.com\/avatar\/d4d760a41a48ba9db0a82bfb63bb0783?s=96&d=robohash&r=g","contentUrl":"https:\/\/secure.gravatar.com\/avatar\/d4d760a41a48ba9db0a82bfb63bb0783?s=96&d=robohash&r=g","caption":"InfoEnn"},"sameAs":["https:\/\/infoelnuevonorte.com"],"url":"https:\/\/infoelnuevonorte.com\/?author=1"}]}},"_links":{"self":[{"href":"https:\/\/infoelnuevonorte.com\/index.php?rest_route=\/wp\/v2\/posts\/93574"}],"collection":[{"href":"https:\/\/infoelnuevonorte.com\/index.php?rest_route=\/wp\/v2\/posts"}],"about":[{"href":"https:\/\/infoelnuevonorte.com\/index.php?rest_route=\/wp\/v2\/types\/post"}],"author":[{"embeddable":true,"href":"https:\/\/infoelnuevonorte.com\/index.php?rest_route=\/wp\/v2\/users\/1"}],"replies":[{"embeddable":true,"href":"https:\/\/infoelnuevonorte.com\/index.php?rest_route=%2Fwp%2Fv2%2Fcomments&post=93574"}],"version-history":[{"count":1,"href":"https:\/\/infoelnuevonorte.com\/index.php?rest_route=\/wp\/v2\/posts\/93574\/revisions"}],"predecessor-version":[{"id":93576,"href":"https:\/\/infoelnuevonorte.com\/index.php?rest_route=\/wp\/v2\/posts\/93574\/revisions\/93576"}],"wp:attachment":[{"href":"https:\/\/infoelnuevonorte.com\/index.php?rest_route=%2Fwp%2Fv2%2Fmedia&parent=93574"}],"wp:term":[{"taxonomy":"category","embeddable":true,"href":"https:\/\/infoelnuevonorte.com\/index.php?rest_route=%2Fwp%2Fv2%2Fcategories&post=93574"},{"taxonomy":"post_tag","embeddable":true,"href":"https:\/\/infoelnuevonorte.com\/index.php?rest_route=%2Fwp%2Fv2%2Ftags&post=93574"}],"curies":[{"name":"wp","href":"https:\/\/api.w.org\/{rel}","templated":true}]}}