{"id":96446,"date":"2025-04-25T17:36:42","date_gmt":"2025-04-25T21:36:42","guid":{"rendered":"https:\/\/infoelnuevonorte.com\/?p=96446"},"modified":"2025-04-25T17:36:43","modified_gmt":"2025-04-25T21:36:43","slug":"djokovic-la-gente-empieza-a-aceptar-que-ya-no-estan-federer-ni-nadal-y-pronto-tampoco-estare-yo","status":"publish","type":"post","link":"https:\/\/infoelnuevonorte.com\/?p=96446","title":{"rendered":"Djokovic: \"La gente empieza a aceptar que ya no est\u00e1n Federer ni Nadal, y pronto tampoco estar\u00e9 yo\""},"content":{"rendered":"\n<p><a href=\"https:\/\/deultimominuto.net\/deportes\/\"><\/a><\/p>\n\n\n<div class=\"td_block_wrap tdb_single_content tdi_229 td-pb-border-top td_block_template_1 td-post-content tagdiv-type\" data-td-block-uid=\"tdi_229\">\n<div class=\"tdb-block-inner td-fix-index\">\n<!--[if lt IE 9]><script>document.createElement('audio');<\/script><![endif]-->\n<audio class=\"wp-audio-shortcode\" id=\"audio-96446-1\" preload=\"none\" style=\"width: 100%;\" controls=\"controls\"><source type=\"audio\/mpeg\" src=\"https:\/\/infoelnuevonorte.com\/wp-content\/uploads\/2025\/04\/ttsmaker-vip-file-2025-4-25-17-36-5.mp3?_=1\" \/><a href=\"https:\/\/infoelnuevonorte.com\/wp-content\/uploads\/2025\/04\/ttsmaker-vip-file-2025-4-25-17-36-5.mp3\">https:\/\/infoelnuevonorte.com\/wp-content\/uploads\/2025\/04\/ttsmaker-vip-file-2025-4-25-17-36-5.mp3<\/a><\/audio>\n<p style=\"text-align: justify;\"><em>MADRID<\/em>. \u2014 Novak Djokovic, poseedor del r\u00e9cord de 24 t\u00edtulos de Grand Slam, afirm\u00f3 este jueves que el tenis est\u00e1 atravesando una transici\u00f3n generacional palpable, pero asegur\u00f3 que el deporte seguir\u00e1 prosperando incluso cuando las grandes leyendas ya no est\u00e9n presentes.<\/p>\n<p style=\"text-align: justify;\">\u201cSe puede palpar que hay un cambio\u201d, dijo el serbio de 37 a\u00f1os en la previa de su debut en el Abierto de Madrid, torneo donde buscar\u00e1 su t\u00edtulo n\u00famero 100 a nivel profesional. \u201cNo solo por las generaciones nuevas que ahora acaparan la atenci\u00f3n, sino porque la gente empieza a aceptar que ya no est\u00e1n Roger (Federer), Rafa (Nadal), y alg\u00fan d\u00eda, tampoco estar\u00e9 yo\u201d.<\/p>\n<p style=\"text-align: justify;\">Djokovic reconoci\u00f3 que uno de los motivos que lo impulsan a seguir compitiendo es su deseo de representar a la generaci\u00f3n m\u00e1s veterana del circuito y contribuir al crecimiento del tenis. \u201cSiento que ayuda a que el tenis siga prosperando, con la atenci\u00f3n, el p\u00fablico, y el inter\u00e9s por los torneos\u201d, explic\u00f3.<\/p>\n<p style=\"text-align: justify;\">El tres veces campe\u00f3n en Madrid destac\u00f3 los r\u00e9cords de asistencia en los Grand Slams y eventos como Indian Wells, y subray\u00f3 que el deporte debe seguir adelante m\u00e1s all\u00e1 de cualquier figura. \u201cEl tenis es m\u00e1s importante que cualquier individuo. Todos estamos al servicio del deporte\u201d, asegur\u00f3.<\/p>\n<p style=\"text-align: justify;\">En ese sentido, Djokovic elogi\u00f3 el impacto de las nuevas estrellas, como Carlos Alcaraz, de 21 a\u00f1os. \u201cTenemos que recordar que lo que ha hecho a su edad no es normal. Estoy seguro de que lo veremos ganar muchos trofeos durante los pr\u00f3ximos 10 o 15 a\u00f1os\u201d.<\/p>\n<p style=\"text-align: justify;\">El serbio no juega en Madrid desde su derrota ante Alcaraz en semifinales en 2022. Su debut este a\u00f1o ser\u00e1 ante el italiano Matteo Arnaldi el s\u00e1bado. Hasta ahora, Djokovic no ha ganado un t\u00edtulo en la temporada, con salidas tempranas en Indian Wells y Montecarlo, y una derrota en la final de Miami ante el checo Jakub Mensik.<\/p>\n<p style=\"text-align: justify;\">El serbio sum\u00f3 su t\u00edtulo n\u00famero 99 en los Juegos Ol\u00edmpicos de Par\u00eds el pasado agosto. Solo Jimmy Connors (109) y Roger Federer (103) han superado la barrera de los 100 t\u00edtulos.<\/p>\n<\/div>\n<\/div>\n<div class=\"td_block_wrap tdb_single_tags tdi_230 td-pb-border-top td_block_template_1\" style=\"text-align: justify;\" data-td-block-uid=\"tdi_230\">\u00a0<\/div>","protected":false},"excerpt":{"rendered":"<p>MADRID. \u2014 Novak Djokovic, poseedor del r\u00e9cord de 24 t\u00edtulos de Grand Slam, afirm\u00f3 este jueves que el tenis est\u00e1 atravesando una transici\u00f3n generacional palpable, pero asegur\u00f3 que el deporte seguir\u00e1 prosperando incluso cuando las grandes leyendas ya no est\u00e9n presentes. \u201cSe puede palpar que hay un cambio\u201d, dijo el serbio de 37 a\u00f1os en [&hellip;]<\/p>\n","protected":false},"author":2,"featured_media":0,"comment_status":"closed","ping_status":"open","sticky":false,"template":"","format":"standard","meta":{"footnotes":""},"categories":[6,111],"tags":[],"yoast_head":"<!-- This site is optimized with the Yoast SEO plugin v24.5 - https:\/\/yoast.com\/wordpress\/plugins\/seo\/ -->\n<title>Djokovic: &quot;La gente empieza a aceptar que ya no est\u00e1n Federer ni Nadal, y pronto tampoco estar\u00e9 yo&quot; | El Nuevo Norte<\/title>\n<meta name=\"robots\" content=\"index, follow, max-snippet:-1, max-image-preview:large, max-video-preview:-1\" \/>\n<link rel=\"canonical\" href=\"https:\/\/infoelnuevonorte.com\/?p=96446\" \/>\n<meta property=\"og:locale\" content=\"es_ES\" \/>\n<meta property=\"og:type\" content=\"article\" \/>\n<meta property=\"og:title\" content=\"Djokovic: &quot;La gente empieza a aceptar que ya no est\u00e1n Federer ni Nadal, y pronto tampoco estar\u00e9 yo&quot; | El Nuevo Norte\" \/>\n<meta property=\"og:description\" content=\"MADRID. \u2014 Novak Djokovic, poseedor del r\u00e9cord de 24 t\u00edtulos de Grand Slam, afirm\u00f3 este jueves que el tenis est\u00e1 atravesando una transici\u00f3n generacional palpable, pero asegur\u00f3 que el deporte seguir\u00e1 prosperando incluso cuando las grandes leyendas ya no est\u00e9n presentes. \u201cSe puede palpar que hay un cambio\u201d, dijo el serbio de 37 a\u00f1os en [&hellip;]\" \/>\n<meta property=\"og:url\" content=\"https:\/\/infoelnuevonorte.com\/?p=96446\" \/>\n<meta property=\"og:site_name\" content=\"El Nuevo Norte\" \/>\n<meta property=\"article:publisher\" content=\"https:\/\/www.facebook.com\/infoenn\" \/>\n<meta property=\"article:published_time\" content=\"2025-04-25T21:36:42+00:00\" \/>\n<meta property=\"article:modified_time\" content=\"2025-04-25T21:36:43+00:00\" \/>\n<meta property=\"og:image\" content=\"https:\/\/infoelnuevonorte.com\/wp-content\/uploads\/2025\/04\/3996881-81113328-2560-1440.png\" \/>\n\t<meta property=\"og:image:width\" content=\"1200\" \/>\n\t<meta property=\"og:image:height\" content=\"675\" \/>\n\t<meta property=\"og:image:type\" content=\"image\/png\" \/>\n<meta name=\"author\" content=\"T. R.\" \/>\n<meta name=\"twitter:card\" content=\"summary_large_image\" \/>\n<meta name=\"twitter:creator\" content=\"@Elnuevo_norte\" \/>\n<meta name=\"twitter:site\" content=\"@Elnuevo_norte\" \/>\n<meta name=\"twitter:label1\" content=\"Written by\" \/>\n\t<meta name=\"twitter:data1\" content=\"T. R.\" \/>\n\t<meta name=\"twitter:label2\" content=\"Est. reading time\" \/>\n\t<meta name=\"twitter:data2\" content=\"2 minutos\" \/>\n<script type=\"application\/ld+json\" class=\"yoast-schema-graph\">{\"@context\":\"https:\/\/schema.org\",\"@graph\":[{\"@type\":\"Article\",\"@id\":\"https:\/\/infoelnuevonorte.com\/?p=96446#article\",\"isPartOf\":{\"@id\":\"https:\/\/infoelnuevonorte.com\/?p=96446\"},\"author\":{\"name\":\"T. R.\",\"@id\":\"https:\/\/infoelnuevonorte.com\/#\/schema\/person\/3accb35eb55f55e96c492b52d085a403\"},\"headline\":\"Djokovic: \\\"La gente empieza a aceptar que ya no est\u00e1n Federer ni Nadal, y pronto tampoco estar\u00e9 yo\\\"\",\"datePublished\":\"2025-04-25T21:36:42+00:00\",\"dateModified\":\"2025-04-25T21:36:43+00:00\",\"mainEntityOfPage\":{\"@id\":\"https:\/\/infoelnuevonorte.com\/?p=96446\"},\"wordCount\":398,\"publisher\":{\"@id\":\"https:\/\/infoelnuevonorte.com\/#organization\"},\"articleSection\":[\"Deporte\",\"Tenis\"],\"inLanguage\":\"es-DO\"},{\"@type\":\"WebPage\",\"@id\":\"https:\/\/infoelnuevonorte.com\/?p=96446\",\"url\":\"https:\/\/infoelnuevonorte.com\/?p=96446\",\"name\":\"Djokovic: \\\"La gente empieza a aceptar que ya no est\u00e1n Federer ni Nadal, y pronto tampoco estar\u00e9 yo\\\" | El Nuevo Norte\",\"isPartOf\":{\"@id\":\"https:\/\/infoelnuevonorte.com\/#website\"},\"datePublished\":\"2025-04-25T21:36:42+00:00\",\"dateModified\":\"2025-04-25T21:36:43+00:00\",\"breadcrumb\":{\"@id\":\"https:\/\/infoelnuevonorte.com\/?p=96446#breadcrumb\"},\"inLanguage\":\"es-DO\",\"potentialAction\":[{\"@type\":\"ReadAction\",\"target\":[\"https:\/\/infoelnuevonorte.com\/?p=96446\"]}]},{\"@type\":\"BreadcrumbList\",\"@id\":\"https:\/\/infoelnuevonorte.com\/?p=96446#breadcrumb\",\"itemListElement\":[{\"@type\":\"ListItem\",\"position\":1,\"name\":\"Home\",\"item\":\"https:\/\/infoelnuevonorte.com\/\"},{\"@type\":\"ListItem\",\"position\":2,\"name\":\"Djokovic: \\\"La gente empieza a aceptar que ya no est\u00e1n Federer ni Nadal, y pronto tampoco estar\u00e9 yo\\\"\"}]},{\"@type\":\"WebSite\",\"@id\":\"https:\/\/infoelnuevonorte.com\/#website\",\"url\":\"https:\/\/infoelnuevonorte.com\/\",\"name\":\"InfoEnn\",\"description\":\"Tu Voz, tu Verdad, tu Diario!!!\",\"publisher\":{\"@id\":\"https:\/\/infoelnuevonorte.com\/#organization\"},\"alternateName\":\"El Nuevo Norte\",\"potentialAction\":[{\"@type\":\"SearchAction\",\"target\":{\"@type\":\"EntryPoint\",\"urlTemplate\":\"https:\/\/infoelnuevonorte.com\/?s={search_term_string}\"},\"query-input\":{\"@type\":\"PropertyValueSpecification\",\"valueRequired\":true,\"valueName\":\"search_term_string\"}}],\"inLanguage\":\"es-DO\"},{\"@type\":\"Organization\",\"@id\":\"https:\/\/infoelnuevonorte.com\/#organization\",\"name\":\"Info El Nuevo Norte\",\"alternateName\":\"El Nuevo Norte\",\"url\":\"https:\/\/infoelnuevonorte.com\/\",\"logo\":{\"@type\":\"ImageObject\",\"inLanguage\":\"es-DO\",\"@id\":\"https:\/\/infoelnuevonorte.com\/#\/schema\/logo\/image\/\",\"url\":\"https:\/\/infoelnuevonorte.com\/wp-content\/uploads\/2026\/02\/Logo-Info-enn-3d-20ani.jpeg\",\"contentUrl\":\"https:\/\/infoelnuevonorte.com\/wp-content\/uploads\/2026\/02\/Logo-Info-enn-3d-20ani.jpeg\",\"width\":2046,\"height\":736,\"caption\":\"Info El Nuevo Norte\"},\"image\":{\"@id\":\"https:\/\/infoelnuevonorte.com\/#\/schema\/logo\/image\/\"},\"sameAs\":[\"https:\/\/www.facebook.com\/infoenn\",\"https:\/\/x.com\/Elnuevo_norte\",\"https:\/\/www.instagram.com\/infoenn\",\"https:\/\/www.facebook.com\/ENNRD\"]},{\"@type\":\"Person\",\"@id\":\"https:\/\/infoelnuevonorte.com\/#\/schema\/person\/3accb35eb55f55e96c492b52d085a403\",\"name\":\"T. R.\",\"image\":{\"@type\":\"ImageObject\",\"inLanguage\":\"es-DO\",\"@id\":\"https:\/\/infoelnuevonorte.com\/#\/schema\/person\/image\/\",\"url\":\"https:\/\/secure.gravatar.com\/avatar\/40543a038bda97abdb765b1662e9677d?s=96&d=robohash&r=g\",\"contentUrl\":\"https:\/\/secure.gravatar.com\/avatar\/40543a038bda97abdb765b1662e9677d?s=96&d=robohash&r=g\",\"caption\":\"T. R.\"},\"url\":\"https:\/\/infoelnuevonorte.com\/?author=2\"}]}<\/script>\n<!-- \/ Yoast SEO plugin. -->","yoast_head_json":{"title":"Djokovic: \"La gente empieza a aceptar que ya no est\u00e1n Federer ni Nadal, y pronto tampoco estar\u00e9 yo\" | El Nuevo Norte","robots":{"index":"index","follow":"follow","max-snippet":"max-snippet:-1","max-image-preview":"max-image-preview:large","max-video-preview":"max-video-preview:-1"},"canonical":"https:\/\/infoelnuevonorte.com\/?p=96446","og_locale":"es_ES","og_type":"article","og_title":"Djokovic: \"La gente empieza a aceptar que ya no est\u00e1n Federer ni Nadal, y pronto tampoco estar\u00e9 yo\" | El Nuevo Norte","og_description":"MADRID. \u2014 Novak Djokovic, poseedor del r\u00e9cord de 24 t\u00edtulos de Grand Slam, afirm\u00f3 este jueves que el tenis est\u00e1 atravesando una transici\u00f3n generacional palpable, pero asegur\u00f3 que el deporte seguir\u00e1 prosperando incluso cuando las grandes leyendas ya no est\u00e9n presentes. \u201cSe puede palpar que hay un cambio\u201d, dijo el serbio de 37 a\u00f1os en [&hellip;]","og_url":"https:\/\/infoelnuevonorte.com\/?p=96446","og_site_name":"El Nuevo Norte","article_publisher":"https:\/\/www.facebook.com\/infoenn","article_published_time":"2025-04-25T21:36:42+00:00","article_modified_time":"2025-04-25T21:36:43+00:00","og_image":[{"width":1200,"height":675,"url":"https:\/\/infoelnuevonorte.com\/wp-content\/uploads\/2025\/04\/3996881-81113328-2560-1440.png","type":"image\/png"}],"author":"T. R.","twitter_card":"summary_large_image","twitter_creator":"@Elnuevo_norte","twitter_site":"@Elnuevo_norte","twitter_misc":{"Written by":"T. R.","Est. reading time":"2 minutos"},"schema":{"@context":"https:\/\/schema.org","@graph":[{"@type":"Article","@id":"https:\/\/infoelnuevonorte.com\/?p=96446#article","isPartOf":{"@id":"https:\/\/infoelnuevonorte.com\/?p=96446"},"author":{"name":"T. R.","@id":"https:\/\/infoelnuevonorte.com\/#\/schema\/person\/3accb35eb55f55e96c492b52d085a403"},"headline":"Djokovic: \"La gente empieza a aceptar que ya no est\u00e1n Federer ni Nadal, y pronto tampoco estar\u00e9 yo\"","datePublished":"2025-04-25T21:36:42+00:00","dateModified":"2025-04-25T21:36:43+00:00","mainEntityOfPage":{"@id":"https:\/\/infoelnuevonorte.com\/?p=96446"},"wordCount":398,"publisher":{"@id":"https:\/\/infoelnuevonorte.com\/#organization"},"articleSection":["Deporte","Tenis"],"inLanguage":"es-DO"},{"@type":"WebPage","@id":"https:\/\/infoelnuevonorte.com\/?p=96446","url":"https:\/\/infoelnuevonorte.com\/?p=96446","name":"Djokovic: \"La gente empieza a aceptar que ya no est\u00e1n Federer ni Nadal, y pronto tampoco estar\u00e9 yo\" | El Nuevo Norte","isPartOf":{"@id":"https:\/\/infoelnuevonorte.com\/#website"},"datePublished":"2025-04-25T21:36:42+00:00","dateModified":"2025-04-25T21:36:43+00:00","breadcrumb":{"@id":"https:\/\/infoelnuevonorte.com\/?p=96446#breadcrumb"},"inLanguage":"es-DO","potentialAction":[{"@type":"ReadAction","target":["https:\/\/infoelnuevonorte.com\/?p=96446"]}]},{"@type":"BreadcrumbList","@id":"https:\/\/infoelnuevonorte.com\/?p=96446#breadcrumb","itemListElement":[{"@type":"ListItem","position":1,"name":"Home","item":"https:\/\/infoelnuevonorte.com\/"},{"@type":"ListItem","position":2,"name":"Djokovic: \"La gente empieza a aceptar que ya no est\u00e1n Federer ni Nadal, y pronto tampoco estar\u00e9 yo\""}]},{"@type":"WebSite","@id":"https:\/\/infoelnuevonorte.com\/#website","url":"https:\/\/infoelnuevonorte.com\/","name":"InfoEnn","description":"Tu Voz, tu Verdad, tu Diario!!!","publisher":{"@id":"https:\/\/infoelnuevonorte.com\/#organization"},"alternateName":"El Nuevo Norte","potentialAction":[{"@type":"SearchAction","target":{"@type":"EntryPoint","urlTemplate":"https:\/\/infoelnuevonorte.com\/?s={search_term_string}"},"query-input":{"@type":"PropertyValueSpecification","valueRequired":true,"valueName":"search_term_string"}}],"inLanguage":"es-DO"},{"@type":"Organization","@id":"https:\/\/infoelnuevonorte.com\/#organization","name":"Info El Nuevo Norte","alternateName":"El Nuevo Norte","url":"https:\/\/infoelnuevonorte.com\/","logo":{"@type":"ImageObject","inLanguage":"es-DO","@id":"https:\/\/infoelnuevonorte.com\/#\/schema\/logo\/image\/","url":"https:\/\/infoelnuevonorte.com\/wp-content\/uploads\/2026\/02\/Logo-Info-enn-3d-20ani.jpeg","contentUrl":"https:\/\/infoelnuevonorte.com\/wp-content\/uploads\/2026\/02\/Logo-Info-enn-3d-20ani.jpeg","width":2046,"height":736,"caption":"Info El Nuevo Norte"},"image":{"@id":"https:\/\/infoelnuevonorte.com\/#\/schema\/logo\/image\/"},"sameAs":["https:\/\/www.facebook.com\/infoenn","https:\/\/x.com\/Elnuevo_norte","https:\/\/www.instagram.com\/infoenn","https:\/\/www.facebook.com\/ENNRD"]},{"@type":"Person","@id":"https:\/\/infoelnuevonorte.com\/#\/schema\/person\/3accb35eb55f55e96c492b52d085a403","name":"T. R.","image":{"@type":"ImageObject","inLanguage":"es-DO","@id":"https:\/\/infoelnuevonorte.com\/#\/schema\/person\/image\/","url":"https:\/\/secure.gravatar.com\/avatar\/40543a038bda97abdb765b1662e9677d?s=96&d=robohash&r=g","contentUrl":"https:\/\/secure.gravatar.com\/avatar\/40543a038bda97abdb765b1662e9677d?s=96&d=robohash&r=g","caption":"T. R."},"url":"https:\/\/infoelnuevonorte.com\/?author=2"}]}},"_links":{"self":[{"href":"https:\/\/infoelnuevonorte.com\/index.php?rest_route=\/wp\/v2\/posts\/96446"}],"collection":[{"href":"https:\/\/infoelnuevonorte.com\/index.php?rest_route=\/wp\/v2\/posts"}],"about":[{"href":"https:\/\/infoelnuevonorte.com\/index.php?rest_route=\/wp\/v2\/types\/post"}],"author":[{"embeddable":true,"href":"https:\/\/infoelnuevonorte.com\/index.php?rest_route=\/wp\/v2\/users\/2"}],"replies":[{"embeddable":true,"href":"https:\/\/infoelnuevonorte.com\/index.php?rest_route=%2Fwp%2Fv2%2Fcomments&post=96446"}],"version-history":[{"count":1,"href":"https:\/\/infoelnuevonorte.com\/index.php?rest_route=\/wp\/v2\/posts\/96446\/revisions"}],"predecessor-version":[{"id":96449,"href":"https:\/\/infoelnuevonorte.com\/index.php?rest_route=\/wp\/v2\/posts\/96446\/revisions\/96449"}],"wp:attachment":[{"href":"https:\/\/infoelnuevonorte.com\/index.php?rest_route=%2Fwp%2Fv2%2Fmedia&parent=96446"}],"wp:term":[{"taxonomy":"category","embeddable":true,"href":"https:\/\/infoelnuevonorte.com\/index.php?rest_route=%2Fwp%2Fv2%2Fcategories&post=96446"},{"taxonomy":"post_tag","embeddable":true,"href":"https:\/\/infoelnuevonorte.com\/index.php?rest_route=%2Fwp%2Fv2%2Ftags&post=96446"}],"curies":[{"name":"wp","href":"https:\/\/api.w.org\/{rel}","templated":true}]}}