{"id":96541,"date":"2025-04-26T07:12:39","date_gmt":"2025-04-26T11:12:39","guid":{"rendered":"https:\/\/infoelnuevonorte.com\/?p=96541"},"modified":"2025-04-26T07:12:41","modified_gmt":"2025-04-26T11:12:41","slug":"mas-de-130-delegaciones-y-jefes-de-estado-llegan-a-roma-para-despedir-al-papa-francisco","status":"publish","type":"post","link":"https:\/\/infoelnuevonorte.com\/?p=96541","title":{"rendered":"M\u00e1s de 130 delegaciones y jefes de Estado llegan a Roma para despedir al papa Francisco"},"content":{"rendered":"<!--[if lt IE 9]><script>document.createElement('audio');<\/script><![endif]-->\n<audio class=\"wp-audio-shortcode\" id=\"audio-96541-1\" preload=\"none\" style=\"width: 100%;\" controls=\"controls\"><source type=\"audio\/mpeg\" src=\"https:\/\/infoelnuevonorte.com\/wp-content\/uploads\/2025\/04\/ttsmaker-vip-file-2025-4-26-7-12-8.mp3?_=1\" \/><a href=\"https:\/\/infoelnuevonorte.com\/wp-content\/uploads\/2025\/04\/ttsmaker-vip-file-2025-4-26-7-12-8.mp3\">https:\/\/infoelnuevonorte.com\/wp-content\/uploads\/2025\/04\/ttsmaker-vip-file-2025-4-26-7-12-8.mp3<\/a><\/audio>\n<p style=\"text-align: justify;\">Una de las mayores concentraciones de <strong>l\u00edderes mundiales<\/strong> del siglo XXI se registra este fin de semana en <strong>Roma<\/strong>, con motivo del <strong>funeral del papa Francisco<\/strong>, fallecido el pasado lunes a los <strong>88 a\u00f1os<\/strong>.<\/p>\n<p style=\"text-align: justify;\">Al menos <strong>50 jefes de Estado y de Gobierno<\/strong>, junto a <strong>diez monarcas reinantes<\/strong> y <strong>130 delegaciones internacionales<\/strong>, han confirmado su presencia en la <strong>Plaza de San Pedro<\/strong>, donde este s\u00e1bado 26 de abril se celebra la <strong>misa f\u00fanebre<\/strong> del primer <strong>papa latinoamericano<\/strong> de la historia.<\/p>\n<p style=\"text-align: justify;\">Desde <strong>Estados Unidos<\/strong>, el <strong>presidente Donald Trump<\/strong> parti\u00f3 este viernes rumbo a Roma en su primer viaje internacional desde el inicio de su segundo mandato. Viaj\u00f3 acompa\u00f1ado de la <strong>primera dama, Melania Trump<\/strong>, y adelant\u00f3 a la prensa que aprovechar\u00e1 su estad\u00eda para reunirse con \u201cmuchos l\u00edderes extranjeros\u201d. En sus declaraciones, tambi\u00e9n coment\u00f3 que ve avances en las negociaciones de paz entre <strong>Rusia y Ucrania<\/strong>, aunque reconoci\u00f3 que la situaci\u00f3n sigue siendo \u201cmuy fr\u00e1gil\u201d.<\/p>\n<p style=\"text-align: justify;\">Desde <strong>Am\u00e9rica Latina<\/strong>, tambi\u00e9n han viajado a Roma el <strong>presidente de Argentina, Javier Milei<\/strong>, junto a su hermana y varios ministros; el <strong>presidente de Brasil, Luiz In\u00e1cio Lula da Silva<\/strong>, con su esposa; el <strong>presidente de Ecuador, Daniel Noboa<\/strong>, y el <strong>mandatario dominicano Luis Abinader<\/strong>, acompa\u00f1ado de la primera dama <strong>Raquel Arbaje<\/strong> y una delegaci\u00f3n oficial.<\/p>\n<p style=\"text-align: justify;\"><img loading=\"lazy\" decoding=\"async\" class=\"alignnone \" src=\"https:\/\/NDIGITAL.b-cdn.net\/ABRIL%202025\/Abinader-y-Raquel-salen-a-Roma-a-funerales-del-papa-Francisco-1024x655.jpeg\" width=\"689\" height=\"441\" \/><\/p>\n<p style=\"text-align: justify;\">Otros pa\u00edses del continente han enviado delegaciones de alto nivel, como <strong>M\u00e9xico<\/strong>, representado por la secretaria de Gobernaci\u00f3n, <strong>Rosa Icela Rodr\u00edguez<\/strong>, y <strong>Chile<\/strong>, que envi\u00f3 al canciller <strong>Alberto van Klaveren<\/strong> y a l\u00edderes del Congreso. <strong>Venezuela<\/strong>, por su parte, estar\u00e1 representada por el canciller <strong>Yv\u00e1n Gil<\/strong> y la alcaldesa de Caracas, <strong>Carmen Mel\u00e9ndez<\/strong>. <strong>Uruguay<\/strong>, <strong>Colombia<\/strong> y <strong>Paraguay<\/strong> tambi\u00e9n confirmaron representaci\u00f3n oficial.<\/p>\n<p style=\"text-align: justify;\">Desde <strong>Europa<\/strong>, la lista incluye a figuras clave como el <strong>rey Felipe VI<\/strong> y la <strong>reina Letizia de Espa\u00f1a<\/strong>; el <strong>presidente de Francia<\/strong>, <strong>Emmanuel Macron<\/strong>; el <strong>pr\u00edncipe Guillermo del Reino Unido<\/strong>, en representaci\u00f3n del rey Carlos III; el <strong>presidente de Alemania<\/strong>, <strong>Frank Walter Steinmeier<\/strong>; y los presidentes de <strong>Polonia<\/strong>, <strong>Italia<\/strong>, <strong>Portugal<\/strong>, <strong>Irlanda<\/strong>, <strong>Ucrania<\/strong> y <strong>Eslovaquia<\/strong>, entre otros. Tambi\u00e9n estar\u00e1n presentes los l\u00edderes de instituciones europeas como <strong>Ursula von der Leyen<\/strong>, <strong>Ant\u00f3nio Costa<\/strong> y <strong>Roberta Metsola<\/strong>.<\/p>\n<p style=\"text-align: justify;\">En representaci\u00f3n de la <strong>ONU<\/strong>, asistir\u00e1 su secretario general, <strong>Ant\u00f3nio Guterres<\/strong>. <strong>China<\/strong> expres\u00f3 sus condolencias, aunque no ha confirmado delegaci\u00f3n. En cambio, <strong>Taiw\u00e1n<\/strong> s\u00ed enviar\u00e1 representantes y declar\u00f3 duelo oficial. El <strong>Kremlin<\/strong> confirm\u00f3 que el presidente <strong>Vladimir Putin<\/strong> no asistir\u00e1.<\/p>\n<p style=\"text-align: justify;\"><img loading=\"lazy\" decoding=\"async\" class=\"alignnone \" src=\"https:\/\/NDIGITAL.b-cdn.net\/ABRIL%202025\/rss-efecf451d9c3a1c0a03e77e07f5c607960e58c9b4a1w.webp\" width=\"685\" height=\"457\" \/><\/p>\n<p style=\"text-align: justify;\">El evento ha motivado un <strong>despliegue de seguridad sin precedentes<\/strong> en Roma, con m\u00e1s de <strong>4.000 agentes<\/strong> desplegados, <strong>zona de exclusi\u00f3n a\u00e9rea<\/strong>, <strong>francotiradores<\/strong>, <strong>sistemas antidrones<\/strong> y <strong>aviones militares Eurofighter<\/strong> patrullando el espacio a\u00e9reo. Tambi\u00e9n se reforz\u00f3 la vigilancia mar\u00edtima en las costas de <strong>Fiumicino<\/strong>, por donde llegan muchas de las delegaciones.<\/p>\n<p style=\"text-align: justify;\">La <strong>ceremonia f\u00fanebre<\/strong> se celebrar\u00e1 a las <strong>10:00 de la ma\u00f1ana (hora local)<\/strong> en la <strong>Plaza de San Pedro<\/strong>, presidida por el cardenal Giovanni Battista Re. Tras la misa, el cuerpo del pont\u00edfice ser\u00e1 trasladado para recibir sepultura en la <strong>Bas\u00edlica de Santa Mar\u00eda la Mayor<\/strong>, donde Francisco pidi\u00f3 descansar cerca de la imagen de la <strong>Salus Populi Romani<\/strong>, a la que dedic\u00f3 numerosas oraciones durante su pontificado.<\/p>\n<p style=\"text-align: justify;\">El funeral ser\u00e1 transmitido en directo por cadenas de televisi\u00f3n de todo el mundo y marcar\u00e1 un <strong>momento hist\u00f3rico<\/strong> tanto por el legado del papa Francisco como por la dimensi\u00f3n pol\u00edtica y espiritual de su despedida.<\/p>\n","protected":false},"excerpt":{"rendered":"<p>Una de las mayores concentraciones de l\u00edderes mundiales del siglo XXI se registra este fin de semana en Roma, con motivo del funeral del papa Francisco, fallecido el pasado lunes a los 88 a\u00f1os. Al menos 50 jefes de Estado y de Gobierno, junto a diez monarcas reinantes y 130 delegaciones internacionales, han confirmado su [&hellip;]<\/p>\n","protected":false},"author":1,"featured_media":0,"comment_status":"closed","ping_status":"open","sticky":false,"template":"","format":"standard","meta":{"footnotes":""},"categories":[9],"tags":[],"yoast_head":"<!-- This site is optimized with the Yoast SEO plugin v24.5 - https:\/\/yoast.com\/wordpress\/plugins\/seo\/ -->\n<title>M\u00e1s de 130 delegaciones y jefes de Estado llegan a Roma para despedir al papa Francisco | El Nuevo Norte<\/title>\n<meta name=\"robots\" content=\"index, follow, max-snippet:-1, max-image-preview:large, max-video-preview:-1\" \/>\n<link rel=\"canonical\" href=\"https:\/\/infoelnuevonorte.com\/?p=96541\" \/>\n<meta property=\"og:locale\" content=\"es_ES\" \/>\n<meta property=\"og:type\" content=\"article\" \/>\n<meta property=\"og:title\" content=\"M\u00e1s de 130 delegaciones y jefes de Estado llegan a Roma para despedir al papa Francisco | El Nuevo Norte\" \/>\n<meta property=\"og:description\" content=\"Una de las mayores concentraciones de l\u00edderes mundiales del siglo XXI se registra este fin de semana en Roma, con motivo del funeral del papa Francisco, fallecido el pasado lunes a los 88 a\u00f1os. Al menos 50 jefes de Estado y de Gobierno, junto a diez monarcas reinantes y 130 delegaciones internacionales, han confirmado su [&hellip;]\" \/>\n<meta property=\"og:url\" content=\"https:\/\/infoelnuevonorte.com\/?p=96541\" \/>\n<meta property=\"og:site_name\" content=\"El Nuevo Norte\" \/>\n<meta property=\"article:publisher\" content=\"https:\/\/www.facebook.com\/infoenn\" \/>\n<meta property=\"article:published_time\" content=\"2025-04-26T11:12:39+00:00\" \/>\n<meta property=\"article:modified_time\" content=\"2025-04-26T11:12:41+00:00\" \/>\n<meta property=\"og:image\" content=\"https:\/\/infoelnuevonorte.com\/wp-content\/uploads\/2025\/04\/250423-pope-mb-0919-47b78e.webp\" \/>\n\t<meta property=\"og:image:width\" content=\"760\" \/>\n\t<meta property=\"og:image:height\" content=\"506\" \/>\n\t<meta property=\"og:image:type\" content=\"image\/webp\" \/>\n<meta name=\"author\" content=\"InfoEnn\" \/>\n<meta name=\"twitter:card\" content=\"summary_large_image\" \/>\n<meta name=\"twitter:creator\" content=\"@Elnuevo_norte\" \/>\n<meta name=\"twitter:site\" content=\"@Elnuevo_norte\" \/>\n<meta name=\"twitter:label1\" content=\"Written by\" \/>\n\t<meta name=\"twitter:data1\" content=\"InfoEnn\" \/>\n\t<meta name=\"twitter:label2\" content=\"Est. reading time\" \/>\n\t<meta name=\"twitter:data2\" content=\"4 minutos\" \/>\n<script type=\"application\/ld+json\" class=\"yoast-schema-graph\">{\"@context\":\"https:\/\/schema.org\",\"@graph\":[{\"@type\":\"Article\",\"@id\":\"https:\/\/infoelnuevonorte.com\/?p=96541#article\",\"isPartOf\":{\"@id\":\"https:\/\/infoelnuevonorte.com\/?p=96541\"},\"author\":{\"name\":\"InfoEnn\",\"@id\":\"https:\/\/infoelnuevonorte.com\/#\/schema\/person\/fd4f6d90afe41260818b4ea94ad8ab84\"},\"headline\":\"M\u00e1s de 130 delegaciones y jefes de Estado llegan a Roma para despedir al papa Francisco\",\"datePublished\":\"2025-04-26T11:12:39+00:00\",\"dateModified\":\"2025-04-26T11:12:41+00:00\",\"mainEntityOfPage\":{\"@id\":\"https:\/\/infoelnuevonorte.com\/?p=96541\"},\"wordCount\":616,\"publisher\":{\"@id\":\"https:\/\/infoelnuevonorte.com\/#organization\"},\"image\":{\"@id\":\"https:\/\/infoelnuevonorte.com\/?p=96541#primaryimage\"},\"thumbnailUrl\":\"https:\/\/NDIGITAL.b-cdn.net\/ABRIL%202025\/Abinader-y-Raquel-salen-a-Roma-a-funerales-del-papa-Francisco-1024x655.jpeg\",\"articleSection\":[\"Mundiales\"],\"inLanguage\":\"es-DO\"},{\"@type\":\"WebPage\",\"@id\":\"https:\/\/infoelnuevonorte.com\/?p=96541\",\"url\":\"https:\/\/infoelnuevonorte.com\/?p=96541\",\"name\":\"M\u00e1s de 130 delegaciones y jefes de Estado llegan a Roma para despedir al papa Francisco | El Nuevo Norte\",\"isPartOf\":{\"@id\":\"https:\/\/infoelnuevonorte.com\/#website\"},\"primaryImageOfPage\":{\"@id\":\"https:\/\/infoelnuevonorte.com\/?p=96541#primaryimage\"},\"image\":{\"@id\":\"https:\/\/infoelnuevonorte.com\/?p=96541#primaryimage\"},\"thumbnailUrl\":\"https:\/\/NDIGITAL.b-cdn.net\/ABRIL%202025\/Abinader-y-Raquel-salen-a-Roma-a-funerales-del-papa-Francisco-1024x655.jpeg\",\"datePublished\":\"2025-04-26T11:12:39+00:00\",\"dateModified\":\"2025-04-26T11:12:41+00:00\",\"breadcrumb\":{\"@id\":\"https:\/\/infoelnuevonorte.com\/?p=96541#breadcrumb\"},\"inLanguage\":\"es-DO\",\"potentialAction\":[{\"@type\":\"ReadAction\",\"target\":[\"https:\/\/infoelnuevonorte.com\/?p=96541\"]}]},{\"@type\":\"ImageObject\",\"inLanguage\":\"es-DO\",\"@id\":\"https:\/\/infoelnuevonorte.com\/?p=96541#primaryimage\",\"url\":\"https:\/\/NDIGITAL.b-cdn.net\/ABRIL%202025\/Abinader-y-Raquel-salen-a-Roma-a-funerales-del-papa-Francisco-1024x655.jpeg\",\"contentUrl\":\"https:\/\/NDIGITAL.b-cdn.net\/ABRIL%202025\/Abinader-y-Raquel-salen-a-Roma-a-funerales-del-papa-Francisco-1024x655.jpeg\"},{\"@type\":\"BreadcrumbList\",\"@id\":\"https:\/\/infoelnuevonorte.com\/?p=96541#breadcrumb\",\"itemListElement\":[{\"@type\":\"ListItem\",\"position\":1,\"name\":\"Home\",\"item\":\"https:\/\/infoelnuevonorte.com\/\"},{\"@type\":\"ListItem\",\"position\":2,\"name\":\"M\u00e1s de 130 delegaciones y jefes de Estado llegan a Roma para despedir al papa Francisco\"}]},{\"@type\":\"WebSite\",\"@id\":\"https:\/\/infoelnuevonorte.com\/#website\",\"url\":\"https:\/\/infoelnuevonorte.com\/\",\"name\":\"InfoEnn\",\"description\":\"Tu Voz, tu Verdad, tu Diario!!!\",\"publisher\":{\"@id\":\"https:\/\/infoelnuevonorte.com\/#organization\"},\"alternateName\":\"El Nuevo Norte\",\"potentialAction\":[{\"@type\":\"SearchAction\",\"target\":{\"@type\":\"EntryPoint\",\"urlTemplate\":\"https:\/\/infoelnuevonorte.com\/?s={search_term_string}\"},\"query-input\":{\"@type\":\"PropertyValueSpecification\",\"valueRequired\":true,\"valueName\":\"search_term_string\"}}],\"inLanguage\":\"es-DO\"},{\"@type\":\"Organization\",\"@id\":\"https:\/\/infoelnuevonorte.com\/#organization\",\"name\":\"Info El Nuevo Norte\",\"alternateName\":\"El Nuevo Norte\",\"url\":\"https:\/\/infoelnuevonorte.com\/\",\"logo\":{\"@type\":\"ImageObject\",\"inLanguage\":\"es-DO\",\"@id\":\"https:\/\/infoelnuevonorte.com\/#\/schema\/logo\/image\/\",\"url\":\"https:\/\/infoelnuevonorte.com\/wp-content\/uploads\/2026\/02\/Logo-Info-enn-3d-20ani.jpeg\",\"contentUrl\":\"https:\/\/infoelnuevonorte.com\/wp-content\/uploads\/2026\/02\/Logo-Info-enn-3d-20ani.jpeg\",\"width\":2046,\"height\":736,\"caption\":\"Info El Nuevo Norte\"},\"image\":{\"@id\":\"https:\/\/infoelnuevonorte.com\/#\/schema\/logo\/image\/\"},\"sameAs\":[\"https:\/\/www.facebook.com\/infoenn\",\"https:\/\/x.com\/Elnuevo_norte\",\"https:\/\/www.instagram.com\/infoenn\",\"https:\/\/www.facebook.com\/ENNRD\"]},{\"@type\":\"Person\",\"@id\":\"https:\/\/infoelnuevonorte.com\/#\/schema\/person\/fd4f6d90afe41260818b4ea94ad8ab84\",\"name\":\"InfoEnn\",\"image\":{\"@type\":\"ImageObject\",\"inLanguage\":\"es-DO\",\"@id\":\"https:\/\/infoelnuevonorte.com\/#\/schema\/person\/image\/\",\"url\":\"https:\/\/secure.gravatar.com\/avatar\/d4d760a41a48ba9db0a82bfb63bb0783?s=96&d=robohash&r=g\",\"contentUrl\":\"https:\/\/secure.gravatar.com\/avatar\/d4d760a41a48ba9db0a82bfb63bb0783?s=96&d=robohash&r=g\",\"caption\":\"InfoEnn\"},\"sameAs\":[\"https:\/\/infoelnuevonorte.com\"],\"url\":\"https:\/\/infoelnuevonorte.com\/?author=1\"}]}<\/script>\n<!-- \/ Yoast SEO plugin. -->","yoast_head_json":{"title":"M\u00e1s de 130 delegaciones y jefes de Estado llegan a Roma para despedir al papa Francisco | El Nuevo Norte","robots":{"index":"index","follow":"follow","max-snippet":"max-snippet:-1","max-image-preview":"max-image-preview:large","max-video-preview":"max-video-preview:-1"},"canonical":"https:\/\/infoelnuevonorte.com\/?p=96541","og_locale":"es_ES","og_type":"article","og_title":"M\u00e1s de 130 delegaciones y jefes de Estado llegan a Roma para despedir al papa Francisco | El Nuevo Norte","og_description":"Una de las mayores concentraciones de l\u00edderes mundiales del siglo XXI se registra este fin de semana en Roma, con motivo del funeral del papa Francisco, fallecido el pasado lunes a los 88 a\u00f1os. Al menos 50 jefes de Estado y de Gobierno, junto a diez monarcas reinantes y 130 delegaciones internacionales, han confirmado su [&hellip;]","og_url":"https:\/\/infoelnuevonorte.com\/?p=96541","og_site_name":"El Nuevo Norte","article_publisher":"https:\/\/www.facebook.com\/infoenn","article_published_time":"2025-04-26T11:12:39+00:00","article_modified_time":"2025-04-26T11:12:41+00:00","og_image":[{"width":760,"height":506,"url":"https:\/\/infoelnuevonorte.com\/wp-content\/uploads\/2025\/04\/250423-pope-mb-0919-47b78e.webp","type":"image\/webp"}],"author":"InfoEnn","twitter_card":"summary_large_image","twitter_creator":"@Elnuevo_norte","twitter_site":"@Elnuevo_norte","twitter_misc":{"Written by":"InfoEnn","Est. reading time":"4 minutos"},"schema":{"@context":"https:\/\/schema.org","@graph":[{"@type":"Article","@id":"https:\/\/infoelnuevonorte.com\/?p=96541#article","isPartOf":{"@id":"https:\/\/infoelnuevonorte.com\/?p=96541"},"author":{"name":"InfoEnn","@id":"https:\/\/infoelnuevonorte.com\/#\/schema\/person\/fd4f6d90afe41260818b4ea94ad8ab84"},"headline":"M\u00e1s de 130 delegaciones y jefes de Estado llegan a Roma para despedir al papa Francisco","datePublished":"2025-04-26T11:12:39+00:00","dateModified":"2025-04-26T11:12:41+00:00","mainEntityOfPage":{"@id":"https:\/\/infoelnuevonorte.com\/?p=96541"},"wordCount":616,"publisher":{"@id":"https:\/\/infoelnuevonorte.com\/#organization"},"image":{"@id":"https:\/\/infoelnuevonorte.com\/?p=96541#primaryimage"},"thumbnailUrl":"https:\/\/NDIGITAL.b-cdn.net\/ABRIL%202025\/Abinader-y-Raquel-salen-a-Roma-a-funerales-del-papa-Francisco-1024x655.jpeg","articleSection":["Mundiales"],"inLanguage":"es-DO"},{"@type":"WebPage","@id":"https:\/\/infoelnuevonorte.com\/?p=96541","url":"https:\/\/infoelnuevonorte.com\/?p=96541","name":"M\u00e1s de 130 delegaciones y jefes de Estado llegan a Roma para despedir al papa Francisco | El Nuevo Norte","isPartOf":{"@id":"https:\/\/infoelnuevonorte.com\/#website"},"primaryImageOfPage":{"@id":"https:\/\/infoelnuevonorte.com\/?p=96541#primaryimage"},"image":{"@id":"https:\/\/infoelnuevonorte.com\/?p=96541#primaryimage"},"thumbnailUrl":"https:\/\/NDIGITAL.b-cdn.net\/ABRIL%202025\/Abinader-y-Raquel-salen-a-Roma-a-funerales-del-papa-Francisco-1024x655.jpeg","datePublished":"2025-04-26T11:12:39+00:00","dateModified":"2025-04-26T11:12:41+00:00","breadcrumb":{"@id":"https:\/\/infoelnuevonorte.com\/?p=96541#breadcrumb"},"inLanguage":"es-DO","potentialAction":[{"@type":"ReadAction","target":["https:\/\/infoelnuevonorte.com\/?p=96541"]}]},{"@type":"ImageObject","inLanguage":"es-DO","@id":"https:\/\/infoelnuevonorte.com\/?p=96541#primaryimage","url":"https:\/\/NDIGITAL.b-cdn.net\/ABRIL%202025\/Abinader-y-Raquel-salen-a-Roma-a-funerales-del-papa-Francisco-1024x655.jpeg","contentUrl":"https:\/\/NDIGITAL.b-cdn.net\/ABRIL%202025\/Abinader-y-Raquel-salen-a-Roma-a-funerales-del-papa-Francisco-1024x655.jpeg"},{"@type":"BreadcrumbList","@id":"https:\/\/infoelnuevonorte.com\/?p=96541#breadcrumb","itemListElement":[{"@type":"ListItem","position":1,"name":"Home","item":"https:\/\/infoelnuevonorte.com\/"},{"@type":"ListItem","position":2,"name":"M\u00e1s de 130 delegaciones y jefes de Estado llegan a Roma para despedir al papa Francisco"}]},{"@type":"WebSite","@id":"https:\/\/infoelnuevonorte.com\/#website","url":"https:\/\/infoelnuevonorte.com\/","name":"InfoEnn","description":"Tu Voz, tu Verdad, tu Diario!!!","publisher":{"@id":"https:\/\/infoelnuevonorte.com\/#organization"},"alternateName":"El Nuevo Norte","potentialAction":[{"@type":"SearchAction","target":{"@type":"EntryPoint","urlTemplate":"https:\/\/infoelnuevonorte.com\/?s={search_term_string}"},"query-input":{"@type":"PropertyValueSpecification","valueRequired":true,"valueName":"search_term_string"}}],"inLanguage":"es-DO"},{"@type":"Organization","@id":"https:\/\/infoelnuevonorte.com\/#organization","name":"Info El Nuevo Norte","alternateName":"El Nuevo Norte","url":"https:\/\/infoelnuevonorte.com\/","logo":{"@type":"ImageObject","inLanguage":"es-DO","@id":"https:\/\/infoelnuevonorte.com\/#\/schema\/logo\/image\/","url":"https:\/\/infoelnuevonorte.com\/wp-content\/uploads\/2026\/02\/Logo-Info-enn-3d-20ani.jpeg","contentUrl":"https:\/\/infoelnuevonorte.com\/wp-content\/uploads\/2026\/02\/Logo-Info-enn-3d-20ani.jpeg","width":2046,"height":736,"caption":"Info El Nuevo Norte"},"image":{"@id":"https:\/\/infoelnuevonorte.com\/#\/schema\/logo\/image\/"},"sameAs":["https:\/\/www.facebook.com\/infoenn","https:\/\/x.com\/Elnuevo_norte","https:\/\/www.instagram.com\/infoenn","https:\/\/www.facebook.com\/ENNRD"]},{"@type":"Person","@id":"https:\/\/infoelnuevonorte.com\/#\/schema\/person\/fd4f6d90afe41260818b4ea94ad8ab84","name":"InfoEnn","image":{"@type":"ImageObject","inLanguage":"es-DO","@id":"https:\/\/infoelnuevonorte.com\/#\/schema\/person\/image\/","url":"https:\/\/secure.gravatar.com\/avatar\/d4d760a41a48ba9db0a82bfb63bb0783?s=96&d=robohash&r=g","contentUrl":"https:\/\/secure.gravatar.com\/avatar\/d4d760a41a48ba9db0a82bfb63bb0783?s=96&d=robohash&r=g","caption":"InfoEnn"},"sameAs":["https:\/\/infoelnuevonorte.com"],"url":"https:\/\/infoelnuevonorte.com\/?author=1"}]}},"_links":{"self":[{"href":"https:\/\/infoelnuevonorte.com\/index.php?rest_route=\/wp\/v2\/posts\/96541"}],"collection":[{"href":"https:\/\/infoelnuevonorte.com\/index.php?rest_route=\/wp\/v2\/posts"}],"about":[{"href":"https:\/\/infoelnuevonorte.com\/index.php?rest_route=\/wp\/v2\/types\/post"}],"author":[{"embeddable":true,"href":"https:\/\/infoelnuevonorte.com\/index.php?rest_route=\/wp\/v2\/users\/1"}],"replies":[{"embeddable":true,"href":"https:\/\/infoelnuevonorte.com\/index.php?rest_route=%2Fwp%2Fv2%2Fcomments&post=96541"}],"version-history":[{"count":1,"href":"https:\/\/infoelnuevonorte.com\/index.php?rest_route=\/wp\/v2\/posts\/96541\/revisions"}],"predecessor-version":[{"id":96544,"href":"https:\/\/infoelnuevonorte.com\/index.php?rest_route=\/wp\/v2\/posts\/96541\/revisions\/96544"}],"wp:attachment":[{"href":"https:\/\/infoelnuevonorte.com\/index.php?rest_route=%2Fwp%2Fv2%2Fmedia&parent=96541"}],"wp:term":[{"taxonomy":"category","embeddable":true,"href":"https:\/\/infoelnuevonorte.com\/index.php?rest_route=%2Fwp%2Fv2%2Fcategories&post=96541"},{"taxonomy":"post_tag","embeddable":true,"href":"https:\/\/infoelnuevonorte.com\/index.php?rest_route=%2Fwp%2Fv2%2Ftags&post=96541"}],"curies":[{"name":"wp","href":"https:\/\/api.w.org\/{rel}","templated":true}]}}