{"id":98823,"date":"2025-05-04T10:22:37","date_gmt":"2025-05-04T14:22:37","guid":{"rendered":"https:\/\/infoelnuevonorte.com\/?p=98823"},"modified":"2025-05-04T10:22:38","modified_gmt":"2025-05-04T14:22:38","slug":"polemica-en-redes-por-color-de-piel-del-representante-dominicano-ante-la-onu-haitiano-o-dominicano","status":"publish","type":"post","link":"https:\/\/infoelnuevonorte.com\/?p=98823","title":{"rendered":"Pol\u00e9mica en redes por color de piel del representante dominicano ante la ONU: \u00bfHaitiano o dominicano?"},"content":{"rendered":"<!--[if lt IE 9]><script>document.createElement('audio');<\/script><![endif]-->\n<audio class=\"wp-audio-shortcode\" id=\"audio-98823-1\" preload=\"none\" style=\"width: 100%;\" controls=\"controls\"><source type=\"audio\/mpeg\" src=\"https:\/\/infoelnuevonorte.com\/wp-content\/uploads\/2025\/05\/ttsmaker-vip-file-2025-5-4-10-18-13.mp3?_=1\" \/><a href=\"https:\/\/infoelnuevonorte.com\/wp-content\/uploads\/2025\/05\/ttsmaker-vip-file-2025-5-4-10-18-13.mp3\">https:\/\/infoelnuevonorte.com\/wp-content\/uploads\/2025\/05\/ttsmaker-vip-file-2025-5-4-10-18-13.mp3<\/a><\/audio>\n<p style=\"text-align: justify;\">SANTO DOMINGO.\u2013 Un intenso debate ha estallado en las redes sociales luego de que se difundiera la imagen del joven Harold Zances Mojica, representante de la Rep\u00fablica Dominicana ante la ONU en el Youth Forum ECOSOC 2025, debido exclusivamente a su color de piel.<\/p>\n<p style=\"text-align: justify;\">Numerosos usuarios, sin verificar su nacionalidad, han cuestionado su dominicanidad e incluso lo han calificado err\u00f3neamente como haitiano, generando comentarios cargados de prejuicio racial y xenofobia, mientras otros han defendido con firmeza su derecho a representar al pa\u00eds.<\/p>\n<figure id=\"attachment_98827\" aria-describedby=\"caption-attachment-98827\" style=\"width: 200px\" class=\"wp-caption alignleft\"><img loading=\"lazy\" decoding=\"async\" class=\"size-full wp-image-98827\" src=\"https:\/\/infoelnuevonorte.com\/wp-content\/uploads\/2025\/05\/WhatsApp-Image-2025-05-04-at-10.13.10-AM.jpeg\" alt=\"\" width=\"200\" height=\"200\" \/><figcaption id=\"caption-attachment-98827\" class=\"wp-caption-text\">Zances Mojica<\/figcaption><\/figure>\n<p style=\"text-align: justify;\">Zances Mojica fue seleccionado por sus m\u00e9ritos acad\u00e9micos y trayectoria de liderazgo juvenil. Sin embargo, para muchos cr\u00edticos en redes, el tono de su piel fue suficiente para dudar de su identidad como dominicano, ignorando el car\u00e1cter multi\u00e9tnico del pueblo dominicano.<\/p>\n<p style=\"text-align: justify;\">El tema ha provocado reacciones divididas. Por un lado, quienes consideran inaceptable que en pleno siglo XXI se cuestione la identidad de un ciudadano por su color de piel; y por otro, quienes politizan el tema con tintes nacionalistas, exigiendo al Estado dominicano \u201celegir mejor\u201d a sus representantes.<\/p>\n<p style=\"text-align: justify;\">La pol\u00e9mica ha revivido viejos debates sobre el racismo, la identidad nacional y el anti-haitianismo en sectores de la sociedad dominicana.<\/p>\n<p style=\"text-align: justify;\">Y t\u00fa, \u00bfqu\u00e9 piensas? \u00bfDebe una persona ser cuestionada por su apariencia aunque haya nacido, crecido y trabajado por su pa\u00eds?.<\/p>\n\n\n<figure class=\"wp-block-video\"><video controls src=\"https:\/\/infoelnuevonorte.com\/wp-content\/uploads\/2025\/05\/medio-h.mp4\"><\/video><\/figure>\n\n\n<p>\u2014\u2014\u2014\u2014\u2014\u2014\u2014\u2014\u2014\u2014\u2014\u2014\u2014\u2014\u2014\u2014\u2014\u2014\u2014\u2014\u2014\u2014\u2014\u2014\u2014\u2014\u2014\u2014\u2014\u2014\u2014\u2014\u2014\u2014\u2014\u2014\u2014\u2014\u2014<br \/>\ud83d\udcf2 \u00bfTienes una denuncia o deseas promocionar tu negocio?<br \/>Cont\u00e1ctanos al 809-853-5020<\/p>\n<p>\ud83d\udccc S\u00edguenos tambi\u00e9n en nuestro canal de WhatsApp para recibir noticias directas y confiables.<br \/>\ud83d\ude4f \u00a1Tu apoyo es importante!<\/p>\n<p>DESCARGAR NUESTRA APP -INFO ENN- en iOS &amp; Android \ud83d\udcf1 https:\/\/infoelnuevonorte.com\/?page_id=26745<\/p>\n<p>\u00danete a nuestros canales<br \/>Whatsapp https:\/\/whatsapp.com\/channel\/0029Va88WGP2ER6ZxD6TCa3U<br \/>Telegram https:\/\/t.me\/infoenn<br \/>Instagram https:\/\/instagram.com\/noticiasenn1?r=nametag<br \/>Facebook https:\/\/www.facebook.com\/infoenn<br \/>Threads https:\/\/www.threads.net\/@noticiasenn1<br \/>YouTube https:\/\/www.youtube.com\/channel\/UCZZJg_scU1p_c6cvyCHY48A<\/p>","protected":false},"excerpt":{"rendered":"<p>SANTO DOMINGO.\u2013 Un intenso debate ha estallado en las redes sociales luego de que se difundiera la imagen del joven Harold Zances Mojica, representante de la Rep\u00fablica Dominicana ante la ONU en el Youth Forum ECOSOC 2025, debido exclusivamente a su color de piel. Numerosos usuarios, sin verificar su nacionalidad, han cuestionado su dominicanidad e [&hellip;]<\/p>\n","protected":false},"author":1,"featured_media":0,"comment_status":"closed","ping_status":"open","sticky":false,"template":"","format":"standard","meta":{"footnotes":""},"categories":[8,18],"tags":[],"yoast_head":"<!-- This site is optimized with the Yoast SEO plugin v24.5 - https:\/\/yoast.com\/wordpress\/plugins\/seo\/ -->\n<title>Pol\u00e9mica en redes por color de piel del representante dominicano ante la ONU: \u00bfHaitiano o dominicano? | El Nuevo Norte<\/title>\n<meta name=\"robots\" content=\"index, follow, max-snippet:-1, max-image-preview:large, max-video-preview:-1\" \/>\n<link rel=\"canonical\" href=\"https:\/\/infoelnuevonorte.com\/?p=98823\" \/>\n<meta property=\"og:locale\" content=\"es_ES\" \/>\n<meta property=\"og:type\" content=\"article\" \/>\n<meta property=\"og:title\" content=\"Pol\u00e9mica en redes por color de piel del representante dominicano ante la ONU: \u00bfHaitiano o dominicano? | El Nuevo Norte\" \/>\n<meta property=\"og:description\" content=\"SANTO DOMINGO.\u2013 Un intenso debate ha estallado en las redes sociales luego de que se difundiera la imagen del joven Harold Zances Mojica, representante de la Rep\u00fablica Dominicana ante la ONU en el Youth Forum ECOSOC 2025, debido exclusivamente a su color de piel. Numerosos usuarios, sin verificar su nacionalidad, han cuestionado su dominicanidad e [&hellip;]\" \/>\n<meta property=\"og:url\" content=\"https:\/\/infoelnuevonorte.com\/?p=98823\" \/>\n<meta property=\"og:site_name\" content=\"El Nuevo Norte\" \/>\n<meta property=\"article:publisher\" content=\"https:\/\/www.facebook.com\/infoenn\" \/>\n<meta property=\"article:published_time\" content=\"2025-05-04T14:22:37+00:00\" \/>\n<meta property=\"article:modified_time\" content=\"2025-05-04T14:22:38+00:00\" \/>\n<meta property=\"og:image\" content=\"https:\/\/infoelnuevonorte.com\/wp-content\/uploads\/2025\/05\/WhatsApp-Image-2025-05-04-at-10.13.11-AM.jpeg\" \/>\n\t<meta property=\"og:image:width\" content=\"945\" \/>\n\t<meta property=\"og:image:height\" content=\"932\" \/>\n\t<meta property=\"og:image:type\" content=\"image\/jpeg\" \/>\n<meta name=\"author\" content=\"InfoEnn\" \/>\n<meta name=\"twitter:card\" content=\"summary_large_image\" \/>\n<meta name=\"twitter:creator\" content=\"@Elnuevo_norte\" \/>\n<meta name=\"twitter:site\" content=\"@Elnuevo_norte\" \/>\n<meta name=\"twitter:label1\" content=\"Written by\" \/>\n\t<meta name=\"twitter:data1\" content=\"InfoEnn\" \/>\n\t<meta name=\"twitter:label2\" content=\"Est. reading time\" \/>\n\t<meta name=\"twitter:data2\" content=\"2 minutos\" \/>\n<script type=\"application\/ld+json\" class=\"yoast-schema-graph\">{\"@context\":\"https:\/\/schema.org\",\"@graph\":[{\"@type\":\"Article\",\"@id\":\"https:\/\/infoelnuevonorte.com\/?p=98823#article\",\"isPartOf\":{\"@id\":\"https:\/\/infoelnuevonorte.com\/?p=98823\"},\"author\":{\"name\":\"InfoEnn\",\"@id\":\"https:\/\/infoelnuevonorte.com\/#\/schema\/person\/fd4f6d90afe41260818b4ea94ad8ab84\"},\"headline\":\"Pol\u00e9mica en redes por color de piel del representante dominicano ante la ONU: \u00bfHaitiano o dominicano?\",\"datePublished\":\"2025-05-04T14:22:37+00:00\",\"dateModified\":\"2025-05-04T14:22:38+00:00\",\"mainEntityOfPage\":{\"@id\":\"https:\/\/infoelnuevonorte.com\/?p=98823\"},\"wordCount\":355,\"publisher\":{\"@id\":\"https:\/\/infoelnuevonorte.com\/#organization\"},\"image\":{\"@id\":\"https:\/\/infoelnuevonorte.com\/?p=98823#primaryimage\"},\"thumbnailUrl\":\"https:\/\/infoelnuevonorte.com\/wp-content\/uploads\/2025\/05\/WhatsApp-Image-2025-05-04-at-10.13.10-AM.jpeg\",\"articleSection\":[\"Nacionales\",\"Video\"],\"inLanguage\":\"es-DO\"},{\"@type\":\"WebPage\",\"@id\":\"https:\/\/infoelnuevonorte.com\/?p=98823\",\"url\":\"https:\/\/infoelnuevonorte.com\/?p=98823\",\"name\":\"Pol\u00e9mica en redes por color de piel del representante dominicano ante la ONU: \u00bfHaitiano o dominicano? | El Nuevo Norte\",\"isPartOf\":{\"@id\":\"https:\/\/infoelnuevonorte.com\/#website\"},\"primaryImageOfPage\":{\"@id\":\"https:\/\/infoelnuevonorte.com\/?p=98823#primaryimage\"},\"image\":{\"@id\":\"https:\/\/infoelnuevonorte.com\/?p=98823#primaryimage\"},\"thumbnailUrl\":\"https:\/\/infoelnuevonorte.com\/wp-content\/uploads\/2025\/05\/WhatsApp-Image-2025-05-04-at-10.13.10-AM.jpeg\",\"datePublished\":\"2025-05-04T14:22:37+00:00\",\"dateModified\":\"2025-05-04T14:22:38+00:00\",\"breadcrumb\":{\"@id\":\"https:\/\/infoelnuevonorte.com\/?p=98823#breadcrumb\"},\"inLanguage\":\"es-DO\",\"potentialAction\":[{\"@type\":\"ReadAction\",\"target\":[\"https:\/\/infoelnuevonorte.com\/?p=98823\"]}]},{\"@type\":\"ImageObject\",\"inLanguage\":\"es-DO\",\"@id\":\"https:\/\/infoelnuevonorte.com\/?p=98823#primaryimage\",\"url\":\"\",\"contentUrl\":\"\"},{\"@type\":\"BreadcrumbList\",\"@id\":\"https:\/\/infoelnuevonorte.com\/?p=98823#breadcrumb\",\"itemListElement\":[{\"@type\":\"ListItem\",\"position\":1,\"name\":\"Home\",\"item\":\"https:\/\/infoelnuevonorte.com\/\"},{\"@type\":\"ListItem\",\"position\":2,\"name\":\"Pol\u00e9mica en redes por color de piel del representante dominicano ante la ONU: \u00bfHaitiano o dominicano?\"}]},{\"@type\":\"WebSite\",\"@id\":\"https:\/\/infoelnuevonorte.com\/#website\",\"url\":\"https:\/\/infoelnuevonorte.com\/\",\"name\":\"InfoEnn\",\"description\":\"Tu Voz, tu Verdad, tu Diario!!!\",\"publisher\":{\"@id\":\"https:\/\/infoelnuevonorte.com\/#organization\"},\"alternateName\":\"El Nuevo Norte\",\"potentialAction\":[{\"@type\":\"SearchAction\",\"target\":{\"@type\":\"EntryPoint\",\"urlTemplate\":\"https:\/\/infoelnuevonorte.com\/?s={search_term_string}\"},\"query-input\":{\"@type\":\"PropertyValueSpecification\",\"valueRequired\":true,\"valueName\":\"search_term_string\"}}],\"inLanguage\":\"es-DO\"},{\"@type\":\"Organization\",\"@id\":\"https:\/\/infoelnuevonorte.com\/#organization\",\"name\":\"Info El Nuevo Norte\",\"alternateName\":\"El Nuevo Norte\",\"url\":\"https:\/\/infoelnuevonorte.com\/\",\"logo\":{\"@type\":\"ImageObject\",\"inLanguage\":\"es-DO\",\"@id\":\"https:\/\/infoelnuevonorte.com\/#\/schema\/logo\/image\/\",\"url\":\"https:\/\/infoelnuevonorte.com\/wp-content\/uploads\/2026\/02\/Logo-Info-enn-3d-20ani.jpeg\",\"contentUrl\":\"https:\/\/infoelnuevonorte.com\/wp-content\/uploads\/2026\/02\/Logo-Info-enn-3d-20ani.jpeg\",\"width\":2046,\"height\":736,\"caption\":\"Info El Nuevo Norte\"},\"image\":{\"@id\":\"https:\/\/infoelnuevonorte.com\/#\/schema\/logo\/image\/\"},\"sameAs\":[\"https:\/\/www.facebook.com\/infoenn\",\"https:\/\/x.com\/Elnuevo_norte\",\"https:\/\/www.instagram.com\/infoenn\",\"https:\/\/www.facebook.com\/ENNRD\"]},{\"@type\":\"Person\",\"@id\":\"https:\/\/infoelnuevonorte.com\/#\/schema\/person\/fd4f6d90afe41260818b4ea94ad8ab84\",\"name\":\"InfoEnn\",\"image\":{\"@type\":\"ImageObject\",\"inLanguage\":\"es-DO\",\"@id\":\"https:\/\/infoelnuevonorte.com\/#\/schema\/person\/image\/\",\"url\":\"https:\/\/secure.gravatar.com\/avatar\/d4d760a41a48ba9db0a82bfb63bb0783?s=96&d=robohash&r=g\",\"contentUrl\":\"https:\/\/secure.gravatar.com\/avatar\/d4d760a41a48ba9db0a82bfb63bb0783?s=96&d=robohash&r=g\",\"caption\":\"InfoEnn\"},\"sameAs\":[\"https:\/\/infoelnuevonorte.com\"],\"url\":\"https:\/\/infoelnuevonorte.com\/?author=1\"}]}<\/script>\n<!-- \/ Yoast SEO plugin. -->","yoast_head_json":{"title":"Pol\u00e9mica en redes por color de piel del representante dominicano ante la ONU: \u00bfHaitiano o dominicano? | El Nuevo Norte","robots":{"index":"index","follow":"follow","max-snippet":"max-snippet:-1","max-image-preview":"max-image-preview:large","max-video-preview":"max-video-preview:-1"},"canonical":"https:\/\/infoelnuevonorte.com\/?p=98823","og_locale":"es_ES","og_type":"article","og_title":"Pol\u00e9mica en redes por color de piel del representante dominicano ante la ONU: \u00bfHaitiano o dominicano? | El Nuevo Norte","og_description":"SANTO DOMINGO.\u2013 Un intenso debate ha estallado en las redes sociales luego de que se difundiera la imagen del joven Harold Zances Mojica, representante de la Rep\u00fablica Dominicana ante la ONU en el Youth Forum ECOSOC 2025, debido exclusivamente a su color de piel. Numerosos usuarios, sin verificar su nacionalidad, han cuestionado su dominicanidad e [&hellip;]","og_url":"https:\/\/infoelnuevonorte.com\/?p=98823","og_site_name":"El Nuevo Norte","article_publisher":"https:\/\/www.facebook.com\/infoenn","article_published_time":"2025-05-04T14:22:37+00:00","article_modified_time":"2025-05-04T14:22:38+00:00","og_image":[{"width":945,"height":932,"url":"https:\/\/infoelnuevonorte.com\/wp-content\/uploads\/2025\/05\/WhatsApp-Image-2025-05-04-at-10.13.11-AM.jpeg","type":"image\/jpeg"}],"author":"InfoEnn","twitter_card":"summary_large_image","twitter_creator":"@Elnuevo_norte","twitter_site":"@Elnuevo_norte","twitter_misc":{"Written by":"InfoEnn","Est. reading time":"2 minutos"},"schema":{"@context":"https:\/\/schema.org","@graph":[{"@type":"Article","@id":"https:\/\/infoelnuevonorte.com\/?p=98823#article","isPartOf":{"@id":"https:\/\/infoelnuevonorte.com\/?p=98823"},"author":{"name":"InfoEnn","@id":"https:\/\/infoelnuevonorte.com\/#\/schema\/person\/fd4f6d90afe41260818b4ea94ad8ab84"},"headline":"Pol\u00e9mica en redes por color de piel del representante dominicano ante la ONU: \u00bfHaitiano o dominicano?","datePublished":"2025-05-04T14:22:37+00:00","dateModified":"2025-05-04T14:22:38+00:00","mainEntityOfPage":{"@id":"https:\/\/infoelnuevonorte.com\/?p=98823"},"wordCount":355,"publisher":{"@id":"https:\/\/infoelnuevonorte.com\/#organization"},"image":{"@id":"https:\/\/infoelnuevonorte.com\/?p=98823#primaryimage"},"thumbnailUrl":"https:\/\/infoelnuevonorte.com\/wp-content\/uploads\/2025\/05\/WhatsApp-Image-2025-05-04-at-10.13.10-AM.jpeg","articleSection":["Nacionales","Video"],"inLanguage":"es-DO"},{"@type":"WebPage","@id":"https:\/\/infoelnuevonorte.com\/?p=98823","url":"https:\/\/infoelnuevonorte.com\/?p=98823","name":"Pol\u00e9mica en redes por color de piel del representante dominicano ante la ONU: \u00bfHaitiano o dominicano? | El Nuevo Norte","isPartOf":{"@id":"https:\/\/infoelnuevonorte.com\/#website"},"primaryImageOfPage":{"@id":"https:\/\/infoelnuevonorte.com\/?p=98823#primaryimage"},"image":{"@id":"https:\/\/infoelnuevonorte.com\/?p=98823#primaryimage"},"thumbnailUrl":"https:\/\/infoelnuevonorte.com\/wp-content\/uploads\/2025\/05\/WhatsApp-Image-2025-05-04-at-10.13.10-AM.jpeg","datePublished":"2025-05-04T14:22:37+00:00","dateModified":"2025-05-04T14:22:38+00:00","breadcrumb":{"@id":"https:\/\/infoelnuevonorte.com\/?p=98823#breadcrumb"},"inLanguage":"es-DO","potentialAction":[{"@type":"ReadAction","target":["https:\/\/infoelnuevonorte.com\/?p=98823"]}]},{"@type":"ImageObject","inLanguage":"es-DO","@id":"https:\/\/infoelnuevonorte.com\/?p=98823#primaryimage","url":"","contentUrl":""},{"@type":"BreadcrumbList","@id":"https:\/\/infoelnuevonorte.com\/?p=98823#breadcrumb","itemListElement":[{"@type":"ListItem","position":1,"name":"Home","item":"https:\/\/infoelnuevonorte.com\/"},{"@type":"ListItem","position":2,"name":"Pol\u00e9mica en redes por color de piel del representante dominicano ante la ONU: \u00bfHaitiano o dominicano?"}]},{"@type":"WebSite","@id":"https:\/\/infoelnuevonorte.com\/#website","url":"https:\/\/infoelnuevonorte.com\/","name":"InfoEnn","description":"Tu Voz, tu Verdad, tu Diario!!!","publisher":{"@id":"https:\/\/infoelnuevonorte.com\/#organization"},"alternateName":"El Nuevo Norte","potentialAction":[{"@type":"SearchAction","target":{"@type":"EntryPoint","urlTemplate":"https:\/\/infoelnuevonorte.com\/?s={search_term_string}"},"query-input":{"@type":"PropertyValueSpecification","valueRequired":true,"valueName":"search_term_string"}}],"inLanguage":"es-DO"},{"@type":"Organization","@id":"https:\/\/infoelnuevonorte.com\/#organization","name":"Info El Nuevo Norte","alternateName":"El Nuevo Norte","url":"https:\/\/infoelnuevonorte.com\/","logo":{"@type":"ImageObject","inLanguage":"es-DO","@id":"https:\/\/infoelnuevonorte.com\/#\/schema\/logo\/image\/","url":"https:\/\/infoelnuevonorte.com\/wp-content\/uploads\/2026\/02\/Logo-Info-enn-3d-20ani.jpeg","contentUrl":"https:\/\/infoelnuevonorte.com\/wp-content\/uploads\/2026\/02\/Logo-Info-enn-3d-20ani.jpeg","width":2046,"height":736,"caption":"Info El Nuevo Norte"},"image":{"@id":"https:\/\/infoelnuevonorte.com\/#\/schema\/logo\/image\/"},"sameAs":["https:\/\/www.facebook.com\/infoenn","https:\/\/x.com\/Elnuevo_norte","https:\/\/www.instagram.com\/infoenn","https:\/\/www.facebook.com\/ENNRD"]},{"@type":"Person","@id":"https:\/\/infoelnuevonorte.com\/#\/schema\/person\/fd4f6d90afe41260818b4ea94ad8ab84","name":"InfoEnn","image":{"@type":"ImageObject","inLanguage":"es-DO","@id":"https:\/\/infoelnuevonorte.com\/#\/schema\/person\/image\/","url":"https:\/\/secure.gravatar.com\/avatar\/d4d760a41a48ba9db0a82bfb63bb0783?s=96&d=robohash&r=g","contentUrl":"https:\/\/secure.gravatar.com\/avatar\/d4d760a41a48ba9db0a82bfb63bb0783?s=96&d=robohash&r=g","caption":"InfoEnn"},"sameAs":["https:\/\/infoelnuevonorte.com"],"url":"https:\/\/infoelnuevonorte.com\/?author=1"}]}},"_links":{"self":[{"href":"https:\/\/infoelnuevonorte.com\/index.php?rest_route=\/wp\/v2\/posts\/98823"}],"collection":[{"href":"https:\/\/infoelnuevonorte.com\/index.php?rest_route=\/wp\/v2\/posts"}],"about":[{"href":"https:\/\/infoelnuevonorte.com\/index.php?rest_route=\/wp\/v2\/types\/post"}],"author":[{"embeddable":true,"href":"https:\/\/infoelnuevonorte.com\/index.php?rest_route=\/wp\/v2\/users\/1"}],"replies":[{"embeddable":true,"href":"https:\/\/infoelnuevonorte.com\/index.php?rest_route=%2Fwp%2Fv2%2Fcomments&post=98823"}],"version-history":[{"count":1,"href":"https:\/\/infoelnuevonorte.com\/index.php?rest_route=\/wp\/v2\/posts\/98823\/revisions"}],"predecessor-version":[{"id":98828,"href":"https:\/\/infoelnuevonorte.com\/index.php?rest_route=\/wp\/v2\/posts\/98823\/revisions\/98828"}],"wp:attachment":[{"href":"https:\/\/infoelnuevonorte.com\/index.php?rest_route=%2Fwp%2Fv2%2Fmedia&parent=98823"}],"wp:term":[{"taxonomy":"category","embeddable":true,"href":"https:\/\/infoelnuevonorte.com\/index.php?rest_route=%2Fwp%2Fv2%2Fcategories&post=98823"},{"taxonomy":"post_tag","embeddable":true,"href":"https:\/\/infoelnuevonorte.com\/index.php?rest_route=%2Fwp%2Fv2%2Ftags&post=98823"}],"curies":[{"name":"wp","href":"https:\/\/api.w.org\/{rel}","templated":true}]}}