{"id":99938,"date":"2025-05-08T11:45:36","date_gmt":"2025-05-08T15:45:36","guid":{"rendered":"https:\/\/infoelnuevonorte.com\/?p=99938"},"modified":"2025-05-08T11:45:37","modified_gmt":"2025-05-08T15:45:37","slug":"justicia-se-entrega-a-las-autoridades-joven-vinculado-al-asesinato-de-menor-en-moca","status":"publish","type":"post","link":"https:\/\/infoelnuevonorte.com\/?p=99938","title":{"rendered":"\u00a1Justicia! Se entrega a las autoridades joven vinculado al asesinato de menor en Moca"},"content":{"rendered":"<!--[if lt IE 9]><script>document.createElement('audio');<\/script><![endif]-->\n<audio class=\"wp-audio-shortcode\" id=\"audio-99938-1\" preload=\"none\" style=\"width: 100%;\" controls=\"controls\"><source type=\"audio\/mpeg\" src=\"https:\/\/infoelnuevonorte.com\/wp-content\/uploads\/2025\/05\/ttsmaker-vip-file-2025-5-8-11-44-42.mp3?_=1\" \/><a href=\"https:\/\/infoelnuevonorte.com\/wp-content\/uploads\/2025\/05\/ttsmaker-vip-file-2025-5-8-11-44-42.mp3\">https:\/\/infoelnuevonorte.com\/wp-content\/uploads\/2025\/05\/ttsmaker-vip-file-2025-5-8-11-44-42.mp3<\/a><\/audio>\n<p style=\"text-align: justify;\"><strong>Moca, provincia Espaillat.\u2013<\/strong> El joven acusado como el presunto responsable de la muerte de <strong>Roldyn de Jes\u00fas S\u00e1nchez, <\/strong>de 16 a\u00f1os, se entreg\u00f3 a las autoridades la tarde de este mi\u00e9rcoles, tras ser vinculado con el hecho ocurrido en el sector <strong>Viejo Puerto Rico del municipio de Moca.<\/strong><\/p>\n<p style=\"text-align: justify;\">El acusado identificado como<strong> Juan Carlos S\u00e1nchez, <\/strong>alias <strong>\u201cEl Pap\u00e1\u201d,<\/strong> entregado por el dirigente comunitario<strong> Juanchy Compr\u00e9s<\/strong> ante la presencia del Ministerio P\u00fablico y las autoridades.<\/p>\n<p style=\"text-align: justify;\">El hecho ocurri\u00f3 a la salida de un centro comercial y recibi\u00f3 m\u00faltiples disparos por parte de desconocidos que luego huyeron del lugar. El adolescente falleci\u00f3 mientras recib\u00eda atenciones m\u00e9dicas en un centro de salud local. Su cuerpo posteriormente trasladado al Instituto Nacional de Ciencias Forenses (INACIF).<\/p>\n<p style=\"text-align: justify;\">Seg\u00fan testigos, los\u00a0<strong>agresores<\/strong>\u00a0huyeron del lugar tras cometer el\u00a0<strong>crimen<\/strong>.<\/p>\n<p style=\"text-align: justify;\">El <strong>fiscal Alberto V\u00e1squez<\/strong> inform\u00f3 que se garantizar\u00e1n los derechos del detenido durante el proceso judicial.<\/p>\n<p style=\"text-align: justify;\"><strong>\u201cEl Ministerio P\u00fablico est\u00e1 comprometido con una investigaci\u00f3n objetiva, y al mismo tiempo velamos por el respeto a los derechos fundamentales del acusado\u201d, <\/strong>asegur\u00f3 V\u00e1squez.<\/p>\n<p style=\"text-align: justify;\">Hasta el momento se desconoce el proceso que se llevara a cabo respecto a las medidas establecidas.<\/p>\n<p style=\"text-align: justify;\"><strong>Objetivo del Ministerio P\u00fablico<\/strong><\/p>\n<p style=\"text-align: justify;\">El objetivo principal del Ministerio P\u00fablico (MP) es garantizar la persecuci\u00f3n penal de los delitos de acci\u00f3n p\u00fablica, la protecci\u00f3n de los derechos humanos y la defensa del inter\u00e9s p\u00fablico.\u00a0El MP act\u00faa como defensor de la sociedad ante los tribunales y promueve la investigaci\u00f3n y persecuci\u00f3n de los hechos punibles.<\/p>\n<p>\u2014\u2014\u2014\u2014\u2014\u2014\u2014\u2014\u2014\u2014\u2014\u2014\u2014\u2014\u2014\u2014\u2014\u2014\u2014\u2014\u2014\u2014\u2014\u2014\u2014\u2014\u2014\u2014\u2014\u2014\u2014\u2014\u2014\u2014\u2014\u2014\u2014\u2014\u2014<br \/>\n\ud83d\udcf2 \u00bfTienes una denuncia o deseas promocionar tu negocio?<br \/>\nCont\u00e1ctanos al 809-853-5020<\/p>\n<p>\ud83d\udccc S\u00edguenos tambi\u00e9n en nuestro canal de WhatsApp para recibir noticias directas y confiables.<br \/>\n\ud83d\ude4f \u00a1Tu apoyo es importante!<\/p>\n<p>DESCARGAR NUESTRA APP -INFO ENN- en iOS &amp; Android \ud83d\udcf1 https:\/\/infoelnuevonorte.com\/?page_id=26745<\/p>\n<p>\u00danete a nuestros canales<br \/>\nWhatsapp https:\/\/whatsapp.com\/channel\/0029Va88WGP2ER6ZxD6TCa3U<br \/>\nTelegram https:\/\/t.me\/infoenn<br \/>\nInstagram https:\/\/instagram.com\/noticiasenn1?r=nametag<br \/>\nFacebook https:\/\/www.facebook.com\/infoenn<br \/>\nThreads https:\/\/www.threads.net\/@noticiasenn1<br \/>\nYouTube https:\/\/www.youtube.com\/channel\/UCZZJg_scU1p_c6cvyCHY48A<\/p>\n","protected":false},"excerpt":{"rendered":"<p>Moca, provincia Espaillat.\u2013 El joven acusado como el presunto responsable de la muerte de Roldyn de Jes\u00fas S\u00e1nchez, de 16 a\u00f1os, se entreg\u00f3 a las autoridades la tarde de este mi\u00e9rcoles, tras ser vinculado con el hecho ocurrido en el sector Viejo Puerto Rico del municipio de Moca. El acusado identificado como Juan Carlos S\u00e1nchez, [&hellip;]<\/p>\n","protected":false},"author":1,"featured_media":0,"comment_status":"closed","ping_status":"open","sticky":false,"template":"","format":"standard","meta":{"footnotes":""},"categories":[5],"tags":[],"yoast_head":"<!-- This site is optimized with the Yoast SEO plugin v24.5 - https:\/\/yoast.com\/wordpress\/plugins\/seo\/ -->\n<title>\u00a1Justicia! Se entrega a las autoridades joven vinculado al asesinato de menor en Moca | El Nuevo Norte<\/title>\n<meta name=\"robots\" content=\"index, follow, max-snippet:-1, max-image-preview:large, max-video-preview:-1\" \/>\n<link rel=\"canonical\" href=\"https:\/\/infoelnuevonorte.com\/?p=99938\" \/>\n<meta property=\"og:locale\" content=\"es_ES\" \/>\n<meta property=\"og:type\" content=\"article\" \/>\n<meta property=\"og:title\" content=\"\u00a1Justicia! Se entrega a las autoridades joven vinculado al asesinato de menor en Moca | El Nuevo Norte\" \/>\n<meta property=\"og:description\" content=\"Moca, provincia Espaillat.\u2013 El joven acusado como el presunto responsable de la muerte de Roldyn de Jes\u00fas S\u00e1nchez, de 16 a\u00f1os, se entreg\u00f3 a las autoridades la tarde de este mi\u00e9rcoles, tras ser vinculado con el hecho ocurrido en el sector Viejo Puerto Rico del municipio de Moca. El acusado identificado como Juan Carlos S\u00e1nchez, [&hellip;]\" \/>\n<meta property=\"og:url\" content=\"https:\/\/infoelnuevonorte.com\/?p=99938\" \/>\n<meta property=\"og:site_name\" content=\"El Nuevo Norte\" \/>\n<meta property=\"article:publisher\" content=\"https:\/\/www.facebook.com\/infoenn\" \/>\n<meta property=\"article:published_time\" content=\"2025-05-08T15:45:36+00:00\" \/>\n<meta property=\"article:modified_time\" content=\"2025-05-08T15:45:37+00:00\" \/>\n<meta property=\"og:image\" content=\"https:\/\/infoelnuevonorte.com\/wp-content\/uploads\/2025\/05\/preso-arrestado.webp\" \/>\n\t<meta property=\"og:image:width\" content=\"612\" \/>\n\t<meta property=\"og:image:height\" content=\"304\" \/>\n\t<meta property=\"og:image:type\" content=\"image\/webp\" \/>\n<meta name=\"author\" content=\"InfoEnn\" \/>\n<meta name=\"twitter:card\" content=\"summary_large_image\" \/>\n<meta name=\"twitter:creator\" content=\"@Elnuevo_norte\" \/>\n<meta name=\"twitter:site\" content=\"@Elnuevo_norte\" \/>\n<meta name=\"twitter:label1\" content=\"Written by\" \/>\n\t<meta name=\"twitter:data1\" content=\"InfoEnn\" \/>\n\t<meta name=\"twitter:label2\" content=\"Est. reading time\" \/>\n\t<meta name=\"twitter:data2\" content=\"2 minutos\" \/>\n<script type=\"application\/ld+json\" class=\"yoast-schema-graph\">{\"@context\":\"https:\/\/schema.org\",\"@graph\":[{\"@type\":\"Article\",\"@id\":\"https:\/\/infoelnuevonorte.com\/?p=99938#article\",\"isPartOf\":{\"@id\":\"https:\/\/infoelnuevonorte.com\/?p=99938\"},\"author\":{\"name\":\"InfoEnn\",\"@id\":\"https:\/\/infoelnuevonorte.com\/#\/schema\/person\/fd4f6d90afe41260818b4ea94ad8ab84\"},\"headline\":\"\u00a1Justicia! Se entrega a las autoridades joven vinculado al asesinato de menor en Moca\",\"datePublished\":\"2025-05-08T15:45:36+00:00\",\"dateModified\":\"2025-05-08T15:45:37+00:00\",\"mainEntityOfPage\":{\"@id\":\"https:\/\/infoelnuevonorte.com\/?p=99938\"},\"wordCount\":397,\"publisher\":{\"@id\":\"https:\/\/infoelnuevonorte.com\/#organization\"},\"articleSection\":[\"Del Norte\"],\"inLanguage\":\"es-DO\"},{\"@type\":\"WebPage\",\"@id\":\"https:\/\/infoelnuevonorte.com\/?p=99938\",\"url\":\"https:\/\/infoelnuevonorte.com\/?p=99938\",\"name\":\"\u00a1Justicia! Se entrega a las autoridades joven vinculado al asesinato de menor en Moca | El Nuevo Norte\",\"isPartOf\":{\"@id\":\"https:\/\/infoelnuevonorte.com\/#website\"},\"datePublished\":\"2025-05-08T15:45:36+00:00\",\"dateModified\":\"2025-05-08T15:45:37+00:00\",\"breadcrumb\":{\"@id\":\"https:\/\/infoelnuevonorte.com\/?p=99938#breadcrumb\"},\"inLanguage\":\"es-DO\",\"potentialAction\":[{\"@type\":\"ReadAction\",\"target\":[\"https:\/\/infoelnuevonorte.com\/?p=99938\"]}]},{\"@type\":\"BreadcrumbList\",\"@id\":\"https:\/\/infoelnuevonorte.com\/?p=99938#breadcrumb\",\"itemListElement\":[{\"@type\":\"ListItem\",\"position\":1,\"name\":\"Home\",\"item\":\"https:\/\/infoelnuevonorte.com\/\"},{\"@type\":\"ListItem\",\"position\":2,\"name\":\"\u00a1Justicia! Se entrega a las autoridades joven vinculado al asesinato de menor en Moca\"}]},{\"@type\":\"WebSite\",\"@id\":\"https:\/\/infoelnuevonorte.com\/#website\",\"url\":\"https:\/\/infoelnuevonorte.com\/\",\"name\":\"InfoEnn\",\"description\":\"Tu Voz, tu Verdad, tu Diario!!!\",\"publisher\":{\"@id\":\"https:\/\/infoelnuevonorte.com\/#organization\"},\"alternateName\":\"El Nuevo Norte\",\"potentialAction\":[{\"@type\":\"SearchAction\",\"target\":{\"@type\":\"EntryPoint\",\"urlTemplate\":\"https:\/\/infoelnuevonorte.com\/?s={search_term_string}\"},\"query-input\":{\"@type\":\"PropertyValueSpecification\",\"valueRequired\":true,\"valueName\":\"search_term_string\"}}],\"inLanguage\":\"es-DO\"},{\"@type\":\"Organization\",\"@id\":\"https:\/\/infoelnuevonorte.com\/#organization\",\"name\":\"Info El Nuevo Norte\",\"alternateName\":\"El Nuevo Norte\",\"url\":\"https:\/\/infoelnuevonorte.com\/\",\"logo\":{\"@type\":\"ImageObject\",\"inLanguage\":\"es-DO\",\"@id\":\"https:\/\/infoelnuevonorte.com\/#\/schema\/logo\/image\/\",\"url\":\"https:\/\/infoelnuevonorte.com\/wp-content\/uploads\/2026\/02\/Logo-Info-enn-3d-20ani.jpeg\",\"contentUrl\":\"https:\/\/infoelnuevonorte.com\/wp-content\/uploads\/2026\/02\/Logo-Info-enn-3d-20ani.jpeg\",\"width\":2046,\"height\":736,\"caption\":\"Info El Nuevo Norte\"},\"image\":{\"@id\":\"https:\/\/infoelnuevonorte.com\/#\/schema\/logo\/image\/\"},\"sameAs\":[\"https:\/\/www.facebook.com\/infoenn\",\"https:\/\/x.com\/Elnuevo_norte\",\"https:\/\/www.instagram.com\/infoenn\",\"https:\/\/www.facebook.com\/ENNRD\"]},{\"@type\":\"Person\",\"@id\":\"https:\/\/infoelnuevonorte.com\/#\/schema\/person\/fd4f6d90afe41260818b4ea94ad8ab84\",\"name\":\"InfoEnn\",\"image\":{\"@type\":\"ImageObject\",\"inLanguage\":\"es-DO\",\"@id\":\"https:\/\/infoelnuevonorte.com\/#\/schema\/person\/image\/\",\"url\":\"https:\/\/secure.gravatar.com\/avatar\/d4d760a41a48ba9db0a82bfb63bb0783?s=96&d=robohash&r=g\",\"contentUrl\":\"https:\/\/secure.gravatar.com\/avatar\/d4d760a41a48ba9db0a82bfb63bb0783?s=96&d=robohash&r=g\",\"caption\":\"InfoEnn\"},\"sameAs\":[\"https:\/\/infoelnuevonorte.com\"],\"url\":\"https:\/\/infoelnuevonorte.com\/?author=1\"}]}<\/script>\n<!-- \/ Yoast SEO plugin. -->","yoast_head_json":{"title":"\u00a1Justicia! Se entrega a las autoridades joven vinculado al asesinato de menor en Moca | El Nuevo Norte","robots":{"index":"index","follow":"follow","max-snippet":"max-snippet:-1","max-image-preview":"max-image-preview:large","max-video-preview":"max-video-preview:-1"},"canonical":"https:\/\/infoelnuevonorte.com\/?p=99938","og_locale":"es_ES","og_type":"article","og_title":"\u00a1Justicia! Se entrega a las autoridades joven vinculado al asesinato de menor en Moca | El Nuevo Norte","og_description":"Moca, provincia Espaillat.\u2013 El joven acusado como el presunto responsable de la muerte de Roldyn de Jes\u00fas S\u00e1nchez, de 16 a\u00f1os, se entreg\u00f3 a las autoridades la tarde de este mi\u00e9rcoles, tras ser vinculado con el hecho ocurrido en el sector Viejo Puerto Rico del municipio de Moca. El acusado identificado como Juan Carlos S\u00e1nchez, [&hellip;]","og_url":"https:\/\/infoelnuevonorte.com\/?p=99938","og_site_name":"El Nuevo Norte","article_publisher":"https:\/\/www.facebook.com\/infoenn","article_published_time":"2025-05-08T15:45:36+00:00","article_modified_time":"2025-05-08T15:45:37+00:00","og_image":[{"width":612,"height":304,"url":"https:\/\/infoelnuevonorte.com\/wp-content\/uploads\/2025\/05\/preso-arrestado.webp","type":"image\/webp"}],"author":"InfoEnn","twitter_card":"summary_large_image","twitter_creator":"@Elnuevo_norte","twitter_site":"@Elnuevo_norte","twitter_misc":{"Written by":"InfoEnn","Est. reading time":"2 minutos"},"schema":{"@context":"https:\/\/schema.org","@graph":[{"@type":"Article","@id":"https:\/\/infoelnuevonorte.com\/?p=99938#article","isPartOf":{"@id":"https:\/\/infoelnuevonorte.com\/?p=99938"},"author":{"name":"InfoEnn","@id":"https:\/\/infoelnuevonorte.com\/#\/schema\/person\/fd4f6d90afe41260818b4ea94ad8ab84"},"headline":"\u00a1Justicia! Se entrega a las autoridades joven vinculado al asesinato de menor en Moca","datePublished":"2025-05-08T15:45:36+00:00","dateModified":"2025-05-08T15:45:37+00:00","mainEntityOfPage":{"@id":"https:\/\/infoelnuevonorte.com\/?p=99938"},"wordCount":397,"publisher":{"@id":"https:\/\/infoelnuevonorte.com\/#organization"},"articleSection":["Del Norte"],"inLanguage":"es-DO"},{"@type":"WebPage","@id":"https:\/\/infoelnuevonorte.com\/?p=99938","url":"https:\/\/infoelnuevonorte.com\/?p=99938","name":"\u00a1Justicia! Se entrega a las autoridades joven vinculado al asesinato de menor en Moca | El Nuevo Norte","isPartOf":{"@id":"https:\/\/infoelnuevonorte.com\/#website"},"datePublished":"2025-05-08T15:45:36+00:00","dateModified":"2025-05-08T15:45:37+00:00","breadcrumb":{"@id":"https:\/\/infoelnuevonorte.com\/?p=99938#breadcrumb"},"inLanguage":"es-DO","potentialAction":[{"@type":"ReadAction","target":["https:\/\/infoelnuevonorte.com\/?p=99938"]}]},{"@type":"BreadcrumbList","@id":"https:\/\/infoelnuevonorte.com\/?p=99938#breadcrumb","itemListElement":[{"@type":"ListItem","position":1,"name":"Home","item":"https:\/\/infoelnuevonorte.com\/"},{"@type":"ListItem","position":2,"name":"\u00a1Justicia! Se entrega a las autoridades joven vinculado al asesinato de menor en Moca"}]},{"@type":"WebSite","@id":"https:\/\/infoelnuevonorte.com\/#website","url":"https:\/\/infoelnuevonorte.com\/","name":"InfoEnn","description":"Tu Voz, tu Verdad, tu Diario!!!","publisher":{"@id":"https:\/\/infoelnuevonorte.com\/#organization"},"alternateName":"El Nuevo Norte","potentialAction":[{"@type":"SearchAction","target":{"@type":"EntryPoint","urlTemplate":"https:\/\/infoelnuevonorte.com\/?s={search_term_string}"},"query-input":{"@type":"PropertyValueSpecification","valueRequired":true,"valueName":"search_term_string"}}],"inLanguage":"es-DO"},{"@type":"Organization","@id":"https:\/\/infoelnuevonorte.com\/#organization","name":"Info El Nuevo Norte","alternateName":"El Nuevo Norte","url":"https:\/\/infoelnuevonorte.com\/","logo":{"@type":"ImageObject","inLanguage":"es-DO","@id":"https:\/\/infoelnuevonorte.com\/#\/schema\/logo\/image\/","url":"https:\/\/infoelnuevonorte.com\/wp-content\/uploads\/2026\/02\/Logo-Info-enn-3d-20ani.jpeg","contentUrl":"https:\/\/infoelnuevonorte.com\/wp-content\/uploads\/2026\/02\/Logo-Info-enn-3d-20ani.jpeg","width":2046,"height":736,"caption":"Info El Nuevo Norte"},"image":{"@id":"https:\/\/infoelnuevonorte.com\/#\/schema\/logo\/image\/"},"sameAs":["https:\/\/www.facebook.com\/infoenn","https:\/\/x.com\/Elnuevo_norte","https:\/\/www.instagram.com\/infoenn","https:\/\/www.facebook.com\/ENNRD"]},{"@type":"Person","@id":"https:\/\/infoelnuevonorte.com\/#\/schema\/person\/fd4f6d90afe41260818b4ea94ad8ab84","name":"InfoEnn","image":{"@type":"ImageObject","inLanguage":"es-DO","@id":"https:\/\/infoelnuevonorte.com\/#\/schema\/person\/image\/","url":"https:\/\/secure.gravatar.com\/avatar\/d4d760a41a48ba9db0a82bfb63bb0783?s=96&d=robohash&r=g","contentUrl":"https:\/\/secure.gravatar.com\/avatar\/d4d760a41a48ba9db0a82bfb63bb0783?s=96&d=robohash&r=g","caption":"InfoEnn"},"sameAs":["https:\/\/infoelnuevonorte.com"],"url":"https:\/\/infoelnuevonorte.com\/?author=1"}]}},"_links":{"self":[{"href":"https:\/\/infoelnuevonorte.com\/index.php?rest_route=\/wp\/v2\/posts\/99938"}],"collection":[{"href":"https:\/\/infoelnuevonorte.com\/index.php?rest_route=\/wp\/v2\/posts"}],"about":[{"href":"https:\/\/infoelnuevonorte.com\/index.php?rest_route=\/wp\/v2\/types\/post"}],"author":[{"embeddable":true,"href":"https:\/\/infoelnuevonorte.com\/index.php?rest_route=\/wp\/v2\/users\/1"}],"replies":[{"embeddable":true,"href":"https:\/\/infoelnuevonorte.com\/index.php?rest_route=%2Fwp%2Fv2%2Fcomments&post=99938"}],"version-history":[{"count":1,"href":"https:\/\/infoelnuevonorte.com\/index.php?rest_route=\/wp\/v2\/posts\/99938\/revisions"}],"predecessor-version":[{"id":99941,"href":"https:\/\/infoelnuevonorte.com\/index.php?rest_route=\/wp\/v2\/posts\/99938\/revisions\/99941"}],"wp:attachment":[{"href":"https:\/\/infoelnuevonorte.com\/index.php?rest_route=%2Fwp%2Fv2%2Fmedia&parent=99938"}],"wp:term":[{"taxonomy":"category","embeddable":true,"href":"https:\/\/infoelnuevonorte.com\/index.php?rest_route=%2Fwp%2Fv2%2Fcategories&post=99938"},{"taxonomy":"post_tag","embeddable":true,"href":"https:\/\/infoelnuevonorte.com\/index.php?rest_route=%2Fwp%2Fv2%2Ftags&post=99938"}],"curies":[{"name":"wp","href":"https:\/\/api.w.org\/{rel}","templated":true}]}}