{"id":99951,"date":"2025-05-08T12:48:37","date_gmt":"2025-05-08T16:48:37","guid":{"rendered":"https:\/\/infoelnuevonorte.com\/?p=99951"},"modified":"2025-05-08T12:48:39","modified_gmt":"2025-05-08T16:48:39","slug":"mas-de-40000-personas-esperan-el-nuevo-papa-en-la-plaza-de-san-pedro","status":"publish","type":"post","link":"https:\/\/infoelnuevonorte.com\/?p=99951","title":{"rendered":"M\u00e1s de 40,000 personas esperan el nuevo papa en la plaza de San Pedro"},"content":{"rendered":"<div class=\"content\">\n<div class=\"moz-reader-content reader-show-element\">\n<div id=\"readability-page-1\" class=\"page\">\n<div data-mrf-recirculation=\"Cuerpo Detalle\">\n<!--[if lt IE 9]><script>document.createElement('audio');<\/script><![endif]-->\n<audio class=\"wp-audio-shortcode\" id=\"audio-99951-1\" preload=\"none\" style=\"width: 100%;\" controls=\"controls\"><source type=\"audio\/mpeg\" src=\"https:\/\/infoelnuevonorte.com\/wp-content\/uploads\/2025\/05\/ttsmaker-vip-file-2025-5-8-12-48-25.mp3?_=1\" \/><a href=\"https:\/\/infoelnuevonorte.com\/wp-content\/uploads\/2025\/05\/ttsmaker-vip-file-2025-5-8-12-48-25.mp3\">https:\/\/infoelnuevonorte.com\/wp-content\/uploads\/2025\/05\/ttsmaker-vip-file-2025-5-8-12-48-25.mp3<\/a><\/audio>\n<p style=\"text-align: justify\">M\u00e1s de <b>40.000 personas<\/b>, una cifra que est\u00e1 destinada a subir, esperan en la <b>plaza de San Pedro<\/b> el momento en el que el protodiacono <b>Dominique Mamberti<\/b> anuncie el <b>&#8217;Habemus Papam<\/b>' desde el balc\u00f3n de la logia central de la fachada de la bas\u00edlica vaticana y el nuevo pont\u00edfice salga y <b>se conozca su nombre.<\/b><\/p>\n<p style=\"text-align: justify\">Las <b>decenas de miles de personas<\/b> celebraron con una gran ovaci\u00f3n la <b>fumata blanca<\/b> que a las 18.08 horas de hoy (16.08 GMT) ha informado de la elecci\u00f3n de un nuevo papa, al cuarto escrutinio.<\/p>\n<p style=\"text-align: justify\">Continuaron celebr\u00e1ndolo durante los cerca de diez minutos en los que sonaron las seis campanas de la bas\u00edlica y segu\u00eda saliendo el humo de la chimenea de la<b> Capillia Sixtina<\/b>.<\/p>\n<figure id=\"m33818-33817-33819\" style=\"text-align: justify\"> <img decoding=\"async\" class=\"moz-reader-block-img\" src=\"https:\/\/listindiario.com\/files\/vertical_main_image\/uploads\/2025\/05\/08\/681cdee3d5930.jpeg\" alt=\"Fieles sostienen una pancarta con la leyenda &quot;Arriba el Papa&quot;\" data-index=\"\" data-full=\"[object Object]\" data-original=\"[object Object]\" data-full-src=\"https:\/\/listindiario.com\/uploads\/2025\/05\/08\/681cdee3d5930.jpeg\" \/><figcaption><span id=\"m33894-33893-33895\">Fieles sostienen una pancarta con la leyenda \"Arriba el Papa\", despu\u00e9s de que una columna de humo blanco saliera de la chimenea de la Capilla Sixtina durante el c\u00f3nclave para elegir a un nuevo papa, en el Vaticano, el jueves 8 de mayo de 2025. (Foto AP\/Andrew Medichini)<\/span><span id=\"m33899-33898-33900\">Andrew Medichini<\/span><\/p>\n<\/figcaption><\/figure>\n<p style=\"text-align: justify\">La<b> fumata blanca<\/b> pill\u00f3 por sorpresa a los miles congregados, que se mostraron exultantes, han empezado a aplaudir y a gritar <b>\"Habemus Papa\"<\/b> mientras ondeaban las <b>banderas de numerosos pa\u00edses.<\/b><\/p>\n<p style=\"text-align: justify\">Ahora se espera que el n\u00famero de <b>fieles <\/b>y curiosos aumente considerablemente en la espera de que se conozca quien ser\u00e1 el nuevo papa.<\/p>\n<figure id=\"m33830-33829-33831\" style=\"text-align: justify\"> <img decoding=\"async\" class=\"moz-reader-block-img\" src=\"https:\/\/listindiario.com\/files\/vertical_main_image\/uploads\/2025\/05\/08\/681cdefeca34b.jpeg\" alt=\"Una columna de humo blanco sale de la chimenea de la Capilla Sixtina\" data-index=\"\" data-full=\"[object Object]\" data-original=\"[object Object]\" data-full-src=\"https:\/\/listindiario.com\/uploads\/2025\/05\/08\/681cdefeca34b.jpeg\" \/><figcaption><span id=\"m33912-33911-33913\">Una columna de humo blanco sale de la chimenea de la Capilla Sixtina durante el c\u00f3nclave para elegir a un nuevo papa, en el Vaticano, el jueves 8 de mayo de 2025. (Foto AP\/Andrew Medichini)<\/span><span id=\"m33917-33916-33918\">Andrew Medichini<\/span><\/p>\n<\/figcaption><\/figure>\n<p style=\"text-align: justify\">Dado que en el<b> c\u00f3nclave se vota<\/b> cuatro veces al d\u00eda, sumando la \u00fanica que hubo ayer mi\u00e9rcoles, la elecci\u00f3n se ha producido presumiblemente en el <b>cuarto escrutinio<\/b>.<\/p>\n<p style=\"text-align: justify\">Ayer mi\u00e9rcoles y en la ma\u00f1ana de este jueves las fumatas hab\u00edan sido negras, indicando que a\u00fan no hab\u00eda acuerdo en las tres <b>primeras votaciones<\/b>.<\/p>\n<p style=\"text-align: justify\">Seg\u00fan la normativa vaticana, para ser elegido papa son necesarios dos tercios de los votos. En este caso los cardenales electores son 133 por lo que el elegido necesita, como m\u00ednimo, <b>89 votos<\/b>.<\/p>\n<\/div>\n<\/div>\n<\/div>\n<\/div>\n","protected":false},"excerpt":{"rendered":"<p>M\u00e1s de 40.000 personas, una cifra que est\u00e1 destinada a subir, esperan en la plaza de San Pedro el momento en el que el protodiacono Dominique Mamberti anuncie el &#8217;Habemus Papam' desde el balc\u00f3n de la logia central de la fachada de la bas\u00edlica vaticana y el nuevo pont\u00edfice salga y se conozca su nombre. [&hellip;]<\/p>\n","protected":false},"author":7,"featured_media":0,"comment_status":"closed","ping_status":"open","sticky":false,"template":"","format":"standard","meta":{"footnotes":""},"categories":[9],"tags":[],"yoast_head":"<!-- This site is optimized with the Yoast SEO plugin v24.5 - https:\/\/yoast.com\/wordpress\/plugins\/seo\/ -->\n<title>M\u00e1s de 40,000 personas esperan el nuevo papa en la plaza de San Pedro | El Nuevo Norte<\/title>\n<meta name=\"robots\" content=\"index, follow, max-snippet:-1, max-image-preview:large, max-video-preview:-1\" \/>\n<link rel=\"canonical\" href=\"https:\/\/infoelnuevonorte.com\/?p=99951\" \/>\n<meta property=\"og:locale\" content=\"es_ES\" \/>\n<meta property=\"og:type\" content=\"article\" \/>\n<meta property=\"og:title\" content=\"M\u00e1s de 40,000 personas esperan el nuevo papa en la plaza de San Pedro | El Nuevo Norte\" \/>\n<meta property=\"og:description\" content=\"M\u00e1s de 40.000 personas, una cifra que est\u00e1 destinada a subir, esperan en la plaza de San Pedro el momento en el que el protodiacono Dominique Mamberti anuncie el &#8217;Habemus Papam&#039; desde el balc\u00f3n de la logia central de la fachada de la bas\u00edlica vaticana y el nuevo pont\u00edfice salga y se conozca su nombre. [&hellip;]\" \/>\n<meta property=\"og:url\" content=\"https:\/\/infoelnuevonorte.com\/?p=99951\" \/>\n<meta property=\"og:site_name\" content=\"El Nuevo Norte\" \/>\n<meta property=\"article:publisher\" content=\"https:\/\/www.facebook.com\/infoenn\" \/>\n<meta property=\"article:published_time\" content=\"2025-05-08T16:48:37+00:00\" \/>\n<meta property=\"article:modified_time\" content=\"2025-05-08T16:48:39+00:00\" \/>\n<meta property=\"og:image\" content=\"https:\/\/infoelnuevonorte.com\/wp-content\/uploads\/2025\/05\/681cdeb2a0da1.jpeg\" \/>\n\t<meta property=\"og:image:width\" content=\"800\" \/>\n\t<meta property=\"og:image:height\" content=\"533\" \/>\n\t<meta property=\"og:image:type\" content=\"image\/jpeg\" \/>\n<meta name=\"author\" content=\"A.P.\" \/>\n<meta name=\"twitter:card\" content=\"summary_large_image\" \/>\n<meta name=\"twitter:creator\" content=\"@Elnuevo_norte\" \/>\n<meta name=\"twitter:site\" content=\"@Elnuevo_norte\" \/>\n<meta name=\"twitter:label1\" content=\"Written by\" \/>\n\t<meta name=\"twitter:data1\" content=\"A.P.\" \/>\n\t<meta name=\"twitter:label2\" content=\"Est. reading time\" \/>\n\t<meta name=\"twitter:data2\" content=\"3 minutos\" \/>\n<script type=\"application\/ld+json\" class=\"yoast-schema-graph\">{\"@context\":\"https:\/\/schema.org\",\"@graph\":[{\"@type\":\"Article\",\"@id\":\"https:\/\/infoelnuevonorte.com\/?p=99951#article\",\"isPartOf\":{\"@id\":\"https:\/\/infoelnuevonorte.com\/?p=99951\"},\"author\":{\"name\":\"A.P.\",\"@id\":\"https:\/\/infoelnuevonorte.com\/#\/schema\/person\/92d4a526d666630102a5094d7c57b2f3\"},\"headline\":\"M\u00e1s de 40,000 personas esperan el nuevo papa en la plaza de San Pedro\",\"datePublished\":\"2025-05-08T16:48:37+00:00\",\"dateModified\":\"2025-05-08T16:48:39+00:00\",\"mainEntityOfPage\":{\"@id\":\"https:\/\/infoelnuevonorte.com\/?p=99951\"},\"wordCount\":394,\"publisher\":{\"@id\":\"https:\/\/infoelnuevonorte.com\/#organization\"},\"image\":{\"@id\":\"https:\/\/infoelnuevonorte.com\/?p=99951#primaryimage\"},\"thumbnailUrl\":\"https:\/\/listindiario.com\/files\/vertical_main_image\/uploads\/2025\/05\/08\/681cdee3d5930.jpeg\",\"articleSection\":[\"Mundiales\"],\"inLanguage\":\"es-DO\"},{\"@type\":\"WebPage\",\"@id\":\"https:\/\/infoelnuevonorte.com\/?p=99951\",\"url\":\"https:\/\/infoelnuevonorte.com\/?p=99951\",\"name\":\"M\u00e1s de 40,000 personas esperan el nuevo papa en la plaza de San Pedro | El Nuevo Norte\",\"isPartOf\":{\"@id\":\"https:\/\/infoelnuevonorte.com\/#website\"},\"primaryImageOfPage\":{\"@id\":\"https:\/\/infoelnuevonorte.com\/?p=99951#primaryimage\"},\"image\":{\"@id\":\"https:\/\/infoelnuevonorte.com\/?p=99951#primaryimage\"},\"thumbnailUrl\":\"https:\/\/listindiario.com\/files\/vertical_main_image\/uploads\/2025\/05\/08\/681cdee3d5930.jpeg\",\"datePublished\":\"2025-05-08T16:48:37+00:00\",\"dateModified\":\"2025-05-08T16:48:39+00:00\",\"breadcrumb\":{\"@id\":\"https:\/\/infoelnuevonorte.com\/?p=99951#breadcrumb\"},\"inLanguage\":\"es-DO\",\"potentialAction\":[{\"@type\":\"ReadAction\",\"target\":[\"https:\/\/infoelnuevonorte.com\/?p=99951\"]}]},{\"@type\":\"ImageObject\",\"inLanguage\":\"es-DO\",\"@id\":\"https:\/\/infoelnuevonorte.com\/?p=99951#primaryimage\",\"url\":\"https:\/\/listindiario.com\/files\/vertical_main_image\/uploads\/2025\/05\/08\/681cdee3d5930.jpeg\",\"contentUrl\":\"https:\/\/listindiario.com\/files\/vertical_main_image\/uploads\/2025\/05\/08\/681cdee3d5930.jpeg\"},{\"@type\":\"BreadcrumbList\",\"@id\":\"https:\/\/infoelnuevonorte.com\/?p=99951#breadcrumb\",\"itemListElement\":[{\"@type\":\"ListItem\",\"position\":1,\"name\":\"Home\",\"item\":\"https:\/\/infoelnuevonorte.com\/\"},{\"@type\":\"ListItem\",\"position\":2,\"name\":\"M\u00e1s de 40,000 personas esperan el nuevo papa en la plaza de San Pedro\"}]},{\"@type\":\"WebSite\",\"@id\":\"https:\/\/infoelnuevonorte.com\/#website\",\"url\":\"https:\/\/infoelnuevonorte.com\/\",\"name\":\"InfoEnn\",\"description\":\"Tu Voz, tu Verdad, tu Diario!!!\",\"publisher\":{\"@id\":\"https:\/\/infoelnuevonorte.com\/#organization\"},\"alternateName\":\"El Nuevo Norte\",\"potentialAction\":[{\"@type\":\"SearchAction\",\"target\":{\"@type\":\"EntryPoint\",\"urlTemplate\":\"https:\/\/infoelnuevonorte.com\/?s={search_term_string}\"},\"query-input\":{\"@type\":\"PropertyValueSpecification\",\"valueRequired\":true,\"valueName\":\"search_term_string\"}}],\"inLanguage\":\"es-DO\"},{\"@type\":\"Organization\",\"@id\":\"https:\/\/infoelnuevonorte.com\/#organization\",\"name\":\"Info El Nuevo Norte\",\"alternateName\":\"El Nuevo Norte\",\"url\":\"https:\/\/infoelnuevonorte.com\/\",\"logo\":{\"@type\":\"ImageObject\",\"inLanguage\":\"es-DO\",\"@id\":\"https:\/\/infoelnuevonorte.com\/#\/schema\/logo\/image\/\",\"url\":\"https:\/\/infoelnuevonorte.com\/wp-content\/uploads\/2026\/02\/Logo-Info-enn-3d-20ani.jpeg\",\"contentUrl\":\"https:\/\/infoelnuevonorte.com\/wp-content\/uploads\/2026\/02\/Logo-Info-enn-3d-20ani.jpeg\",\"width\":2046,\"height\":736,\"caption\":\"Info El Nuevo Norte\"},\"image\":{\"@id\":\"https:\/\/infoelnuevonorte.com\/#\/schema\/logo\/image\/\"},\"sameAs\":[\"https:\/\/www.facebook.com\/infoenn\",\"https:\/\/x.com\/Elnuevo_norte\",\"https:\/\/www.instagram.com\/infoenn\",\"https:\/\/www.facebook.com\/ENNRD\"]},{\"@type\":\"Person\",\"@id\":\"https:\/\/infoelnuevonorte.com\/#\/schema\/person\/92d4a526d666630102a5094d7c57b2f3\",\"name\":\"A.P.\",\"image\":{\"@type\":\"ImageObject\",\"inLanguage\":\"es-DO\",\"@id\":\"https:\/\/infoelnuevonorte.com\/#\/schema\/person\/image\/\",\"url\":\"https:\/\/secure.gravatar.com\/avatar\/21b59994a05c5ed2c199adcbaa65531c?s=96&d=robohash&r=g\",\"contentUrl\":\"https:\/\/secure.gravatar.com\/avatar\/21b59994a05c5ed2c199adcbaa65531c?s=96&d=robohash&r=g\",\"caption\":\"A.P.\"},\"url\":\"https:\/\/infoelnuevonorte.com\/?author=7\"}]}<\/script>\n<!-- \/ Yoast SEO plugin. -->","yoast_head_json":{"title":"M\u00e1s de 40,000 personas esperan el nuevo papa en la plaza de San Pedro | El Nuevo Norte","robots":{"index":"index","follow":"follow","max-snippet":"max-snippet:-1","max-image-preview":"max-image-preview:large","max-video-preview":"max-video-preview:-1"},"canonical":"https:\/\/infoelnuevonorte.com\/?p=99951","og_locale":"es_ES","og_type":"article","og_title":"M\u00e1s de 40,000 personas esperan el nuevo papa en la plaza de San Pedro | El Nuevo Norte","og_description":"M\u00e1s de 40.000 personas, una cifra que est\u00e1 destinada a subir, esperan en la plaza de San Pedro el momento en el que el protodiacono Dominique Mamberti anuncie el &#8217;Habemus Papam' desde el balc\u00f3n de la logia central de la fachada de la bas\u00edlica vaticana y el nuevo pont\u00edfice salga y se conozca su nombre. [&hellip;]","og_url":"https:\/\/infoelnuevonorte.com\/?p=99951","og_site_name":"El Nuevo Norte","article_publisher":"https:\/\/www.facebook.com\/infoenn","article_published_time":"2025-05-08T16:48:37+00:00","article_modified_time":"2025-05-08T16:48:39+00:00","og_image":[{"width":800,"height":533,"url":"https:\/\/infoelnuevonorte.com\/wp-content\/uploads\/2025\/05\/681cdeb2a0da1.jpeg","type":"image\/jpeg"}],"author":"A.P.","twitter_card":"summary_large_image","twitter_creator":"@Elnuevo_norte","twitter_site":"@Elnuevo_norte","twitter_misc":{"Written by":"A.P.","Est. reading time":"3 minutos"},"schema":{"@context":"https:\/\/schema.org","@graph":[{"@type":"Article","@id":"https:\/\/infoelnuevonorte.com\/?p=99951#article","isPartOf":{"@id":"https:\/\/infoelnuevonorte.com\/?p=99951"},"author":{"name":"A.P.","@id":"https:\/\/infoelnuevonorte.com\/#\/schema\/person\/92d4a526d666630102a5094d7c57b2f3"},"headline":"M\u00e1s de 40,000 personas esperan el nuevo papa en la plaza de San Pedro","datePublished":"2025-05-08T16:48:37+00:00","dateModified":"2025-05-08T16:48:39+00:00","mainEntityOfPage":{"@id":"https:\/\/infoelnuevonorte.com\/?p=99951"},"wordCount":394,"publisher":{"@id":"https:\/\/infoelnuevonorte.com\/#organization"},"image":{"@id":"https:\/\/infoelnuevonorte.com\/?p=99951#primaryimage"},"thumbnailUrl":"https:\/\/listindiario.com\/files\/vertical_main_image\/uploads\/2025\/05\/08\/681cdee3d5930.jpeg","articleSection":["Mundiales"],"inLanguage":"es-DO"},{"@type":"WebPage","@id":"https:\/\/infoelnuevonorte.com\/?p=99951","url":"https:\/\/infoelnuevonorte.com\/?p=99951","name":"M\u00e1s de 40,000 personas esperan el nuevo papa en la plaza de San Pedro | El Nuevo Norte","isPartOf":{"@id":"https:\/\/infoelnuevonorte.com\/#website"},"primaryImageOfPage":{"@id":"https:\/\/infoelnuevonorte.com\/?p=99951#primaryimage"},"image":{"@id":"https:\/\/infoelnuevonorte.com\/?p=99951#primaryimage"},"thumbnailUrl":"https:\/\/listindiario.com\/files\/vertical_main_image\/uploads\/2025\/05\/08\/681cdee3d5930.jpeg","datePublished":"2025-05-08T16:48:37+00:00","dateModified":"2025-05-08T16:48:39+00:00","breadcrumb":{"@id":"https:\/\/infoelnuevonorte.com\/?p=99951#breadcrumb"},"inLanguage":"es-DO","potentialAction":[{"@type":"ReadAction","target":["https:\/\/infoelnuevonorte.com\/?p=99951"]}]},{"@type":"ImageObject","inLanguage":"es-DO","@id":"https:\/\/infoelnuevonorte.com\/?p=99951#primaryimage","url":"https:\/\/listindiario.com\/files\/vertical_main_image\/uploads\/2025\/05\/08\/681cdee3d5930.jpeg","contentUrl":"https:\/\/listindiario.com\/files\/vertical_main_image\/uploads\/2025\/05\/08\/681cdee3d5930.jpeg"},{"@type":"BreadcrumbList","@id":"https:\/\/infoelnuevonorte.com\/?p=99951#breadcrumb","itemListElement":[{"@type":"ListItem","position":1,"name":"Home","item":"https:\/\/infoelnuevonorte.com\/"},{"@type":"ListItem","position":2,"name":"M\u00e1s de 40,000 personas esperan el nuevo papa en la plaza de San Pedro"}]},{"@type":"WebSite","@id":"https:\/\/infoelnuevonorte.com\/#website","url":"https:\/\/infoelnuevonorte.com\/","name":"InfoEnn","description":"Tu Voz, tu Verdad, tu Diario!!!","publisher":{"@id":"https:\/\/infoelnuevonorte.com\/#organization"},"alternateName":"El Nuevo Norte","potentialAction":[{"@type":"SearchAction","target":{"@type":"EntryPoint","urlTemplate":"https:\/\/infoelnuevonorte.com\/?s={search_term_string}"},"query-input":{"@type":"PropertyValueSpecification","valueRequired":true,"valueName":"search_term_string"}}],"inLanguage":"es-DO"},{"@type":"Organization","@id":"https:\/\/infoelnuevonorte.com\/#organization","name":"Info El Nuevo Norte","alternateName":"El Nuevo Norte","url":"https:\/\/infoelnuevonorte.com\/","logo":{"@type":"ImageObject","inLanguage":"es-DO","@id":"https:\/\/infoelnuevonorte.com\/#\/schema\/logo\/image\/","url":"https:\/\/infoelnuevonorte.com\/wp-content\/uploads\/2026\/02\/Logo-Info-enn-3d-20ani.jpeg","contentUrl":"https:\/\/infoelnuevonorte.com\/wp-content\/uploads\/2026\/02\/Logo-Info-enn-3d-20ani.jpeg","width":2046,"height":736,"caption":"Info El Nuevo Norte"},"image":{"@id":"https:\/\/infoelnuevonorte.com\/#\/schema\/logo\/image\/"},"sameAs":["https:\/\/www.facebook.com\/infoenn","https:\/\/x.com\/Elnuevo_norte","https:\/\/www.instagram.com\/infoenn","https:\/\/www.facebook.com\/ENNRD"]},{"@type":"Person","@id":"https:\/\/infoelnuevonorte.com\/#\/schema\/person\/92d4a526d666630102a5094d7c57b2f3","name":"A.P.","image":{"@type":"ImageObject","inLanguage":"es-DO","@id":"https:\/\/infoelnuevonorte.com\/#\/schema\/person\/image\/","url":"https:\/\/secure.gravatar.com\/avatar\/21b59994a05c5ed2c199adcbaa65531c?s=96&d=robohash&r=g","contentUrl":"https:\/\/secure.gravatar.com\/avatar\/21b59994a05c5ed2c199adcbaa65531c?s=96&d=robohash&r=g","caption":"A.P."},"url":"https:\/\/infoelnuevonorte.com\/?author=7"}]}},"_links":{"self":[{"href":"https:\/\/infoelnuevonorte.com\/index.php?rest_route=\/wp\/v2\/posts\/99951"}],"collection":[{"href":"https:\/\/infoelnuevonorte.com\/index.php?rest_route=\/wp\/v2\/posts"}],"about":[{"href":"https:\/\/infoelnuevonorte.com\/index.php?rest_route=\/wp\/v2\/types\/post"}],"author":[{"embeddable":true,"href":"https:\/\/infoelnuevonorte.com\/index.php?rest_route=\/wp\/v2\/users\/7"}],"replies":[{"embeddable":true,"href":"https:\/\/infoelnuevonorte.com\/index.php?rest_route=%2Fwp%2Fv2%2Fcomments&post=99951"}],"version-history":[{"count":1,"href":"https:\/\/infoelnuevonorte.com\/index.php?rest_route=\/wp\/v2\/posts\/99951\/revisions"}],"predecessor-version":[{"id":99954,"href":"https:\/\/infoelnuevonorte.com\/index.php?rest_route=\/wp\/v2\/posts\/99951\/revisions\/99954"}],"wp:attachment":[{"href":"https:\/\/infoelnuevonorte.com\/index.php?rest_route=%2Fwp%2Fv2%2Fmedia&parent=99951"}],"wp:term":[{"taxonomy":"category","embeddable":true,"href":"https:\/\/infoelnuevonorte.com\/index.php?rest_route=%2Fwp%2Fv2%2Fcategories&post=99951"},{"taxonomy":"post_tag","embeddable":true,"href":"https:\/\/infoelnuevonorte.com\/index.php?rest_route=%2Fwp%2Fv2%2Ftags&post=99951"}],"curies":[{"name":"wp","href":"https:\/\/api.w.org\/{rel}","templated":true}]}}