{"id":99960,"date":"2025-05-08T13:00:30","date_gmt":"2025-05-08T17:00:30","guid":{"rendered":"https:\/\/infoelnuevonorte.com\/?p=99960"},"modified":"2025-05-08T13:00:32","modified_gmt":"2025-05-08T17:00:32","slug":"habemus-papam-hubo-fumata-blanca-en-el-vaticano","status":"publish","type":"post","link":"https:\/\/infoelnuevonorte.com\/?p=99960","title":{"rendered":"Habemus papam: hubo fumata blanca en el Vaticano"},"content":{"rendered":"<!--[if lt IE 9]><script>document.createElement('audio');<\/script><![endif]-->\n<audio class=\"wp-audio-shortcode\" id=\"audio-99960-1\" preload=\"none\" style=\"width: 100%;\" controls=\"controls\"><source type=\"audio\/mpeg\" src=\"https:\/\/infoelnuevonorte.com\/wp-content\/uploads\/2025\/05\/ttsmaker-vip-file-2025-5-8-12-59-23.mp3?_=1\" \/><a href=\"https:\/\/infoelnuevonorte.com\/wp-content\/uploads\/2025\/05\/ttsmaker-vip-file-2025-5-8-12-59-23.mp3\">https:\/\/infoelnuevonorte.com\/wp-content\/uploads\/2025\/05\/ttsmaker-vip-file-2025-5-8-12-59-23.mp3<\/a><\/audio>\n<p style=\"text-align: justify\"><span class=\"selectable-text copyable-text false\">CIUDAD DEL VATICANO.-\u00a0<\/span><span class=\"selectable-text copyable-text false\">\u00a1Humo blanco en el Vaticano! Iglesia Cat\u00f3lica ya tiene nuevo Papa.<\/span><\/p>\n<p style=\"text-align: justify\"><span class=\"selectable-text copyable-text false\">El nuevo pont\u00edfice fue elegido tras conseguir los votos necesarios en el c\u00f3nclave.<\/span><\/p>\n<p style=\"text-align: justify\"><span class=\"selectable-text copyable-text false\">Miles de peregrinos se hab\u00edan congregado en la Plaza San Pedro con la esperanza de conocer la identidad del nuevo pont\u00edfice, del nuevo l\u00edder de 1.400 millones de cat\u00f3licos a nivel mundial.<\/span><\/p>\n<p style=\"text-align: justify\"><span class=\"selectable-text copyable-text false\">Sonaron las campanas de la Bas\u00edlica del Vaticano; los 133 cardenales votaron y eligieron al pr\u00f3ximo l\u00edder de la Iglesia Cat\u00f3lica.<\/span><\/p>\n<p class=\"selectable-text copyable-text x15bjb6t x1n2onr6\" dir=\"ltr\" style=\"text-align: justify\"><span class=\"selectable-text copyable-text false\">El cardenal ser\u00e1 el encargado de suceder el legado de Francisco, quien falleci\u00f3 el pasado 21 de abril. En comparaci\u00f3n con las largas elecciones pontificias del pasado, los \u00faltimos 10 c\u00f3nclaves se resolvieron r\u00e1pidamente: de 2 a 5 d\u00edas como m\u00e1ximo.<\/span><\/p>\n<p class=\"selectable-text copyable-text x15bjb6t x1n2onr6\" dir=\"ltr\" style=\"text-align: justify\"><strong><span class=\"selectable-text copyable-text false\">\u00bfQUIEN LIDERARA LA IGLESIA CATOLICA?<\/span><\/strong><\/p>\n<p class=\"selectable-text copyable-text x15bjb6t x1n2onr6\" dir=\"ltr\" style=\"text-align: justify\"><span class=\"selectable-text copyable-text false\">Se conoci\u00f3 al nuevo l\u00edder de la Iglesia Cat\u00f3lica. El nuevo santo padre obtuvo una mayor\u00eda de dos tercios. La Sala de L\u00e1grimas est\u00e1 apta con las vestimentas que utilizar\u00e1 el nuevo papa: una sotana blanca, muceta y la estola para la bendici\u00f3n final.<\/span><\/p>\n<p class=\"selectable-text copyable-text x15bjb6t x1n2onr6\" dir=\"ltr\" style=\"text-align: justify\"><strong><span class=\"selectable-text copyable-text false\">\u00bfQUE SIGNIFICA EL HUMO BLANCO?<\/span><\/strong><\/p>\n<p class=\"selectable-text copyable-text x15bjb6t x1n2onr6\" dir=\"ltr\" style=\"text-align: justify\"><span class=\"selectable-text copyable-text false\">La \u00faltima vez que el humo blanco sali\u00f3 de la chimenea de la Capilla Sixtina del Vaticano fue en 2013, cuando los cardenales eligieron a Jorge Mario Bergoglio como el nuevo pont\u00edfice. El humo blanco, que anuncia la elecci\u00f3n de un nuevo Papa, requiere una mezcla m\u00e1s compleja y controlada que la del humo negro.<\/span><\/p>\n<p class=\"selectable-text copyable-text x15bjb6t x1n2onr6\" dir=\"ltr\" style=\"text-align: justify\"><span class=\"selectable-text copyable-text false\">Para elegir a un nuevo Papa, se necesitaron al menos 90 votos, lo que equivale a una mayor\u00eda de dos tercios. Ayer 7 de mayo, como ning\u00fan candidato alcanz\u00f3 esa cantidad, se volvi\u00f3 a votar. Cada jornada puede incluir hasta dos votaciones por la ma\u00f1ana y otras dos por la tarde. Este procedimiento se repiti\u00f3 hasta que finalmente se design\u00f3 al sucesor.<\/span><\/p>\n<p class=\"selectable-text copyable-text x15bjb6t x1n2onr6\" dir=\"ltr\" style=\"text-align: justify\"><strong><span class=\"selectable-text copyable-text false\">LOS NOMBRES MAS USADOS DE LOS PAPAS\u00a0<\/span><\/strong><\/p>\n<p class=\"selectable-text copyable-text x15bjb6t x1n2onr6\" dir=\"ltr\" style=\"text-align: justify\"><span class=\"selectable-text copyable-text false\">Adoptar un nuevo nombre al asumir el pontificado forma parte de una tradici\u00f3n que se consolid\u00f3 a lo largo de la historia de la Iglesia cat\u00f3lica. Esta pr\u00e1ctica tiene su origen en el ap\u00f3stol Sim\u00f3n, a quien Jes\u00fas llam\u00f3 Pedro con la frase: \u201cT\u00fa eres Pedro y sobre esta piedra edificar\u00e9 mi Iglesia\u201d. Con ese gesto, el primer papa recibi\u00f3 un nombre que reflejaba su misi\u00f3n. Desde entonces, cada nuevo obispo de Roma deja atr\u00e1s su nombre de bautismo y toma otro, como s\u00edmbolo de un \u201csegundo nacimiento\u201d espiritual en su nuevo papel.<\/span><\/p>\n<p class=\"selectable-text copyable-text x15bjb6t x1n2onr6\" dir=\"ltr\" style=\"text-align: justify\"><span class=\"selectable-text copyable-text false\">Con el paso de los siglos, algunos nombres se repitieron con frecuencia entre los pont\u00edfices, como P\u00edo, Gregorio, Juan, Benedicto, Inocencio, Le\u00f3n y Clemente.<\/span><\/p>\n<p class=\"selectable-text copyable-text x15bjb6t x1n2onr6\" dir=\"ltr\" style=\"text-align: justify\"><span class=\"selectable-text copyable-text false\">Tambi\u00e9n aparecen otros nombres de origen apost\u00f3lico como Jos\u00e9, Santiago, Andr\u00e9s y Lucas. No obstante, ning\u00fan papa eligi\u00f3 llamarse Pedro, en se\u00f1al de respeto hacia el primer l\u00edder de la Iglesia. Esta elecci\u00f3n expresa una continuidad espiritual, pero tambi\u00e9n un reconocimiento a la figura fundacional del cristianismo.<\/span><\/p>\n","protected":false},"excerpt":{"rendered":"<p>CIUDAD DEL VATICANO.-\u00a0\u00a1Humo blanco en el Vaticano! Iglesia Cat\u00f3lica ya tiene nuevo Papa. El nuevo pont\u00edfice fue elegido tras conseguir los votos necesarios en el c\u00f3nclave. Miles de peregrinos se hab\u00edan congregado en la Plaza San Pedro con la esperanza de conocer la identidad del nuevo pont\u00edfice, del nuevo l\u00edder de 1.400 millones de cat\u00f3licos [&hellip;]<\/p>\n","protected":false},"author":7,"featured_media":0,"comment_status":"closed","ping_status":"open","sticky":false,"template":"","format":"standard","meta":{"footnotes":""},"categories":[9],"tags":[],"yoast_head":"<!-- This site is optimized with the Yoast SEO plugin v24.5 - https:\/\/yoast.com\/wordpress\/plugins\/seo\/ -->\n<title>Habemus papam: hubo fumata blanca en el Vaticano | El Nuevo Norte<\/title>\n<meta name=\"robots\" content=\"index, follow, max-snippet:-1, max-image-preview:large, max-video-preview:-1\" \/>\n<link rel=\"canonical\" href=\"https:\/\/infoelnuevonorte.com\/?p=99960\" \/>\n<meta property=\"og:locale\" content=\"es_ES\" \/>\n<meta property=\"og:type\" content=\"article\" \/>\n<meta property=\"og:title\" content=\"Habemus papam: hubo fumata blanca en el Vaticano | El Nuevo Norte\" \/>\n<meta property=\"og:description\" content=\"CIUDAD DEL VATICANO.-\u00a0\u00a1Humo blanco en el Vaticano! Iglesia Cat\u00f3lica ya tiene nuevo Papa. El nuevo pont\u00edfice fue elegido tras conseguir los votos necesarios en el c\u00f3nclave. Miles de peregrinos se hab\u00edan congregado en la Plaza San Pedro con la esperanza de conocer la identidad del nuevo pont\u00edfice, del nuevo l\u00edder de 1.400 millones de cat\u00f3licos [&hellip;]\" \/>\n<meta property=\"og:url\" content=\"https:\/\/infoelnuevonorte.com\/?p=99960\" \/>\n<meta property=\"og:site_name\" content=\"El Nuevo Norte\" \/>\n<meta property=\"article:publisher\" content=\"https:\/\/www.facebook.com\/infoenn\" \/>\n<meta property=\"article:published_time\" content=\"2025-05-08T17:00:30+00:00\" \/>\n<meta property=\"article:modified_time\" content=\"2025-05-08T17:00:32+00:00\" \/>\n<meta property=\"og:image\" content=\"https:\/\/infoelnuevonorte.com\/wp-content\/uploads\/2025\/05\/GPRNBC5SQTL5RI7HHTP7CKNBE4.jpg\" \/>\n\t<meta property=\"og:image:width\" content=\"1200\" \/>\n\t<meta property=\"og:image:height\" content=\"800\" \/>\n\t<meta property=\"og:image:type\" content=\"image\/jpeg\" \/>\n<meta name=\"author\" content=\"A.P.\" \/>\n<meta name=\"twitter:card\" content=\"summary_large_image\" \/>\n<meta name=\"twitter:creator\" content=\"@Elnuevo_norte\" \/>\n<meta name=\"twitter:site\" content=\"@Elnuevo_norte\" \/>\n<meta name=\"twitter:label1\" content=\"Written by\" \/>\n\t<meta name=\"twitter:data1\" content=\"A.P.\" \/>\n\t<meta name=\"twitter:label2\" content=\"Est. reading time\" \/>\n\t<meta name=\"twitter:data2\" content=\"3 minutos\" \/>\n<script type=\"application\/ld+json\" class=\"yoast-schema-graph\">{\"@context\":\"https:\/\/schema.org\",\"@graph\":[{\"@type\":\"Article\",\"@id\":\"https:\/\/infoelnuevonorte.com\/?p=99960#article\",\"isPartOf\":{\"@id\":\"https:\/\/infoelnuevonorte.com\/?p=99960\"},\"author\":{\"name\":\"A.P.\",\"@id\":\"https:\/\/infoelnuevonorte.com\/#\/schema\/person\/92d4a526d666630102a5094d7c57b2f3\"},\"headline\":\"Habemus papam: hubo fumata blanca en el Vaticano\",\"datePublished\":\"2025-05-08T17:00:30+00:00\",\"dateModified\":\"2025-05-08T17:00:32+00:00\",\"mainEntityOfPage\":{\"@id\":\"https:\/\/infoelnuevonorte.com\/?p=99960\"},\"wordCount\":525,\"publisher\":{\"@id\":\"https:\/\/infoelnuevonorte.com\/#organization\"},\"articleSection\":[\"Mundiales\"],\"inLanguage\":\"es-DO\"},{\"@type\":\"WebPage\",\"@id\":\"https:\/\/infoelnuevonorte.com\/?p=99960\",\"url\":\"https:\/\/infoelnuevonorte.com\/?p=99960\",\"name\":\"Habemus papam: hubo fumata blanca en el Vaticano | El Nuevo Norte\",\"isPartOf\":{\"@id\":\"https:\/\/infoelnuevonorte.com\/#website\"},\"datePublished\":\"2025-05-08T17:00:30+00:00\",\"dateModified\":\"2025-05-08T17:00:32+00:00\",\"breadcrumb\":{\"@id\":\"https:\/\/infoelnuevonorte.com\/?p=99960#breadcrumb\"},\"inLanguage\":\"es-DO\",\"potentialAction\":[{\"@type\":\"ReadAction\",\"target\":[\"https:\/\/infoelnuevonorte.com\/?p=99960\"]}]},{\"@type\":\"BreadcrumbList\",\"@id\":\"https:\/\/infoelnuevonorte.com\/?p=99960#breadcrumb\",\"itemListElement\":[{\"@type\":\"ListItem\",\"position\":1,\"name\":\"Home\",\"item\":\"https:\/\/infoelnuevonorte.com\/\"},{\"@type\":\"ListItem\",\"position\":2,\"name\":\"Habemus papam: hubo fumata blanca en el Vaticano\"}]},{\"@type\":\"WebSite\",\"@id\":\"https:\/\/infoelnuevonorte.com\/#website\",\"url\":\"https:\/\/infoelnuevonorte.com\/\",\"name\":\"InfoEnn\",\"description\":\"Tu Voz, tu Verdad, tu Diario!!!\",\"publisher\":{\"@id\":\"https:\/\/infoelnuevonorte.com\/#organization\"},\"alternateName\":\"El Nuevo Norte\",\"potentialAction\":[{\"@type\":\"SearchAction\",\"target\":{\"@type\":\"EntryPoint\",\"urlTemplate\":\"https:\/\/infoelnuevonorte.com\/?s={search_term_string}\"},\"query-input\":{\"@type\":\"PropertyValueSpecification\",\"valueRequired\":true,\"valueName\":\"search_term_string\"}}],\"inLanguage\":\"es-DO\"},{\"@type\":\"Organization\",\"@id\":\"https:\/\/infoelnuevonorte.com\/#organization\",\"name\":\"Info El Nuevo Norte\",\"alternateName\":\"El Nuevo Norte\",\"url\":\"https:\/\/infoelnuevonorte.com\/\",\"logo\":{\"@type\":\"ImageObject\",\"inLanguage\":\"es-DO\",\"@id\":\"https:\/\/infoelnuevonorte.com\/#\/schema\/logo\/image\/\",\"url\":\"https:\/\/infoelnuevonorte.com\/wp-content\/uploads\/2026\/02\/Logo-Info-enn-3d-20ani.jpeg\",\"contentUrl\":\"https:\/\/infoelnuevonorte.com\/wp-content\/uploads\/2026\/02\/Logo-Info-enn-3d-20ani.jpeg\",\"width\":2046,\"height\":736,\"caption\":\"Info El Nuevo Norte\"},\"image\":{\"@id\":\"https:\/\/infoelnuevonorte.com\/#\/schema\/logo\/image\/\"},\"sameAs\":[\"https:\/\/www.facebook.com\/infoenn\",\"https:\/\/x.com\/Elnuevo_norte\",\"https:\/\/www.instagram.com\/infoenn\",\"https:\/\/www.facebook.com\/ENNRD\"]},{\"@type\":\"Person\",\"@id\":\"https:\/\/infoelnuevonorte.com\/#\/schema\/person\/92d4a526d666630102a5094d7c57b2f3\",\"name\":\"A.P.\",\"image\":{\"@type\":\"ImageObject\",\"inLanguage\":\"es-DO\",\"@id\":\"https:\/\/infoelnuevonorte.com\/#\/schema\/person\/image\/\",\"url\":\"https:\/\/secure.gravatar.com\/avatar\/21b59994a05c5ed2c199adcbaa65531c?s=96&d=robohash&r=g\",\"contentUrl\":\"https:\/\/secure.gravatar.com\/avatar\/21b59994a05c5ed2c199adcbaa65531c?s=96&d=robohash&r=g\",\"caption\":\"A.P.\"},\"url\":\"https:\/\/infoelnuevonorte.com\/?author=7\"}]}<\/script>\n<!-- \/ Yoast SEO plugin. -->","yoast_head_json":{"title":"Habemus papam: hubo fumata blanca en el Vaticano | El Nuevo Norte","robots":{"index":"index","follow":"follow","max-snippet":"max-snippet:-1","max-image-preview":"max-image-preview:large","max-video-preview":"max-video-preview:-1"},"canonical":"https:\/\/infoelnuevonorte.com\/?p=99960","og_locale":"es_ES","og_type":"article","og_title":"Habemus papam: hubo fumata blanca en el Vaticano | El Nuevo Norte","og_description":"CIUDAD DEL VATICANO.-\u00a0\u00a1Humo blanco en el Vaticano! Iglesia Cat\u00f3lica ya tiene nuevo Papa. El nuevo pont\u00edfice fue elegido tras conseguir los votos necesarios en el c\u00f3nclave. Miles de peregrinos se hab\u00edan congregado en la Plaza San Pedro con la esperanza de conocer la identidad del nuevo pont\u00edfice, del nuevo l\u00edder de 1.400 millones de cat\u00f3licos [&hellip;]","og_url":"https:\/\/infoelnuevonorte.com\/?p=99960","og_site_name":"El Nuevo Norte","article_publisher":"https:\/\/www.facebook.com\/infoenn","article_published_time":"2025-05-08T17:00:30+00:00","article_modified_time":"2025-05-08T17:00:32+00:00","og_image":[{"width":1200,"height":800,"url":"https:\/\/infoelnuevonorte.com\/wp-content\/uploads\/2025\/05\/GPRNBC5SQTL5RI7HHTP7CKNBE4.jpg","type":"image\/jpeg"}],"author":"A.P.","twitter_card":"summary_large_image","twitter_creator":"@Elnuevo_norte","twitter_site":"@Elnuevo_norte","twitter_misc":{"Written by":"A.P.","Est. reading time":"3 minutos"},"schema":{"@context":"https:\/\/schema.org","@graph":[{"@type":"Article","@id":"https:\/\/infoelnuevonorte.com\/?p=99960#article","isPartOf":{"@id":"https:\/\/infoelnuevonorte.com\/?p=99960"},"author":{"name":"A.P.","@id":"https:\/\/infoelnuevonorte.com\/#\/schema\/person\/92d4a526d666630102a5094d7c57b2f3"},"headline":"Habemus papam: hubo fumata blanca en el Vaticano","datePublished":"2025-05-08T17:00:30+00:00","dateModified":"2025-05-08T17:00:32+00:00","mainEntityOfPage":{"@id":"https:\/\/infoelnuevonorte.com\/?p=99960"},"wordCount":525,"publisher":{"@id":"https:\/\/infoelnuevonorte.com\/#organization"},"articleSection":["Mundiales"],"inLanguage":"es-DO"},{"@type":"WebPage","@id":"https:\/\/infoelnuevonorte.com\/?p=99960","url":"https:\/\/infoelnuevonorte.com\/?p=99960","name":"Habemus papam: hubo fumata blanca en el Vaticano | El Nuevo Norte","isPartOf":{"@id":"https:\/\/infoelnuevonorte.com\/#website"},"datePublished":"2025-05-08T17:00:30+00:00","dateModified":"2025-05-08T17:00:32+00:00","breadcrumb":{"@id":"https:\/\/infoelnuevonorte.com\/?p=99960#breadcrumb"},"inLanguage":"es-DO","potentialAction":[{"@type":"ReadAction","target":["https:\/\/infoelnuevonorte.com\/?p=99960"]}]},{"@type":"BreadcrumbList","@id":"https:\/\/infoelnuevonorte.com\/?p=99960#breadcrumb","itemListElement":[{"@type":"ListItem","position":1,"name":"Home","item":"https:\/\/infoelnuevonorte.com\/"},{"@type":"ListItem","position":2,"name":"Habemus papam: hubo fumata blanca en el Vaticano"}]},{"@type":"WebSite","@id":"https:\/\/infoelnuevonorte.com\/#website","url":"https:\/\/infoelnuevonorte.com\/","name":"InfoEnn","description":"Tu Voz, tu Verdad, tu Diario!!!","publisher":{"@id":"https:\/\/infoelnuevonorte.com\/#organization"},"alternateName":"El Nuevo Norte","potentialAction":[{"@type":"SearchAction","target":{"@type":"EntryPoint","urlTemplate":"https:\/\/infoelnuevonorte.com\/?s={search_term_string}"},"query-input":{"@type":"PropertyValueSpecification","valueRequired":true,"valueName":"search_term_string"}}],"inLanguage":"es-DO"},{"@type":"Organization","@id":"https:\/\/infoelnuevonorte.com\/#organization","name":"Info El Nuevo Norte","alternateName":"El Nuevo Norte","url":"https:\/\/infoelnuevonorte.com\/","logo":{"@type":"ImageObject","inLanguage":"es-DO","@id":"https:\/\/infoelnuevonorte.com\/#\/schema\/logo\/image\/","url":"https:\/\/infoelnuevonorte.com\/wp-content\/uploads\/2026\/02\/Logo-Info-enn-3d-20ani.jpeg","contentUrl":"https:\/\/infoelnuevonorte.com\/wp-content\/uploads\/2026\/02\/Logo-Info-enn-3d-20ani.jpeg","width":2046,"height":736,"caption":"Info El Nuevo Norte"},"image":{"@id":"https:\/\/infoelnuevonorte.com\/#\/schema\/logo\/image\/"},"sameAs":["https:\/\/www.facebook.com\/infoenn","https:\/\/x.com\/Elnuevo_norte","https:\/\/www.instagram.com\/infoenn","https:\/\/www.facebook.com\/ENNRD"]},{"@type":"Person","@id":"https:\/\/infoelnuevonorte.com\/#\/schema\/person\/92d4a526d666630102a5094d7c57b2f3","name":"A.P.","image":{"@type":"ImageObject","inLanguage":"es-DO","@id":"https:\/\/infoelnuevonorte.com\/#\/schema\/person\/image\/","url":"https:\/\/secure.gravatar.com\/avatar\/21b59994a05c5ed2c199adcbaa65531c?s=96&d=robohash&r=g","contentUrl":"https:\/\/secure.gravatar.com\/avatar\/21b59994a05c5ed2c199adcbaa65531c?s=96&d=robohash&r=g","caption":"A.P."},"url":"https:\/\/infoelnuevonorte.com\/?author=7"}]}},"_links":{"self":[{"href":"https:\/\/infoelnuevonorte.com\/index.php?rest_route=\/wp\/v2\/posts\/99960"}],"collection":[{"href":"https:\/\/infoelnuevonorte.com\/index.php?rest_route=\/wp\/v2\/posts"}],"about":[{"href":"https:\/\/infoelnuevonorte.com\/index.php?rest_route=\/wp\/v2\/types\/post"}],"author":[{"embeddable":true,"href":"https:\/\/infoelnuevonorte.com\/index.php?rest_route=\/wp\/v2\/users\/7"}],"replies":[{"embeddable":true,"href":"https:\/\/infoelnuevonorte.com\/index.php?rest_route=%2Fwp%2Fv2%2Fcomments&post=99960"}],"version-history":[{"count":1,"href":"https:\/\/infoelnuevonorte.com\/index.php?rest_route=\/wp\/v2\/posts\/99960\/revisions"}],"predecessor-version":[{"id":99963,"href":"https:\/\/infoelnuevonorte.com\/index.php?rest_route=\/wp\/v2\/posts\/99960\/revisions\/99963"}],"wp:attachment":[{"href":"https:\/\/infoelnuevonorte.com\/index.php?rest_route=%2Fwp%2Fv2%2Fmedia&parent=99960"}],"wp:term":[{"taxonomy":"category","embeddable":true,"href":"https:\/\/infoelnuevonorte.com\/index.php?rest_route=%2Fwp%2Fv2%2Fcategories&post=99960"},{"taxonomy":"post_tag","embeddable":true,"href":"https:\/\/infoelnuevonorte.com\/index.php?rest_route=%2Fwp%2Fv2%2Ftags&post=99960"}],"curies":[{"name":"wp","href":"https:\/\/api.w.org\/{rel}","templated":true}]}}