{"id":99969,"date":"2025-05-08T15:52:58","date_gmt":"2025-05-08T19:52:58","guid":{"rendered":"https:\/\/infoelnuevonorte.com\/?p=99969"},"modified":"2025-05-08T15:52:59","modified_gmt":"2025-05-08T19:52:59","slug":"nuevo-papa-leon-xiv-visito-la-republica-dominicana-en-2011-y-fue-homenajeado-en-la-vega","status":"publish","type":"post","link":"https:\/\/infoelnuevonorte.com\/?p=99969","title":{"rendered":"Nuevo Papa Le\u00f3n XIV visit\u00f3 la Rep\u00fablica Dominicana en 2011 y fue homenajeado en La Vega"},"content":{"rendered":"<!--[if lt IE 9]><script>document.createElement('audio');<\/script><![endif]-->\n<audio class=\"wp-audio-shortcode\" id=\"audio-99969-1\" preload=\"none\" style=\"width: 100%;\" controls=\"controls\"><source type=\"audio\/mpeg\" src=\"https:\/\/infoelnuevonorte.com\/wp-content\/uploads\/2025\/05\/ttsmaker-vip-file-2025-5-8-15-51-40.mp3?_=1\" \/><a href=\"https:\/\/infoelnuevonorte.com\/wp-content\/uploads\/2025\/05\/ttsmaker-vip-file-2025-5-8-15-51-40.mp3\">https:\/\/infoelnuevonorte.com\/wp-content\/uploads\/2025\/05\/ttsmaker-vip-file-2025-5-8-15-51-40.mp3<\/a><\/audio>\n<p style=\"text-align: justify;\">LA VEGA, R.D.\u2013 El reci\u00e9n electo Papa Le\u00f3n XIV, anteriormente conocido como el cardenal Robert Francis Prevost, guarda un v\u00ednculo especial con la Rep\u00fablica Dominicana. En el a\u00f1o 2011, cuando a\u00fan se desempe\u00f1aba como obispo agustino, visit\u00f3 el pa\u00eds y fue recibido con honores por sus hermanos de congregaci\u00f3n en la provincia de La Vega.<\/p>\n<p style=\"text-align: justify;\">Durante su visita, fue reconocido por la Orden de San Agust\u00edn en la Parroquia San Agust\u00edn, donde comparti\u00f3 con fieles y religiosos dominicanos, dejando una impresi\u00f3n positiva por su cercan\u00eda, humildad y profundo compromiso pastoral.<\/p>\n<p style=\"text-align: justify;\">Este detalle cobra relevancia hist\u00f3rica, ya que Le\u00f3n XIV se convierte en el primer Papa estadounidense y uno de los pocos con una fuerte conexi\u00f3n personal con Am\u00e9rica Latina y el Caribe.<\/p>\n<p style=\"text-align: justify;\">Prevost, ahora Sumo Pont\u00edfice, habla espa\u00f1ol con fluidez y ha manifestado en m\u00faltiples ocasiones su amor por la cultura y el pueblo latinoamericano, lo que fortalece las expectativas de una relaci\u00f3n m\u00e1s estrecha entre el Vaticano y la regi\u00f3n.<img loading=\"lazy\" decoding=\"async\" class=\"aligncenter size-full wp-image-99971\" src=\"https:\/\/infoelnuevonorte.com\/wp-content\/uploads\/2025\/05\/WhatsApp-Image-2025-05-08-at-3.41.20-PM.jpeg\" alt=\"\" width=\"1152\" height=\"864\" \/><\/p>\n<p style=\"text-align: justify;\">\n","protected":false},"excerpt":{"rendered":"<p>LA VEGA, R.D.\u2013 El reci\u00e9n electo Papa Le\u00f3n XIV, anteriormente conocido como el cardenal Robert Francis Prevost, guarda un v\u00ednculo especial con la Rep\u00fablica Dominicana. En el a\u00f1o 2011, cuando a\u00fan se desempe\u00f1aba como obispo agustino, visit\u00f3 el pa\u00eds y fue recibido con honores por sus hermanos de congregaci\u00f3n en la provincia de La Vega. [&hellip;]<\/p>\n","protected":false},"author":1,"featured_media":0,"comment_status":"closed","ping_status":"open","sticky":false,"template":"","format":"standard","meta":{"footnotes":""},"categories":[8],"tags":[],"yoast_head":"<!-- This site is optimized with the Yoast SEO plugin v24.5 - https:\/\/yoast.com\/wordpress\/plugins\/seo\/ -->\n<title>Nuevo Papa Le\u00f3n XIV visit\u00f3 la Rep\u00fablica Dominicana en 2011 y fue homenajeado en La Vega | El Nuevo Norte<\/title>\n<meta name=\"robots\" content=\"index, follow, max-snippet:-1, max-image-preview:large, max-video-preview:-1\" \/>\n<link rel=\"canonical\" href=\"https:\/\/infoelnuevonorte.com\/?p=99969\" \/>\n<meta property=\"og:locale\" content=\"es_ES\" \/>\n<meta property=\"og:type\" content=\"article\" \/>\n<meta property=\"og:title\" content=\"Nuevo Papa Le\u00f3n XIV visit\u00f3 la Rep\u00fablica Dominicana en 2011 y fue homenajeado en La Vega | El Nuevo Norte\" \/>\n<meta property=\"og:description\" content=\"LA VEGA, R.D.\u2013 El reci\u00e9n electo Papa Le\u00f3n XIV, anteriormente conocido como el cardenal Robert Francis Prevost, guarda un v\u00ednculo especial con la Rep\u00fablica Dominicana. En el a\u00f1o 2011, cuando a\u00fan se desempe\u00f1aba como obispo agustino, visit\u00f3 el pa\u00eds y fue recibido con honores por sus hermanos de congregaci\u00f3n en la provincia de La Vega. [&hellip;]\" \/>\n<meta property=\"og:url\" content=\"https:\/\/infoelnuevonorte.com\/?p=99969\" \/>\n<meta property=\"og:site_name\" content=\"El Nuevo Norte\" \/>\n<meta property=\"article:publisher\" content=\"https:\/\/www.facebook.com\/infoenn\" \/>\n<meta property=\"article:published_time\" content=\"2025-05-08T19:52:58+00:00\" \/>\n<meta property=\"article:modified_time\" content=\"2025-05-08T19:52:59+00:00\" \/>\n<meta property=\"og:image\" content=\"https:\/\/infoelnuevonorte.com\/wp-content\/uploads\/2025\/05\/WhatsApp-Image-2025-05-08-at-3.41.19-PM.jpeg\" \/>\n\t<meta property=\"og:image:width\" content=\"720\" \/>\n\t<meta property=\"og:image:height\" content=\"540\" \/>\n\t<meta property=\"og:image:type\" content=\"image\/jpeg\" \/>\n<meta name=\"author\" content=\"InfoEnn\" \/>\n<meta name=\"twitter:card\" content=\"summary_large_image\" \/>\n<meta name=\"twitter:creator\" content=\"@Elnuevo_norte\" \/>\n<meta name=\"twitter:site\" content=\"@Elnuevo_norte\" \/>\n<meta name=\"twitter:label1\" content=\"Written by\" \/>\n\t<meta name=\"twitter:data1\" content=\"InfoEnn\" \/>\n\t<meta name=\"twitter:label2\" content=\"Est. reading time\" \/>\n\t<meta name=\"twitter:data2\" content=\"2 minutos\" \/>\n<script type=\"application\/ld+json\" class=\"yoast-schema-graph\">{\"@context\":\"https:\/\/schema.org\",\"@graph\":[{\"@type\":\"Article\",\"@id\":\"https:\/\/infoelnuevonorte.com\/?p=99969#article\",\"isPartOf\":{\"@id\":\"https:\/\/infoelnuevonorte.com\/?p=99969\"},\"author\":{\"name\":\"InfoEnn\",\"@id\":\"https:\/\/infoelnuevonorte.com\/#\/schema\/person\/fd4f6d90afe41260818b4ea94ad8ab84\"},\"headline\":\"Nuevo Papa Le\u00f3n XIV visit\u00f3 la Rep\u00fablica Dominicana en 2011 y fue homenajeado en La Vega\",\"datePublished\":\"2025-05-08T19:52:58+00:00\",\"dateModified\":\"2025-05-08T19:52:59+00:00\",\"mainEntityOfPage\":{\"@id\":\"https:\/\/infoelnuevonorte.com\/?p=99969\"},\"wordCount\":216,\"publisher\":{\"@id\":\"https:\/\/infoelnuevonorte.com\/#organization\"},\"image\":{\"@id\":\"https:\/\/infoelnuevonorte.com\/?p=99969#primaryimage\"},\"thumbnailUrl\":\"https:\/\/infoelnuevonorte.com\/wp-content\/uploads\/2025\/05\/WhatsApp-Image-2025-05-08-at-3.41.20-PM.jpeg\",\"articleSection\":[\"Nacionales\"],\"inLanguage\":\"es-DO\"},{\"@type\":\"WebPage\",\"@id\":\"https:\/\/infoelnuevonorte.com\/?p=99969\",\"url\":\"https:\/\/infoelnuevonorte.com\/?p=99969\",\"name\":\"Nuevo Papa Le\u00f3n XIV visit\u00f3 la Rep\u00fablica Dominicana en 2011 y fue homenajeado en La Vega | El Nuevo Norte\",\"isPartOf\":{\"@id\":\"https:\/\/infoelnuevonorte.com\/#website\"},\"primaryImageOfPage\":{\"@id\":\"https:\/\/infoelnuevonorte.com\/?p=99969#primaryimage\"},\"image\":{\"@id\":\"https:\/\/infoelnuevonorte.com\/?p=99969#primaryimage\"},\"thumbnailUrl\":\"https:\/\/infoelnuevonorte.com\/wp-content\/uploads\/2025\/05\/WhatsApp-Image-2025-05-08-at-3.41.20-PM.jpeg\",\"datePublished\":\"2025-05-08T19:52:58+00:00\",\"dateModified\":\"2025-05-08T19:52:59+00:00\",\"breadcrumb\":{\"@id\":\"https:\/\/infoelnuevonorte.com\/?p=99969#breadcrumb\"},\"inLanguage\":\"es-DO\",\"potentialAction\":[{\"@type\":\"ReadAction\",\"target\":[\"https:\/\/infoelnuevonorte.com\/?p=99969\"]}]},{\"@type\":\"ImageObject\",\"inLanguage\":\"es-DO\",\"@id\":\"https:\/\/infoelnuevonorte.com\/?p=99969#primaryimage\",\"url\":\"\",\"contentUrl\":\"\"},{\"@type\":\"BreadcrumbList\",\"@id\":\"https:\/\/infoelnuevonorte.com\/?p=99969#breadcrumb\",\"itemListElement\":[{\"@type\":\"ListItem\",\"position\":1,\"name\":\"Home\",\"item\":\"https:\/\/infoelnuevonorte.com\/\"},{\"@type\":\"ListItem\",\"position\":2,\"name\":\"Nuevo Papa Le\u00f3n XIV visit\u00f3 la Rep\u00fablica Dominicana en 2011 y fue homenajeado en La Vega\"}]},{\"@type\":\"WebSite\",\"@id\":\"https:\/\/infoelnuevonorte.com\/#website\",\"url\":\"https:\/\/infoelnuevonorte.com\/\",\"name\":\"InfoEnn\",\"description\":\"Tu Voz, tu Verdad, tu Diario!!!\",\"publisher\":{\"@id\":\"https:\/\/infoelnuevonorte.com\/#organization\"},\"alternateName\":\"El Nuevo Norte\",\"potentialAction\":[{\"@type\":\"SearchAction\",\"target\":{\"@type\":\"EntryPoint\",\"urlTemplate\":\"https:\/\/infoelnuevonorte.com\/?s={search_term_string}\"},\"query-input\":{\"@type\":\"PropertyValueSpecification\",\"valueRequired\":true,\"valueName\":\"search_term_string\"}}],\"inLanguage\":\"es-DO\"},{\"@type\":\"Organization\",\"@id\":\"https:\/\/infoelnuevonorte.com\/#organization\",\"name\":\"Info El Nuevo Norte\",\"alternateName\":\"El Nuevo Norte\",\"url\":\"https:\/\/infoelnuevonorte.com\/\",\"logo\":{\"@type\":\"ImageObject\",\"inLanguage\":\"es-DO\",\"@id\":\"https:\/\/infoelnuevonorte.com\/#\/schema\/logo\/image\/\",\"url\":\"https:\/\/infoelnuevonorte.com\/wp-content\/uploads\/2026\/02\/Logo-Info-enn-3d-20ani.jpeg\",\"contentUrl\":\"https:\/\/infoelnuevonorte.com\/wp-content\/uploads\/2026\/02\/Logo-Info-enn-3d-20ani.jpeg\",\"width\":2046,\"height\":736,\"caption\":\"Info El Nuevo Norte\"},\"image\":{\"@id\":\"https:\/\/infoelnuevonorte.com\/#\/schema\/logo\/image\/\"},\"sameAs\":[\"https:\/\/www.facebook.com\/infoenn\",\"https:\/\/x.com\/Elnuevo_norte\",\"https:\/\/www.instagram.com\/infoenn\",\"https:\/\/www.facebook.com\/ENNRD\"]},{\"@type\":\"Person\",\"@id\":\"https:\/\/infoelnuevonorte.com\/#\/schema\/person\/fd4f6d90afe41260818b4ea94ad8ab84\",\"name\":\"InfoEnn\",\"image\":{\"@type\":\"ImageObject\",\"inLanguage\":\"es-DO\",\"@id\":\"https:\/\/infoelnuevonorte.com\/#\/schema\/person\/image\/\",\"url\":\"https:\/\/secure.gravatar.com\/avatar\/d4d760a41a48ba9db0a82bfb63bb0783?s=96&d=robohash&r=g\",\"contentUrl\":\"https:\/\/secure.gravatar.com\/avatar\/d4d760a41a48ba9db0a82bfb63bb0783?s=96&d=robohash&r=g\",\"caption\":\"InfoEnn\"},\"sameAs\":[\"https:\/\/infoelnuevonorte.com\"],\"url\":\"https:\/\/infoelnuevonorte.com\/?author=1\"}]}<\/script>\n<!-- \/ Yoast SEO plugin. -->","yoast_head_json":{"title":"Nuevo Papa Le\u00f3n XIV visit\u00f3 la Rep\u00fablica Dominicana en 2011 y fue homenajeado en La Vega | El Nuevo Norte","robots":{"index":"index","follow":"follow","max-snippet":"max-snippet:-1","max-image-preview":"max-image-preview:large","max-video-preview":"max-video-preview:-1"},"canonical":"https:\/\/infoelnuevonorte.com\/?p=99969","og_locale":"es_ES","og_type":"article","og_title":"Nuevo Papa Le\u00f3n XIV visit\u00f3 la Rep\u00fablica Dominicana en 2011 y fue homenajeado en La Vega | El Nuevo Norte","og_description":"LA VEGA, R.D.\u2013 El reci\u00e9n electo Papa Le\u00f3n XIV, anteriormente conocido como el cardenal Robert Francis Prevost, guarda un v\u00ednculo especial con la Rep\u00fablica Dominicana. En el a\u00f1o 2011, cuando a\u00fan se desempe\u00f1aba como obispo agustino, visit\u00f3 el pa\u00eds y fue recibido con honores por sus hermanos de congregaci\u00f3n en la provincia de La Vega. [&hellip;]","og_url":"https:\/\/infoelnuevonorte.com\/?p=99969","og_site_name":"El Nuevo Norte","article_publisher":"https:\/\/www.facebook.com\/infoenn","article_published_time":"2025-05-08T19:52:58+00:00","article_modified_time":"2025-05-08T19:52:59+00:00","og_image":[{"width":720,"height":540,"url":"https:\/\/infoelnuevonorte.com\/wp-content\/uploads\/2025\/05\/WhatsApp-Image-2025-05-08-at-3.41.19-PM.jpeg","type":"image\/jpeg"}],"author":"InfoEnn","twitter_card":"summary_large_image","twitter_creator":"@Elnuevo_norte","twitter_site":"@Elnuevo_norte","twitter_misc":{"Written by":"InfoEnn","Est. reading time":"2 minutos"},"schema":{"@context":"https:\/\/schema.org","@graph":[{"@type":"Article","@id":"https:\/\/infoelnuevonorte.com\/?p=99969#article","isPartOf":{"@id":"https:\/\/infoelnuevonorte.com\/?p=99969"},"author":{"name":"InfoEnn","@id":"https:\/\/infoelnuevonorte.com\/#\/schema\/person\/fd4f6d90afe41260818b4ea94ad8ab84"},"headline":"Nuevo Papa Le\u00f3n XIV visit\u00f3 la Rep\u00fablica Dominicana en 2011 y fue homenajeado en La Vega","datePublished":"2025-05-08T19:52:58+00:00","dateModified":"2025-05-08T19:52:59+00:00","mainEntityOfPage":{"@id":"https:\/\/infoelnuevonorte.com\/?p=99969"},"wordCount":216,"publisher":{"@id":"https:\/\/infoelnuevonorte.com\/#organization"},"image":{"@id":"https:\/\/infoelnuevonorte.com\/?p=99969#primaryimage"},"thumbnailUrl":"https:\/\/infoelnuevonorte.com\/wp-content\/uploads\/2025\/05\/WhatsApp-Image-2025-05-08-at-3.41.20-PM.jpeg","articleSection":["Nacionales"],"inLanguage":"es-DO"},{"@type":"WebPage","@id":"https:\/\/infoelnuevonorte.com\/?p=99969","url":"https:\/\/infoelnuevonorte.com\/?p=99969","name":"Nuevo Papa Le\u00f3n XIV visit\u00f3 la Rep\u00fablica Dominicana en 2011 y fue homenajeado en La Vega | El Nuevo Norte","isPartOf":{"@id":"https:\/\/infoelnuevonorte.com\/#website"},"primaryImageOfPage":{"@id":"https:\/\/infoelnuevonorte.com\/?p=99969#primaryimage"},"image":{"@id":"https:\/\/infoelnuevonorte.com\/?p=99969#primaryimage"},"thumbnailUrl":"https:\/\/infoelnuevonorte.com\/wp-content\/uploads\/2025\/05\/WhatsApp-Image-2025-05-08-at-3.41.20-PM.jpeg","datePublished":"2025-05-08T19:52:58+00:00","dateModified":"2025-05-08T19:52:59+00:00","breadcrumb":{"@id":"https:\/\/infoelnuevonorte.com\/?p=99969#breadcrumb"},"inLanguage":"es-DO","potentialAction":[{"@type":"ReadAction","target":["https:\/\/infoelnuevonorte.com\/?p=99969"]}]},{"@type":"ImageObject","inLanguage":"es-DO","@id":"https:\/\/infoelnuevonorte.com\/?p=99969#primaryimage","url":"","contentUrl":""},{"@type":"BreadcrumbList","@id":"https:\/\/infoelnuevonorte.com\/?p=99969#breadcrumb","itemListElement":[{"@type":"ListItem","position":1,"name":"Home","item":"https:\/\/infoelnuevonorte.com\/"},{"@type":"ListItem","position":2,"name":"Nuevo Papa Le\u00f3n XIV visit\u00f3 la Rep\u00fablica Dominicana en 2011 y fue homenajeado en La Vega"}]},{"@type":"WebSite","@id":"https:\/\/infoelnuevonorte.com\/#website","url":"https:\/\/infoelnuevonorte.com\/","name":"InfoEnn","description":"Tu Voz, tu Verdad, tu Diario!!!","publisher":{"@id":"https:\/\/infoelnuevonorte.com\/#organization"},"alternateName":"El Nuevo Norte","potentialAction":[{"@type":"SearchAction","target":{"@type":"EntryPoint","urlTemplate":"https:\/\/infoelnuevonorte.com\/?s={search_term_string}"},"query-input":{"@type":"PropertyValueSpecification","valueRequired":true,"valueName":"search_term_string"}}],"inLanguage":"es-DO"},{"@type":"Organization","@id":"https:\/\/infoelnuevonorte.com\/#organization","name":"Info El Nuevo Norte","alternateName":"El Nuevo Norte","url":"https:\/\/infoelnuevonorte.com\/","logo":{"@type":"ImageObject","inLanguage":"es-DO","@id":"https:\/\/infoelnuevonorte.com\/#\/schema\/logo\/image\/","url":"https:\/\/infoelnuevonorte.com\/wp-content\/uploads\/2026\/02\/Logo-Info-enn-3d-20ani.jpeg","contentUrl":"https:\/\/infoelnuevonorte.com\/wp-content\/uploads\/2026\/02\/Logo-Info-enn-3d-20ani.jpeg","width":2046,"height":736,"caption":"Info El Nuevo Norte"},"image":{"@id":"https:\/\/infoelnuevonorte.com\/#\/schema\/logo\/image\/"},"sameAs":["https:\/\/www.facebook.com\/infoenn","https:\/\/x.com\/Elnuevo_norte","https:\/\/www.instagram.com\/infoenn","https:\/\/www.facebook.com\/ENNRD"]},{"@type":"Person","@id":"https:\/\/infoelnuevonorte.com\/#\/schema\/person\/fd4f6d90afe41260818b4ea94ad8ab84","name":"InfoEnn","image":{"@type":"ImageObject","inLanguage":"es-DO","@id":"https:\/\/infoelnuevonorte.com\/#\/schema\/person\/image\/","url":"https:\/\/secure.gravatar.com\/avatar\/d4d760a41a48ba9db0a82bfb63bb0783?s=96&d=robohash&r=g","contentUrl":"https:\/\/secure.gravatar.com\/avatar\/d4d760a41a48ba9db0a82bfb63bb0783?s=96&d=robohash&r=g","caption":"InfoEnn"},"sameAs":["https:\/\/infoelnuevonorte.com"],"url":"https:\/\/infoelnuevonorte.com\/?author=1"}]}},"_links":{"self":[{"href":"https:\/\/infoelnuevonorte.com\/index.php?rest_route=\/wp\/v2\/posts\/99969"}],"collection":[{"href":"https:\/\/infoelnuevonorte.com\/index.php?rest_route=\/wp\/v2\/posts"}],"about":[{"href":"https:\/\/infoelnuevonorte.com\/index.php?rest_route=\/wp\/v2\/types\/post"}],"author":[{"embeddable":true,"href":"https:\/\/infoelnuevonorte.com\/index.php?rest_route=\/wp\/v2\/users\/1"}],"replies":[{"embeddable":true,"href":"https:\/\/infoelnuevonorte.com\/index.php?rest_route=%2Fwp%2Fv2%2Fcomments&post=99969"}],"version-history":[{"count":1,"href":"https:\/\/infoelnuevonorte.com\/index.php?rest_route=\/wp\/v2\/posts\/99969\/revisions"}],"predecessor-version":[{"id":99973,"href":"https:\/\/infoelnuevonorte.com\/index.php?rest_route=\/wp\/v2\/posts\/99969\/revisions\/99973"}],"wp:attachment":[{"href":"https:\/\/infoelnuevonorte.com\/index.php?rest_route=%2Fwp%2Fv2%2Fmedia&parent=99969"}],"wp:term":[{"taxonomy":"category","embeddable":true,"href":"https:\/\/infoelnuevonorte.com\/index.php?rest_route=%2Fwp%2Fv2%2Fcategories&post=99969"},{"taxonomy":"post_tag","embeddable":true,"href":"https:\/\/infoelnuevonorte.com\/index.php?rest_route=%2Fwp%2Fv2%2Ftags&post=99969"}],"curies":[{"name":"wp","href":"https:\/\/api.w.org\/{rel}","templated":true}]}}